{"id":5632,"date":"2021-03-10T16:13:51","date_gmt":"2021-03-10T13:13:51","guid":{"rendered":"https:\/\/www.greenpeace.org\/romania\/?p=5632"},"modified":"2026-04-02T14:16:32","modified_gmt":"2026-04-02T11:16:32","slug":"breaking-comisia-europeana-publica-decizia-integrala-de-incepere-a-investigatiei-planului-de-restructurare-a-complexului-energetic-oltenia-ce-risca-ceo","status":"publish","type":"post","link":"https:\/\/www.greenpeace.org\/romania\/articol\/5632\/breaking-comisia-europeana-publica-decizia-integrala-de-incepere-a-investigatiei-planului-de-restructurare-a-complexului-energetic-oltenia-ce-risca-ceo\/","title":{"rendered":"BREAKING: Comisia European\u0103 public\u0103 decizia integral\u0103 de \u00eencepere a investiga\u021biei planului de restructurare a Complexului Energetic Oltenia. Ce risc\u0103 CEO?"},"content":{"rendered":"\n<p><strong>Comisia European\u0103 a publicat <\/strong><a href=\"https:\/\/ec.europa.eu\/competition\/elojade\/isef\/case_details.cfm?proc_code=3_SA_59974\"><strong>documentul<\/strong><\/a><strong> integral prin care ini\u021biaz\u0103 investiga\u021bia aprofundat\u0103 a ajutorului de stat pe care statul rom\u00e2n inten\u021bioneaz\u0103 s\u0103 \u00eel acorde Complexului Energetic Oltenia (CEO). A\u0219a cum a fost comunicat anterior, Comisia are \u00eendoieli cu privire la conformitatea Planului de restructurare \u0219i a schemei de suport cu termenii din Ghidul privind ajutoarele de salvare \u0219i restructurare. CEO risc\u0103 plata unor penalit\u0103\u021bi de aproape un miliard de euro dac\u0103 planul nu este modificat \u0219i apoi, aprobat de Comisie p\u00e2n\u0103 la finalul lunii aprilie.<\/strong><\/p>\n\n<p><em>\u201eMotivele expuse \u00een decizia de \u00eencepere a investiga\u021biei planului de restructurare al C.E.O. <\/em><a href=\"https:\/\/www.greenpeace.org\/romania\/articol\/5577\/ajutorul-de-stat-pentru-ceo-sub-semnul-intrebarii-e-guvernul-romaniei-pregatit-pentru-consecinte\/\"><em>confirm\u0103 temerile noastre<\/em><\/a><em> c\u0103 Ministerul Energiei nu \u00een\u021belege, nici \u00een al XII-lea ceas, c\u0103 energia produs\u0103 pe baz\u0103 de c\u0103rbune nu are viitor, c\u0103 este scump\u0103 \u0219i poluatoare, c\u0103 nu este viabil\u0103 din punct de vedere economic.&nbsp;&nbsp;<\/em><\/p>\n\n<p><em>Guvernul trebuie s\u0103 se concentreze pe sprijinirea oamenilor din Gorj \u0219i pe solu\u021bii. C\u00e2te semnale mai trebuie s\u0103 primeasc\u0103 ministrul Energiei, domnul Virgil Popescu, \u0219i din partea cui, pentru a \u00een\u021belege c\u0103 e nevoie de un plan clar pentru eliminarea c\u0103rbunelui \u0219i \u00eenlocuirea acestuia cu noi capacit\u0103\u021bi de energie regenerabil\u0103, c\u0103 este nevoie de un plan care s\u0103 ofere protec\u021bie social\u0103 \u0219i alternative economice oamenilor care \u00ee\u0219i vor pierde locurile de munc\u0103?\u201d <\/em>spune Vlad C\u0103tun\u0103, campaigner la Greenpeace Rom\u00e2nia.<\/p>\n\n<p>\u00cen urma public\u0103rii deciziei, \u00een termen de o lun\u0103 de la data primirii documentului de c\u0103tre autorit\u0103\u021bile rom\u00e2ne, Rom\u00e2nia trebuie s\u0103 \u00ee\u0219i prezinte observa\u021biile \u0219i s\u0103 furnizeze toate informa\u021biile care ar putea contribui la evaluarea ajutorului de restructurare care face obiectul prezentei proceduri. Toate p\u0103r\u021bile interesate vor fi invitate s\u0103 \u00ee\u0219i prezinte observa\u021biile \u00een termen de o lun\u0103 de la data public\u0103rii deciziei \u00een Jurnalul Oficial al Uniunii Europene.&nbsp;<\/p>\n\n<p><strong>Ce risc\u0103 CEO dac\u0103 nu prime\u0219te o decizie favorabil\u0103 la timp?<\/strong><\/p>\n\n<p>P\u00e2n\u0103 la sf\u00e2r\u0219itul lunii aprilie, CEO trebuie s\u0103 achizi\u021bioneze certificatele de emisii de gaze cu efect de ser\u0103 corespunz\u0103toare anului 2020. Dac\u0103 nu va ob\u021bine acordul Comisiei Europene pentru plata ajutorului de stat, se va aplica o penalitate de 100 euro\/ton\u0103 de CO2 pentru nerespectarea obliga\u021biei de achizi\u021bie a certificatelor.&nbsp;<\/p>\n\n<p>Conform informa\u021biilor puse la dispozi\u021bie de CEO \u00een planul de decarbonare, pentru anul 2020 emisiile companiei totalizeaz\u0103 peste 7 Mt CO2. La cota\u021bia actual\u0103 a certificatelor, suma pe care compania trebuie s\u0103 o pl\u0103teasc\u0103 va dep\u0103\u0219i <strong>266 de milioane de euro<\/strong>.&nbsp;<\/p>\n\n<p>\u00cen cazul \u00een care CEO nu va reu\u0219i s\u0103 cumpere certificatele de emisii p\u00e2n\u0103 la finalul lunii aprilie, suma total\u0103 de plat\u0103, incluz\u00e2nd penalit\u0103\u021bile, va fi de <strong>966 milioane de euro<\/strong> doar pentru emisiile din 2020. Sumele nepl\u0103tite se vor reporta \u00een anul urm\u0103tor.<\/p>\n\n<figure class=\"wp-block-image size-large  caption-style-medium caption-alignment-center\"><img loading=\"lazy\" decoding=\"async\" width=\"602\" height=\"284\" src=\"https:\/\/www.greenpeace.org\/static\/planet4-romania-stateless\/2021\/03\/3bfada49-ceo.jpg\" alt=\"\" class=\"wp-image-5633\" srcset=\"https:\/\/www.greenpeace.org\/static\/planet4-romania-stateless\/2021\/03\/3bfada49-ceo.jpg 602w, https:\/\/www.greenpeace.org\/static\/planet4-romania-stateless\/2021\/03\/3bfada49-ceo-300x142.jpg 300w, https:\/\/www.greenpeace.org\/static\/planet4-romania-stateless\/2021\/03\/3bfada49-ceo-510x241.jpg 510w\" sizes=\"auto, (max-width: 602px) 100vw, 602px\" \/><\/figure>\n\n<p><strong>Sursa: <\/strong><a href=\"https:\/\/www.greenpeace.org\/romania\/articol\/5271\/complexul-energetic-oltenia-incearca-vigilenta-comisiei-europene-cere-peste-1-miliard-de-euro-pentru-a-se-restructura-si-decarbona-dar-isi-creste-considerabil-emisiile-de-co2-in-urmatorii-10-ani\/\"><strong>analiz\u0103 Greenpeace<\/strong><\/a><strong> a planului de restructurare \u0219i decarbonare al CEO<\/strong><\/p>\n\n<p><\/p>\n","protected":false},"excerpt":{"rendered":"<p>Comisia European\u0103 a publicat documentul integral prin care ini\u021biaz\u0103 investiga\u021bia aprofundat\u0103 a ajutorului de stat pe care statul rom\u00e2n inten\u021bioneaz\u0103 s\u0103 \u00eel acorde Complexului Energetic Oltenia (CEO). A\u0219a cum a&hellip;<\/p>\n","protected":false},"author":34,"featured_media":5633,"comment_status":"open","ping_status":"closed","sticky":false,"template":"","format":"standard","meta":{"ep_exclude_from_search":false,"p4_og_title":"","p4_og_description":"","p4_og_image":"","p4_og_image_id":"","p4_seo_canonical_url":"","p4_campaign_name":"not set","p4_local_project":"not set","p4_basket_name":"not set","p4_department":"","footnotes":""},"categories":[2],"tags":[35,73,131],"p4-page-type":[],"class_list":["post-5632","post","type-post","status-publish","format-standard","has-post-thumbnail","hentry","category-clima-si-energie","tag-poluare","tag-tranzitie-justa-1","tag-combustibili-fosili"],"_links":{"self":[{"href":"https:\/\/www.greenpeace.org\/romania\/wp-json\/wp\/v2\/posts\/5632","targetHints":{"allow":["GET"]}}],"collection":[{"href":"https:\/\/www.greenpeace.org\/romania\/wp-json\/wp\/v2\/posts"}],"about":[{"href":"https:\/\/www.greenpeace.org\/romania\/wp-json\/wp\/v2\/types\/post"}],"author":[{"embeddable":true,"href":"https:\/\/www.greenpeace.org\/romania\/wp-json\/wp\/v2\/users\/34"}],"replies":[{"embeddable":true,"href":"https:\/\/www.greenpeace.org\/romania\/wp-json\/wp\/v2\/comments?post=5632"}],"version-history":[{"count":2,"href":"https:\/\/www.greenpeace.org\/romania\/wp-json\/wp\/v2\/posts\/5632\/revisions"}],"predecessor-version":[{"id":5635,"href":"https:\/\/www.greenpeace.org\/romania\/wp-json\/wp\/v2\/posts\/5632\/revisions\/5635"}],"wp:featuredmedia":[{"embeddable":true,"href":"https:\/\/www.greenpeace.org\/romania\/wp-json\/wp\/v2\/media\/5633"}],"wp:attachment":[{"href":"https:\/\/www.greenpeace.org\/romania\/wp-json\/wp\/v2\/media?parent=5632"}],"wp:term":[{"taxonomy":"category","embeddable":true,"href":"https:\/\/www.greenpeace.org\/romania\/wp-json\/wp\/v2\/categories?post=5632"},{"taxonomy":"post_tag","embeddable":true,"href":"https:\/\/www.greenpeace.org\/romania\/wp-json\/wp\/v2\/tags?post=5632"},{"taxonomy":"p4-page-type","embeddable":true,"href":"https:\/\/www.greenpeace.org\/romania\/wp-json\/wp\/v2\/p4-page-type?post=5632"}],"curies":[{"name":"wp","href":"https:\/\/api.w.org\/{rel}","templated":true}]}}