{"id":5676,"date":"2021-03-24T14:04:36","date_gmt":"2021-03-24T11:04:36","guid":{"rendered":"https:\/\/www.greenpeace.org\/romania\/?p=5676"},"modified":"2021-03-25T17:41:57","modified_gmt":"2021-03-25T14:41:57","slug":"poti-schimba-ceva-chiar-azi-pentru-un-viitor-verde","status":"publish","type":"post","link":"https:\/\/www.greenpeace.org\/romania\/articol\/5676\/poti-schimba-ceva-chiar-azi-pentru-un-viitor-verde\/","title":{"rendered":"Po\u021bi schimba ceva chiar azi pentru un viitor verde!"},"content":{"rendered":"\n<div class=\"wp-block-image caption-style-medium caption-alignment-center\"><figure class=\"aligncenter size-large\"><img loading=\"lazy\" decoding=\"async\" width=\"1024\" height=\"390\" src=\"https:\/\/www.greenpeace.org\/static\/planet4-romania-stateless\/2021\/03\/dddbc6d8-fb_artboard-2-1024x390.jpg\" alt=\"\" class=\"wp-image-5690\" srcset=\"https:\/\/www.greenpeace.org\/static\/planet4-romania-stateless\/2021\/03\/dddbc6d8-fb_artboard-2-1024x390.jpg 1024w, https:\/\/www.greenpeace.org\/static\/planet4-romania-stateless\/2021\/03\/dddbc6d8-fb_artboard-2-300x114.jpg 300w, https:\/\/www.greenpeace.org\/static\/planet4-romania-stateless\/2021\/03\/dddbc6d8-fb_artboard-2-768x292.jpg 768w, https:\/\/www.greenpeace.org\/static\/planet4-romania-stateless\/2021\/03\/dddbc6d8-fb_artboard-2-1536x584.jpg 1536w, https:\/\/www.greenpeace.org\/static\/planet4-romania-stateless\/2021\/03\/dddbc6d8-fb_artboard-2-2048x779.jpg 2048w, https:\/\/www.greenpeace.org\/static\/planet4-romania-stateless\/2021\/03\/dddbc6d8-fb_artboard-2-510x194.jpg 510w\" sizes=\"auto, (max-width: 1024px) 100vw, 1024px\" \/><\/figure><\/div>\n\n<p>\u00cen aceste zile, Rom\u00e2nia are \u0219ansa unic\u0103 de a ob\u021bine sute de milioane de euro pentru a reduce considerabil poluarea \u0219i pentru a prioritiza energia verde. Pentru asta, \u00eens\u0103, e nevoie de un plan real de eliminare a c\u0103rbunelui, care s\u0103 con\u021bin\u0103 m\u0103suri de \u00eenlocuire a acestuia cu noi capacit\u0103\u021bi pe energie regenerabil\u0103 \u0219i care s\u0103 asigure locuri de munc\u0103 decente pentru oamenii care lucreaz\u0103 acum \u00een industria mineritului.<\/p>\n\n<p><strong>Problema?<\/strong> <strong>Acest plan lipse\u0219te \u00een continuare, iar Ministerul Energiei e ancorat \u00een trecut.<\/strong> \u00cen acest moment, negociaz\u0103 cu Comisia European\u0103 un a\u0219a-zis plan de decarbonare a Complexului Energetic Oltenia (CEO) &#8211; principalul produc\u0103tor de energie pe c\u0103rbune din Rom\u00e2nia. Din p\u0103cate, acest plan este total gre\u0219it: va cre\u0219te emisiile, va accentua efectele schimb\u0103rilor climatice, va genera mai mult\u0103 poluare \u0219i mai mul\u021bi factori de risc pentru s\u0103n\u0103tate, <strong>va cheltui inutil miliarde de euro din buzunarele noastre, ale tuturor.<\/strong><\/p>\n\n<p>Exist\u0103 fonduri europene consistente care ne pot ajuta s\u0103 cre\u0103m condi\u021bii pentru tranzi\u021bia la energia verde \u0219i pentru dezvoltarea comunit\u0103\u021bilor afectate, precum Gorj \u0219i Valea Jiului. <strong>\u00cei cerem Ministrului Energiei, Virgil Popescu, s\u0103 le acceseze, s\u0103 nu mai cheltuiasc\u0103 banii no\u0219tri pentru poluare \u0219i s\u0103 prioritizeze o tranzi\u021bie s\u0103n\u0103toas\u0103, cu grij\u0103 fa\u021b\u0103 de oameni \u0219i mediu.<\/strong><\/p>\n\n<div class=\"wp-block-image caption-style-medium caption-alignment-center\"><figure class=\"aligncenter size-large is-resized\"><a href=\"https:\/\/act.greenpeace.org\/page\/78671\/action\/1\"><img loading=\"lazy\" decoding=\"async\" src=\"https:\/\/www.greenpeace.org\/static\/planet4-romania-stateless\/2021\/03\/1eeb9d23-1.png\" alt=\"\" class=\"wp-image-5687\" width=\"630\" height=\"170\" srcset=\"https:\/\/www.greenpeace.org\/static\/planet4-romania-stateless\/2021\/03\/1eeb9d23-1.png 810w, https:\/\/www.greenpeace.org\/static\/planet4-romania-stateless\/2021\/03\/1eeb9d23-1-300x81.png 300w, https:\/\/www.greenpeace.org\/static\/planet4-romania-stateless\/2021\/03\/1eeb9d23-1-768x207.png 768w, https:\/\/www.greenpeace.org\/static\/planet4-romania-stateless\/2021\/03\/1eeb9d23-1-510x137.png 510w\" sizes=\"auto, (max-width: 630px) 100vw, 630px\" \/><\/a><\/figure><\/div>\n\n<p>Trebuie s\u0103 l\u0103s\u0103m \u00een urm\u0103 combustibilii fosili c\u00e2t mai repede \u0219i s\u0103 ne producem energia din surse regenerabile, curate. Iar aceast\u0103 schimbare pe care ne-o dorim are nevoie de o strategie clar\u0103, cu obiective ambi\u021bioase, \u00een care vocile cet\u0103\u021benilor sunt ascultate \u0219i conteaz\u0103.<\/p>\n\n<p class=\"has-text-align-center\"><strong>E important s\u0103 ne mobiliz\u0103m \u00een num\u0103r c\u00e2t mai mare!<\/strong> <strong>Ajut\u0103-ne s\u0103 fim o voce mai puternic\u0103!<\/strong> <\/p>\n\n<p class=\"has-text-align-center\"><strong>Spune al\u0103turi de noi c\u0103 vrei un viitor mai curat, f\u0103r\u0103 c\u0103rbune!<\/strong><\/p>\n\n<p class=\"has-text-align-center has-green-500-background-color has-background\"><strong><a href=\"https:\/\/act.greenpeace.org\/page\/78671\/action\/1\">Semneaz\u0103 acum pentru reducerea polu\u0103rii cauzate de combustibilii fosili!<\/a><\/strong><\/p>\n\n<p><\/p>\n","protected":false},"excerpt":{"rendered":"<p>Cere \u0219i tu Ministrului Energiei, Virgil Popescu, s\u0103 acceseze fondurile europene disponibile pentru tranzi\u021bia la energie verde \u0219i pentru prosperitatea zonelor miniere!<\/p>\n","protected":false},"author":34,"featured_media":5697,"comment_status":"open","ping_status":"closed","sticky":false,"template":"","format":"standard","meta":{"ep_exclude_from_search":false,"p4_og_title":"","p4_og_description":"","p4_og_image":"","p4_og_image_id":"","p4_seo_canonical_url":"","p4_campaign_name":"not set","p4_local_project":"not set","p4_basket_name":"not set","p4_department":"","footnotes":""},"categories":[2,31],"tags":[7,35],"p4-page-type":[],"class_list":["post-5676","post","type-post","status-publish","format-standard","has-post-thumbnail","hentry","category-clima-si-energie","category-greenpeace","tag-energie-regenerabila","tag-poluare"],"_links":{"self":[{"href":"https:\/\/www.greenpeace.org\/romania\/wp-json\/wp\/v2\/posts\/5676","targetHints":{"allow":["GET"]}}],"collection":[{"href":"https:\/\/www.greenpeace.org\/romania\/wp-json\/wp\/v2\/posts"}],"about":[{"href":"https:\/\/www.greenpeace.org\/romania\/wp-json\/wp\/v2\/types\/post"}],"author":[{"embeddable":true,"href":"https:\/\/www.greenpeace.org\/romania\/wp-json\/wp\/v2\/users\/34"}],"replies":[{"embeddable":true,"href":"https:\/\/www.greenpeace.org\/romania\/wp-json\/wp\/v2\/comments?post=5676"}],"version-history":[{"count":5,"href":"https:\/\/www.greenpeace.org\/romania\/wp-json\/wp\/v2\/posts\/5676\/revisions"}],"predecessor-version":[{"id":5698,"href":"https:\/\/www.greenpeace.org\/romania\/wp-json\/wp\/v2\/posts\/5676\/revisions\/5698"}],"wp:featuredmedia":[{"embeddable":true,"href":"https:\/\/www.greenpeace.org\/romania\/wp-json\/wp\/v2\/media\/5697"}],"wp:attachment":[{"href":"https:\/\/www.greenpeace.org\/romania\/wp-json\/wp\/v2\/media?parent=5676"}],"wp:term":[{"taxonomy":"category","embeddable":true,"href":"https:\/\/www.greenpeace.org\/romania\/wp-json\/wp\/v2\/categories?post=5676"},{"taxonomy":"post_tag","embeddable":true,"href":"https:\/\/www.greenpeace.org\/romania\/wp-json\/wp\/v2\/tags?post=5676"},{"taxonomy":"p4-page-type","embeddable":true,"href":"https:\/\/www.greenpeace.org\/romania\/wp-json\/wp\/v2\/p4-page-type?post=5676"}],"curies":[{"name":"wp","href":"https:\/\/api.w.org\/{rel}","templated":true}]}}