{"id":5865,"date":"2021-04-14T13:16:14","date_gmt":"2021-04-14T10:16:14","guid":{"rendered":"https:\/\/www.greenpeace.org\/romania\/?p=5865"},"modified":"2026-04-02T13:00:55","modified_gmt":"2026-04-02T10:00:55","slug":"drept-la-replica-greenpeace-pentru-ministrul-energiei-domnul-virgil-popescu","status":"publish","type":"post","link":"https:\/\/www.greenpeace.org\/romania\/articol\/5865\/drept-la-replica-greenpeace-pentru-ministrul-energiei-domnul-virgil-popescu\/","title":{"rendered":"Drept la replic\u0103 Greenpeace pentru Ministrul Energiei, domnul Virgil Popescu"},"content":{"rendered":"\n<div class=\"wp-block-image\"><figure class=\"aligncenter size-large is-resized\"><img loading=\"lazy\" decoding=\"async\" src=\"https:\/\/www.greenpeace.org\/static\/planet4-romania-stateless\/2021\/04\/e79ce6ac-2-1024x684.jpg\" alt=\"\" class=\"wp-image-5869\" width=\"725\" height=\"484\" srcset=\"https:\/\/www.greenpeace.org\/static\/planet4-romania-stateless\/2021\/04\/e79ce6ac-2-1024x684.jpg 1024w, https:\/\/www.greenpeace.org\/static\/planet4-romania-stateless\/2021\/04\/e79ce6ac-2-300x200.jpg 300w, https:\/\/www.greenpeace.org\/static\/planet4-romania-stateless\/2021\/04\/e79ce6ac-2-768x513.jpg 768w, https:\/\/www.greenpeace.org\/static\/planet4-romania-stateless\/2021\/04\/e79ce6ac-2-1536x1026.jpg 1536w, https:\/\/www.greenpeace.org\/static\/planet4-romania-stateless\/2021\/04\/e79ce6ac-2-510x340.jpg 510w, https:\/\/www.greenpeace.org\/static\/planet4-romania-stateless\/2021\/04\/e79ce6ac-2.jpg 1600w\" sizes=\"auto, (max-width: 725px) 100vw, 725px\" \/><\/figure><\/div>\n\n<p>Ca urmare a post\u0103rii Ministrului Energiei, domnul Virgil Popescu, pe <a rel=\"noreferrer noopener\" href=\"https:\/\/www.facebook.com\/VirgilDPopescu\/posts\/2840938139478588\" target=\"_blank\">facebook<\/a>, din data de 13 aprilie 2021, venim cu urm\u0103torul drept la replic\u0103:<br><br><br>Domnule ministru, ne exprim\u0103m consternarea c\u0103 un ministru european, \u00een secolul 21, pl\u0103tit din bani publici, deci din buzunarele tuturor rom\u00e2nilor, a\u0219teapt\u0103 solu\u021bii de la societatea civil\u0103 pentru a-\u0219i executa mandatul. Rolul dumneavoastr\u0103 care mai este, \u00een aceste condi\u021bii? Ave\u021bi responsabilitatea de a g\u0103si solu\u021bii pentru probleme cet\u0103\u021benilor \u0219i a le reprezenta c\u00e2t se poate de atent interesele. A\u0219adar, care sunt m\u0103surile concrete pe care le propune\u021bi pentru a asigura \u00een zonele miniere o tranzi\u021bie just\u0103, care s\u0103 ofere acestor comunit\u0103\u021bi \u0219ansa unei vie\u021bi decente? Declinul \u0219i lipsa de rentabilitate a c\u0103rbunelui nu sunt nout\u0103\u021bi, de aceea am dori s\u0103 afl\u0103m care este viziunea dumneavoastr\u0103 pentru aceast\u0103 problem\u0103, \u00een afar\u0103 de a arunca, de ani buni, banii no\u0219tri pe poluare, \u00eentr-o industrie moart\u0103, care asigur\u0103 doar 20% din necesarul energetic \u0219i \u021bine captive comunit\u0103\u021bile miniere \u00een s\u0103r\u0103cie. \u00cenainte de ac\u021biunea noastr\u0103 din fa\u021ba ministerului pe care \u00eel conduce\u021bi, \u00eempreun\u0103 cu 5000 de oameni, <a rel=\"noreferrer noopener\" href=\"https:\/\/act.greenpeace.org\/page\/78671\/action\/1\" target=\"_blank\">v-am propus c\u00e2teva solu\u021bii<\/a>. V-am transmis aceste direc\u021bii de ac\u021biune acum c\u00e2teva s\u0103pt\u0103m\u00e2ni \u0219i, p\u00e2n\u0103 acum, nu am primit niciun r\u0103spuns din partea dvs.\u00a0 \u00cen aproape toate \u021b\u0103rile din Uniunea European\u0103, problema renun\u021b\u0103rii la c\u0103rbune este tratat\u0103 cu seriozitate, iar omologii dvs., \u00eempreun\u0103 cu autorit\u0103\u021bile centrale, lucreaz\u0103 la planuri realiste pentru eliminarea c\u0103rbunelui din mixul energetic, \u00eenlocuirea acestuia cu noi capacit\u0103\u021bi de energie regenerabil\u0103 \u0219i, bine\u00een\u021beles, caut\u0103 solu\u021bii \u0219i acceseaz\u0103 finan\u021b\u0103ri europene pentru diversificarea economic\u0103 a regiunilor miniere, adic\u0103 locuri de munc\u0103 pentru comunit\u0103\u021bile afectate. Dvs. ce face\u021bi? Are Rom\u00e2nia un plan de renun\u021bare la c\u0103rbune? Are o strategie pentru accesarea finan\u021b\u0103rilor europene disponibile? Ce viziune ave\u021bi pentru sus\u021binerea energiei regenerabile? P\u00e2n\u0103 acum a\u021bi tratat cu maxim\u0103 iresponsabilitate situa\u021bia Complexul Energetic Oltenia, periclit\u00e2nd \u0219ansele companiei de a se reorganiza cu adev\u0103rat \u0219i de a proteja \u00een mod real oamenii afecta\u021bi.<\/p>\n\n<p class=\"has-text-align-center has-yellow-background-color has-background\"><a href=\"https:\/\/www.youtube.com\/watch?v=mNtrbMiuM2A\">Video ac\u021biune Greenpeace Rom\u00e2nia \u00een fa\u021ba Ministerului Energiei<\/a> -13 aprilie, 2021.<\/p>\n","protected":false},"excerpt":{"rendered":"<p>Domnule ministru, are Rom\u00e2nia un plan de renun\u021bare la c\u0103rbune? Are o strategie pentru accesarea finan\u021b\u0103rilor europene disponibile? Ce viziune ave\u021bi pentru sus\u021binerea energiei regenerabile? P\u00e2n\u0103 acum a\u021bi tratat cu maxim\u0103 iresponsabilitate situa\u021bia Complexul Energetic Oltenia, periclit\u00e2nd \u0219ansele companiei de a se reorganiza cu adev\u0103rat \u0219i de a proteja \u00een mod real oamenii afecta\u021bi.<\/p>\n","protected":false},"author":34,"featured_media":5858,"comment_status":"open","ping_status":"closed","sticky":false,"template":"","format":"standard","meta":{"ep_exclude_from_search":false,"p4_og_title":"","p4_og_description":"","p4_og_image":"","p4_og_image_id":"","p4_seo_canonical_url":"","p4_campaign_name":"not set","p4_local_project":"not set","p4_basket_name":"not set","p4_department":"","footnotes":""},"categories":[2,31],"tags":[7,35,73,131],"p4-page-type":[],"class_list":["post-5865","post","type-post","status-publish","format-standard","has-post-thumbnail","hentry","category-clima-si-energie","category-greenpeace","tag-energie-regenerabila","tag-poluare","tag-tranzitie-justa-1","tag-combustibili-fosili"],"_links":{"self":[{"href":"https:\/\/www.greenpeace.org\/romania\/wp-json\/wp\/v2\/posts\/5865","targetHints":{"allow":["GET"]}}],"collection":[{"href":"https:\/\/www.greenpeace.org\/romania\/wp-json\/wp\/v2\/posts"}],"about":[{"href":"https:\/\/www.greenpeace.org\/romania\/wp-json\/wp\/v2\/types\/post"}],"author":[{"embeddable":true,"href":"https:\/\/www.greenpeace.org\/romania\/wp-json\/wp\/v2\/users\/34"}],"replies":[{"embeddable":true,"href":"https:\/\/www.greenpeace.org\/romania\/wp-json\/wp\/v2\/comments?post=5865"}],"version-history":[{"count":8,"href":"https:\/\/www.greenpeace.org\/romania\/wp-json\/wp\/v2\/posts\/5865\/revisions"}],"predecessor-version":[{"id":5877,"href":"https:\/\/www.greenpeace.org\/romania\/wp-json\/wp\/v2\/posts\/5865\/revisions\/5877"}],"wp:featuredmedia":[{"embeddable":true,"href":"https:\/\/www.greenpeace.org\/romania\/wp-json\/wp\/v2\/media\/5858"}],"wp:attachment":[{"href":"https:\/\/www.greenpeace.org\/romania\/wp-json\/wp\/v2\/media?parent=5865"}],"wp:term":[{"taxonomy":"category","embeddable":true,"href":"https:\/\/www.greenpeace.org\/romania\/wp-json\/wp\/v2\/categories?post=5865"},{"taxonomy":"post_tag","embeddable":true,"href":"https:\/\/www.greenpeace.org\/romania\/wp-json\/wp\/v2\/tags?post=5865"},{"taxonomy":"p4-page-type","embeddable":true,"href":"https:\/\/www.greenpeace.org\/romania\/wp-json\/wp\/v2\/p4-page-type?post=5865"}],"curies":[{"name":"wp","href":"https:\/\/api.w.org\/{rel}","templated":true}]}}