{"id":5955,"date":"2021-05-27T10:55:53","date_gmt":"2021-05-27T07:55:53","guid":{"rendered":"https:\/\/www.greenpeace.org\/romania\/?p=5955"},"modified":"2021-05-28T14:12:26","modified_gmt":"2021-05-28T11:12:26","slug":"prosumatorii-abandonati-si-de-actualul-guvern-pretul-pentru-energia-produsa-de-acestia-ramane-derizoriu","status":"publish","type":"post","link":"https:\/\/www.greenpeace.org\/romania\/articol\/5955\/prosumatorii-abandonati-si-de-actualul-guvern-pretul-pentru-energia-produsa-de-acestia-ramane-derizoriu\/","title":{"rendered":"Prosumatorii, abandona\u021bi (\u0219i) de actualul guvern: pre\u021bul pentru energia produs\u0103 de ace\u0219tia r\u0103m\u00e2ne derizoriu."},"content":{"rendered":"\n<p><strong>Bucure\u0219ti, 27 mai 2021<\/strong><\/p>\n\n<p class=\"has-grey-900-color has-text-color\"><strong>Dup\u0103 e\u0219ecul r\u0103sun\u0103tor al programului Casa Verde Fotovoltaice, actualul guvern a l\u0103sat s\u0103 se \u00eentrez\u0103reasc\u0103 \u00een propriul <a href=\"https:\/\/gov.ro\/ro\/obiective\/programul-de-guvernare-2020-2024\">program de guvernare<\/a> o urm\u0103 de speran\u021b\u0103 pentru prosumatori. Coali\u021bia format\u0103 de PNL, USR-PLUS \u0219i UDMR afirma la finalul anului trecut c\u0103, pentru noul Guvern, e foarte important\u0103 \u201eacordarea unui loc central (&#8230;) prosumatorilor de energie\u201d. Ce anume s-a concretizat din aceast\u0103 promisiune 6 luni mai t\u00e2rziu?&nbsp;<\/strong><\/p>\n\n<p>Cet\u0103\u021benii care vor s\u0103 \u00ee\u0219i produc\u0103 singuri energia din surse curate &#8211; denumi\u021bi prin lege, <strong>prosumatori<\/strong> &#8211; sunt \u00eenc\u0103 \u00een impas. Pia\u021ba de profil e \u00een continuare sub efectul paraliziei produse de <a href=\"https:\/\/www.afm.ro\/sisteme_fotovoltaice.php\">programul de finan\u021bare<\/a> al Administra\u021biei Fondului pentru Mediu (AFM). Anun\u021bat acum 3 ani, programul AFM a produs rezultate neconcludente: <strong>mai pu\u021bin de 1.000 de sisteme fotovoltaice finan\u021bate din cele 26.000 anun\u021bate \u0219i peste 10.000 de aplican\u021bi respin\u0219i eronat<\/strong>. Mai mult, a fost compromis conceptul de \u201eprosumator\u201d, care e acum legat, din p\u0103cate, de incapacitatea administrativ\u0103 a unei institu\u021bii a statului.<\/p>\n\n<p>Faptul c\u0103 noul guvern se angaja acum jum\u0103tate de an s\u0103 fac\u0103 o reevaluare a acestei situa\u021bii a fost \u00eembucur\u0103tor. \u00cen programul de guvernare, executivul \u0219i-a asumat un obiectiv f\u0103r\u0103 echivoc:&nbsp; \u201e<em><u>promovarea \u0219i facilitarea calit\u0103\u021bii de prosumator<\/u>, iar \u00een cazul energiei electrice produs\u0103 de c\u0103tre prosumatori, <u>vom sus\u021bine compensarea cantitativ\u0103 a energiei livrat\u0103 \u00een sistemul na\u021bional de distribu\u021bie<\/u><\/em>\u201d.<\/p>\n\n<p>Simplific\u00e2nd, guvernul a promis s\u0103 u\u0219ureze calea birocratic\u0103 de la simplu consumator de energie la prosumator, oferind \u00een acela\u0219i timp un stimulent pentru cei care vor livra excedentul de energie verde produs\u0103 \u00een re\u021bea. Cum? Prin posibilitatea de \u201ea primi \u00eenapoi\u201d energia livrat\u0103 \u00een re\u021bea, atunci c\u00e2nd prosumatorii au nevoie de ea. Practic, prin aceast\u0103 m\u0103sur\u0103, guvernul ar valoriza mai mult energia produs\u0103 de cet\u0103\u021beni, echival\u00e2ndu-i pre\u021bul cu cel pe care ace\u0219tia \u00eel pl\u0103tesc atunci c\u00e2nd cump\u0103r\u0103 energia de la furnizor.<\/p>\n\n<p>\u00cen prezent, <a href=\"https:\/\/www.anre.ro\/ro\/legislatie\/prosumatori\/preturile-aplicabile-la-comercializarea-energiei-electrice-produse-de-catre-prosumatori-detinatori-de-centrale-electrice-cu-putere-instalata-de-cel-mult-100-kw&amp;page=1\">pre\u021bul reglementat prin lege<\/a>, oferit prosumatorilor pentru energia livrat\u0103 \u00een re\u021bea, este de 19 bani, adic\u0103 de 3 sau chiar de 4 ori mai mic dec\u00e2t pre\u021bul de achizi\u021bie de la furnizor. Pentru c\u0103 programul de finan\u021bare al Administra\u021biei Fondului pentru Mediu nu \u0219i-a atins obiectivul de a sprijini cet\u0103\u021benii s\u0103-\u0219i produc\u0103 singuri energia, cei care doresc s\u0103-\u0219i monteze sisteme fotovoltaice trebuie s\u0103 o fac\u0103 din fonduri proprii. Investi\u021bia este \u00eens\u0103 dezavantajoas\u0103 \u0219i descurajant\u0103, tocmai din cauza acestei mari discrepan\u021be de pre\u021b. \u00cen medie, amortizarea unui sistem fotovoltaic, f\u0103r\u0103 sprijinul financiar de la AFM (care a ajuns doar la un num\u0103r nesemnificativ de cet\u0103\u021beni), dureaz\u0103 aproximativ 15 ani.<\/p>\n\n<div class=\"wp-block-image\"><figure class=\"aligncenter size-large is-resized\"><img loading=\"lazy\" decoding=\"async\" src=\"https:\/\/www.greenpeace.org\/static\/planet4-romania-stateless\/2021\/05\/46459be4-grafica-comunicat-compensare-cantitativa-1024x858.png\" alt=\"\" class=\"wp-image-5956\" width=\"709\" height=\"594\" srcset=\"https:\/\/www.greenpeace.org\/static\/planet4-romania-stateless\/2021\/05\/46459be4-grafica-comunicat-compensare-cantitativa-1024x858.png 1024w, https:\/\/www.greenpeace.org\/static\/planet4-romania-stateless\/2021\/05\/46459be4-grafica-comunicat-compensare-cantitativa-300x251.png 300w, https:\/\/www.greenpeace.org\/static\/planet4-romania-stateless\/2021\/05\/46459be4-grafica-comunicat-compensare-cantitativa-768x644.png 768w, https:\/\/www.greenpeace.org\/static\/planet4-romania-stateless\/2021\/05\/46459be4-grafica-comunicat-compensare-cantitativa-406x340.png 406w, https:\/\/www.greenpeace.org\/static\/planet4-romania-stateless\/2021\/05\/46459be4-grafica-comunicat-compensare-cantitativa.png 1410w\" sizes=\"auto, (max-width: 709px) 100vw, 709px\" \/><\/figure><\/div>\n\n<p>\u201e<em>Compensarea cantitativ\u0103, vehiculat\u0103 de guvern, poate fi o rezolvare pentru a \u00eencuraja apari\u021bia prosumatorilor la scar\u0103 mare.<\/em><\/p>\n\n<p><em>Pe termen lung, autorit\u0103\u021bile trebuie s\u0103 g\u0103seasc\u0103 solu\u021bii echilibrate din punctul de vedere al partaj\u0103rii costurilor totale ale sistemului energetic. Evident, trebuie s\u0103 fie luat\u0103 \u00een calcul valoarea energiei curate produse de cet\u0103\u021beni pentru re\u021bea, mediu \u0219i societate. O idee ar fi ca guvernul s\u0103 se uite \u0219i \u00een direc\u021bia unor facilit\u0103\u021bi fiscale mai consistente pentru prosumatori.<\/em><\/p>\n\n<p><em>Ceea ce au clarificat programele de finan\u021bare propuse de statul rom\u00e2n p\u00e2n\u0103 acum este c\u0103 stimularea prosumatorilor nu trebuie s\u0103 depind\u0103 de o institu\u021bie \u0219i de bugetul s\u0103u, ci trebuie s\u0103 se bazeze pe un mecanism mai simplu, nebirocratic, f\u0103r\u0103 dosare cu \u0219in\u0103, la care orice cet\u0103\u021bean s\u0103 poat\u0103 avea acces oric\u00e2nd.<\/em>\u201d a declarat Marian M\u00e2ndru, coordonator de campanii la Greenpeace Rom\u00e2nia.<\/p>\n\n<p class=\"has-green-500-color has-text-color\"><strong>Ping-pong cu \u201ecompensarea cantitativ\u0103\u201d \u00eentre mini\u0219tri<\/strong><\/p>\n\n<p>Ministrul Mediului, T\u00e1nczos Barna, <a href=\"https:\/\/www.youtube.com\/watch?v=Ek2J4utgm3k\">sus\u021binea acum c\u00e2teva luni<\/a> c\u0103 a insistat ca aceast\u0103 facilitate pentru prosumatori s\u0103 fie inclus\u0103 \u00een programul de guvernare, dar c\u0103 nu \u0219tie care este stadiul de implementare \u0219i c\u0103 va verifica cu Ministerul Energiei, cel care poate fi ini\u021biatorul acestui demers. \u00centr-un r\u0103spuns c\u0103tre o adres\u0103 Greenpeace, trimis\u0103 Ministrului Energiei, Virgil Popescu, se comunic\u0103 faptul c\u0103 subiectul este \u201e\u00een analiz\u0103\u201d.&nbsp;<strong>Contacta\u021bi de Greenpeace, niciunul dintre cei doi mini\u0219tri nu a putut oferi o estimare pentru un termen de implementare.<\/strong><\/p>\n\n<p class=\"has-green-500-color has-text-color\"><strong>Care ar fi solu\u021bia?<\/strong><\/p>\n\n<p>Rom\u00e2nia mai are doar o lun\u0103 (termen limit\u0103, 30 iunie 2021) pentru a transpune <a href=\"https:\/\/eur-lex.europa.eu\/legal-content\/RO\/TXT\/HTML\/?uri=CELEX:32018L2001&amp;qid=1621497181476&amp;from=RO#d1e4491-82-1\">Directiva European\u0103 privind promovarea utiliz\u0103rii energiei din surse regenerabile<\/a> \u00een legisla\u021bie na\u021bional\u0103 \u0219i pentru a \u00eembun\u0103t\u0103\u021bi cadrul legal oferit prosumatorilor. Reevaluarea pre\u021bului pentru energia livrat\u0103 de prosumatori \u00een re\u021bea e o m\u0103sur\u0103 ce poate fi adoptat\u0103 \u00een acest interval, la pachet cu celelalte prevederi ale directivei.<\/p>\n\n<p>\u201e<em>Ministrul Energiei vorbe\u0219te mult \u0219i, deocamdat\u0103, f\u0103r\u0103 nicio acoperire, despre decarbonare, tranzi\u021bie energetic\u0103 \u0219i \u021binte mai mari pentru energie regenerabil\u0103. Realitatea, care se poate verifica u\u0219or, este alta: una a am\u00e2n\u0103rilor, a lipsei de m\u0103suri concrete \u0219i a sus\u021binerii \u00een continuare din bani publici a proiectelor energetice pe combustibili fosili.<\/em><\/p>\n\n<p><em>Rom\u00e2nia nu poate face tranzi\u021bie energetic\u0103 f\u0103r\u0103 ca cet\u0103\u021benii s\u0103 \u00een\u021beleag\u0103 \u00een mod direct ce \u00eenseamn\u0103 energia regenerabil\u0103 \u0219i cum pot s\u0103 beneficieze de ea. Simplul fapt c\u0103 prosumatorii nu sunt nici m\u0103car men\u021biona\u021bi \u00een prezent \u00een Legea Energiei, c\u0103 sprijinirea lor se face doar cu jum\u0103t\u0103\u021bi de m\u0103sur\u0103 \u0219i c\u0103 sunt arunca\u021bi \u00eentr-un labirint birocratic, arat\u0103 c\u00e2t de mult fac autorit\u0103\u021bile<\/em>.<\/p>\n\n<p><strong><em>Cerem ministrului Virgil Popescu s\u0103 ias\u0103 din acest joc gre\u0219it, pentru c\u0103 zeci de mii de oameni \u0219i-au ar\u0103tat deja dorin\u021ba de a fi prosumatori. Domnule ministru, solu\u021biile le ave\u021bi, vi le-a\u021bi propus din proprie ini\u021biativ\u0103 \u00een programul de guvernare, a sosit vremea ac\u021biunilor!<\/em>\u201d a mai spus Marian M\u00e2ndru, coordonator de campanii la Greenpeace Rom\u00e2nia.<\/strong><\/p>\n\n<p><\/p>\n","protected":false},"excerpt":{"rendered":"<p>Dup\u0103 e\u0219ecul r\u0103sun\u0103tor al programului Casa Verde Fotovoltaice, prosumatorii rom\u00e2ni au r\u0103mas \u00een impas chiar \u0219i sub noul guvern. Mai mult, ei nu sunt nici m\u0103car men\u021biona\u021bi \u00een Legea Energiei.<\/p>\n","protected":false},"author":34,"featured_media":5959,"comment_status":"open","ping_status":"closed","sticky":false,"template":"","format":"standard","meta":{"ep_exclude_from_search":false,"p4_og_title":"","p4_og_description":"","p4_og_image":"","p4_og_image_id":"","p4_seo_canonical_url":"","p4_campaign_name":"not set","p4_local_project":"not set","p4_basket_name":"not set","p4_department":"","footnotes":""},"categories":[2,31],"tags":[6,7],"p4-page-type":[],"class_list":["post-5955","post","type-post","status-publish","format-standard","has-post-thumbnail","hentry","category-clima-si-energie","category-greenpeace","tag-prosumatori-1","tag-energie-regenerabila"],"_links":{"self":[{"href":"https:\/\/www.greenpeace.org\/romania\/wp-json\/wp\/v2\/posts\/5955","targetHints":{"allow":["GET"]}}],"collection":[{"href":"https:\/\/www.greenpeace.org\/romania\/wp-json\/wp\/v2\/posts"}],"about":[{"href":"https:\/\/www.greenpeace.org\/romania\/wp-json\/wp\/v2\/types\/post"}],"author":[{"embeddable":true,"href":"https:\/\/www.greenpeace.org\/romania\/wp-json\/wp\/v2\/users\/34"}],"replies":[{"embeddable":true,"href":"https:\/\/www.greenpeace.org\/romania\/wp-json\/wp\/v2\/comments?post=5955"}],"version-history":[{"count":7,"href":"https:\/\/www.greenpeace.org\/romania\/wp-json\/wp\/v2\/posts\/5955\/revisions"}],"predecessor-version":[{"id":6000,"href":"https:\/\/www.greenpeace.org\/romania\/wp-json\/wp\/v2\/posts\/5955\/revisions\/6000"}],"wp:featuredmedia":[{"embeddable":true,"href":"https:\/\/www.greenpeace.org\/romania\/wp-json\/wp\/v2\/media\/5959"}],"wp:attachment":[{"href":"https:\/\/www.greenpeace.org\/romania\/wp-json\/wp\/v2\/media?parent=5955"}],"wp:term":[{"taxonomy":"category","embeddable":true,"href":"https:\/\/www.greenpeace.org\/romania\/wp-json\/wp\/v2\/categories?post=5955"},{"taxonomy":"post_tag","embeddable":true,"href":"https:\/\/www.greenpeace.org\/romania\/wp-json\/wp\/v2\/tags?post=5955"},{"taxonomy":"p4-page-type","embeddable":true,"href":"https:\/\/www.greenpeace.org\/romania\/wp-json\/wp\/v2\/p4-page-type?post=5955"}],"curies":[{"name":"wp","href":"https:\/\/api.w.org\/{rel}","templated":true}]}}