{"id":6052,"date":"2021-06-07T17:10:34","date_gmt":"2021-06-07T14:10:34","guid":{"rendered":"https:\/\/www.greenpeace.org\/romania\/?p=6052"},"modified":"2021-06-07T18:01:16","modified_gmt":"2021-06-07T15:01:16","slug":"domnule-ministru-virgil-popescu-promisiunile-catre-cetateni-trebuie-sa-fie-respectate","status":"publish","type":"post","link":"https:\/\/www.greenpeace.org\/romania\/articol\/6052\/domnule-ministru-virgil-popescu-promisiunile-catre-cetateni-trebuie-sa-fie-respectate\/","title":{"rendered":"Domnule ministru Virgil Popescu, promisiunile c\u0103tre cet\u0103\u021beni trebuie s\u0103 fie respectate!"},"content":{"rendered":"\n<p class=\"has-grey-900-color has-text-color\"><strong>Dup\u0103 e\u0219ecul programului Casa Verde Fotovoltaice, actualul guvern a l\u0103sat s\u0103 se \u00eentrez\u0103reasc\u0103 \u00een programul de guvernare o urm\u0103 de speran\u021b\u0103 pentru prosumatori. Coali\u021bia promitea la finalul anului trecut c\u0103, pentru noul guvern, e foarte important\u0103 \u201eacordarea unui loc central (\u2026) prosumatorilor de energie\u201d.\u00a0Din p\u0103cate, nimic nu s-a schimbat \u00een bine pentru cet\u0103\u021benii care doresc s\u0103 \u00ee\u0219i produc\u0103 singuri energia verde. Mai mult, propunerile legislative actuale sunt \u00een defavoarea prosumatorilor.<\/strong><\/p>\n\n<div class=\"wp-block-image\"><figure class=\"aligncenter size-large is-resized\"><img loading=\"lazy\" decoding=\"async\" src=\"https:\/\/www.greenpeace.org\/static\/planet4-romania-stateless\/2021\/06\/0a4d12fa-fb-post-virgil-open-letter-1024x858.png\" alt=\"\" class=\"wp-image-6053\" width=\"585\" height=\"490\" srcset=\"https:\/\/www.greenpeace.org\/static\/planet4-romania-stateless\/2021\/06\/0a4d12fa-fb-post-virgil-open-letter-1024x858.png 1024w, https:\/\/www.greenpeace.org\/static\/planet4-romania-stateless\/2021\/06\/0a4d12fa-fb-post-virgil-open-letter-300x251.png 300w, https:\/\/www.greenpeace.org\/static\/planet4-romania-stateless\/2021\/06\/0a4d12fa-fb-post-virgil-open-letter-768x644.png 768w, https:\/\/www.greenpeace.org\/static\/planet4-romania-stateless\/2021\/06\/0a4d12fa-fb-post-virgil-open-letter-406x340.png 406w, https:\/\/www.greenpeace.org\/static\/planet4-romania-stateless\/2021\/06\/0a4d12fa-fb-post-virgil-open-letter.png 1410w\" sizes=\"auto, (max-width: 585px) 100vw, 585px\" \/><\/figure><\/div>\n\n<p>Domnule ministru Virgil Popescu,<\/p>\n\n<p>V\u0103 solicit\u0103m s\u0103 respecta\u021bi ce a\u021bi promis \u00een programul de guvernare: \u201e<strong>promovarea \u0219i facilitarea calit\u0103\u021bii de prosumator, iar \u00een cazul energiei electrice produs\u0103 de c\u0103tre prosumatori, vom sus\u021bine compensarea cantitativ\u0103 a energiei livrat\u0103 \u00een sistemul na\u021bional de distribu\u021bie<\/strong>\u201d.&nbsp; Ministerul Energiei nu a f\u0103cut niciun pas concret pentru a \u00eembun\u0103t\u0103\u021bi cadrul legislativ pentru prosumatori, nu a propus niciun mecanism pentru stimularea apari\u021biei prosumatorilor. <strong>Promisiunile din programul de guvernare au r\u0103mas vorbe f\u0103r\u0103 nicio acoperire.<\/strong><\/p>\n\n<p>De aceea, v\u0103 cerem, al\u0103turi de semnatarii acestei scrisori:<\/p>\n\n<ol class=\"wp-block-list\"><li>S\u0103 implementa\u021bi, a\u0219a cum a\u021bi promis, <strong>compensarea cantitativ\u0103<\/strong> pentru a debloca \u0219i dezvolta sectorul prosumatorilor. Pentru c\u0103 programul Casa Verde Fotovoltaice livreaz\u0103 rezultate nesatisf\u0103c\u0103toare de mai bine de 2 ani, e nevoie de un mecanism de stimulare pentru to\u021bi cet\u0103\u021benii care doresc s\u0103 devin\u0103 prosumatori. Un mecanism care s\u0103 nu depind\u0103 de birocra\u021bia \u0219i incapacitatea unei institu\u021bii precum Administra\u021bia Fondului pentru Mediu. F\u0103r\u0103 un stimulent financiar corespunz\u0103tor, cet\u0103\u021benii nu sunt motiva\u021bi s\u0103 investeasc\u0103.<\/li><li>S\u0103 transpune\u021bi \u00een legisla\u021bie na\u021bional\u0103 &#8211; \u00een mod favorabil pentru prosumatori \u0219i comunit\u0103\u021bile de energie &#8211; <a href=\"https:\/\/eur-lex.europa.eu\/legal-content\/RO\/TXT\/HTML\/?uri=CELEX:32018L2001&amp;from=EN\">Directiva European\u0103 privind Energia din Surse Regenerabile<\/a>. <strong>Cet\u0103\u021benii rom\u00e2ni trebuie s\u0103 aib\u0103 acelea\u0219i drepturi ca to\u021bi europenii care aleg s\u0103 \u00ee\u0219i produc\u0103 singuri energia.<\/strong> Ministerul Energiei e responsabil s\u0103 organizeze o consultare public\u0103 real\u0103, s\u0103 explice care este impactul directivei asupra prosumatorilor.&nbsp;Termenul legal de transpunere a acestei directive este 30 iunie 2021, iar Ministerul Energiei a am\u00e2nat c\u00e2t a putut implementarea ei.<\/li><li><strong>S\u0103 elimina\u021bi inten\u021bia de pune la plat\u0103 prosumatorii pentru dezechilibre \u00een re\u021bea (<\/strong>conform <a href=\"http:\/\/energie.gov.ro\/transparenta-si-integritate\/transparenta-decizionala-2\/\">proiectului de lege<\/a> privind transpunerea \u00een legisla\u021bia na\u021bional\u0103 a Directivei (UE) 2019\/944). <a href=\"https:\/\/e-nergia.ro\/ti-ai-pus-panouri-fotovolatice-acasa-statul-iti-da-in-cap-proiect-de-lege-prin-care-prosumatorii-vor-fi-obligati-sa-plateasca-dezechilibrele-produsei-retele-electrice\">Aceasta ar fi o nou\u0103 barier\u0103<\/a> nejustificat\u0103 \u00een calea prosumatorilor. Regulamentele europene spun foarte clar: Rom\u00e2nia poate acorda o derogare prosumatorilor de la aceast\u0103 obliga\u021bie. Cea mai recent\u0103 raportare ANRE indic\u0103 faptul c\u0103 \u00een Rom\u00e2nia sunt doar 3.725 de prosumatori cu puteri instalate p\u00e2n\u0103 \u00een 100 kW, cu o putere instalat\u0103 total\u0103 de 20.741 kW. Considera\u021bi ca sunt deja prosumatorii o amenin\u021bare pentru sistemul energetic na\u021bional?<\/li><li>S\u0103 lua\u021bi \u00een calcul evolu\u021bia pie\u021bei, a pre\u021burilor la energie \u0219i echipamente, rentabilitatea investi\u021biilor f\u0103cute de cet\u0103\u021beni \u00een sisteme ce folosesc energia regenerabil\u0103 \u0219i s\u0103 g\u00e2ndi\u021bi, pe termen lung, un <strong>mecanism de stimulare a prosumatorilor prin facilit\u0103\u021bi fiscale<\/strong>. Acesta poate fi un stimulent sustenabil pentru to\u021bi cet\u0103\u021benii care \u00ee\u0219i doresc s\u0103 devin\u0103 prosumatori.<\/li><li>S\u0103 <strong>clarifica\u021bi urgent terminologia adoptat\u0103 de legisla\u021bia rom\u00e2neasc\u0103<\/strong>: acum 3 ani a\u021bi stabilit \u00een legile actuale termenul de \u201eprosumator\u201d, proiectul de lege men\u021bionat mai sus vorbe\u0219te de \u201eclient activ\u201d, iar Directiva European\u0103 privind Energia din Surse Regenerabile stipuleaz\u0103 no\u021biunea de \u201eautoconsumator\u201d. Sunt schimb\u0103ri ce pot dezorienta cet\u0103\u021benii \u0219i sunt rezultatul lipsei unei abord\u0103ri unitare a Ministerului Energiei referitoare la&nbsp; legisla\u021bia european\u0103 \u0219i prosumatori.<\/li><\/ol>\n\n<p>V\u0103 solicit\u0103m, al\u0103turi de semnatarii acestei scrisori, s\u0103 analiza\u021bi \u0219i implementa\u021bi m\u0103surile propuse. <strong>Domnule ministru Virgil Popescu, a sosit vremea ac\u021biunilor!<\/strong><\/p>\n\n<p>Greenpeace Rom\u00e2nia<\/p>\n\n<p class=\"has-text-align-center has-grey-900-color has-text-color\"><strong>Vrei s\u0103 sus\u021bii aceast\u0103 scrisoare deschis\u0103?<\/strong><\/p>\n\n<p class=\"has-text-align-center has-grey-900-color has-yellow-background-color has-text-color has-background\"><strong>Scrie \u201eSus\u021bin scrisoarea\u201d \u00een comentariile de mai jos.<\/strong><\/p>\n\n<p><\/p>\n","protected":false},"excerpt":{"rendered":"<p>Dup\u0103 e\u0219ecul programului Casa Verde Fotovoltaice, actualul guvern a l\u0103sat s\u0103 se \u00eentrez\u0103reasc\u0103 \u00een programul de guvernare o urm\u0103 de speran\u021b\u0103 pentru prosumatori. Coali\u021bia promitea la finalul anului trecut c\u0103, pentru noul guvern, e foarte important\u0103 \u201eacordarea unui loc central (\u2026) prosumatorilor de energie\u201d.<br \/>\nDin p\u0103cate, nimic nu s-a schimbat \u00een bine pentru cet\u0103\u021benii care doresc s\u0103 \u00ee\u0219i produc\u0103 singuri energia verde. Mai mult, propunerile legislative actuale sunt \u00een defavoarea prosumatorilor.<\/p>\n","protected":false},"author":34,"featured_media":6054,"comment_status":"open","ping_status":"closed","sticky":false,"template":"","format":"standard","meta":{"ep_exclude_from_search":false,"p4_og_title":"","p4_og_description":"","p4_og_image":"","p4_og_image_id":"","p4_seo_canonical_url":"","p4_campaign_name":"not set","p4_local_project":"not set","p4_basket_name":"not set","p4_department":"","footnotes":""},"categories":[2,31],"tags":[7,6],"p4-page-type":[],"class_list":["post-6052","post","type-post","status-publish","format-standard","has-post-thumbnail","hentry","category-clima-si-energie","category-greenpeace","tag-energie-regenerabila","tag-prosumatori-1"],"_links":{"self":[{"href":"https:\/\/www.greenpeace.org\/romania\/wp-json\/wp\/v2\/posts\/6052","targetHints":{"allow":["GET"]}}],"collection":[{"href":"https:\/\/www.greenpeace.org\/romania\/wp-json\/wp\/v2\/posts"}],"about":[{"href":"https:\/\/www.greenpeace.org\/romania\/wp-json\/wp\/v2\/types\/post"}],"author":[{"embeddable":true,"href":"https:\/\/www.greenpeace.org\/romania\/wp-json\/wp\/v2\/users\/34"}],"replies":[{"embeddable":true,"href":"https:\/\/www.greenpeace.org\/romania\/wp-json\/wp\/v2\/comments?post=6052"}],"version-history":[{"count":7,"href":"https:\/\/www.greenpeace.org\/romania\/wp-json\/wp\/v2\/posts\/6052\/revisions"}],"predecessor-version":[{"id":6063,"href":"https:\/\/www.greenpeace.org\/romania\/wp-json\/wp\/v2\/posts\/6052\/revisions\/6063"}],"wp:featuredmedia":[{"embeddable":true,"href":"https:\/\/www.greenpeace.org\/romania\/wp-json\/wp\/v2\/media\/6054"}],"wp:attachment":[{"href":"https:\/\/www.greenpeace.org\/romania\/wp-json\/wp\/v2\/media?parent=6052"}],"wp:term":[{"taxonomy":"category","embeddable":true,"href":"https:\/\/www.greenpeace.org\/romania\/wp-json\/wp\/v2\/categories?post=6052"},{"taxonomy":"post_tag","embeddable":true,"href":"https:\/\/www.greenpeace.org\/romania\/wp-json\/wp\/v2\/tags?post=6052"},{"taxonomy":"p4-page-type","embeddable":true,"href":"https:\/\/www.greenpeace.org\/romania\/wp-json\/wp\/v2\/p4-page-type?post=6052"}],"curies":[{"name":"wp","href":"https:\/\/api.w.org\/{rel}","templated":true}]}}