{"id":6226,"date":"2021-07-09T10:30:20","date_gmt":"2021-07-09T07:30:20","guid":{"rendered":"https:\/\/www.greenpeace.org\/romania\/?p=6226"},"modified":"2021-07-09T11:45:50","modified_gmt":"2021-07-09T08:45:50","slug":"accesarea-fondurilor-europene-pentru-judetul-gorj-periclitata-de-lipsa-planului-de-decarbonare-a-complexului-energetic-oltenia","status":"publish","type":"post","link":"https:\/\/www.greenpeace.org\/romania\/articol\/6226\/accesarea-fondurilor-europene-pentru-judetul-gorj-periclitata-de-lipsa-planului-de-decarbonare-a-complexului-energetic-oltenia\/","title":{"rendered":"Accesarea fondurilor europene pentru jude\u021bul Gorj, periclitat\u0103 de lipsa Planului de Decarbonare a Complexului Energetic Oltenia"},"content":{"rendered":"\n<p><strong>Rom\u00e2nia se preg\u0103te\u0219te s\u0103 trimit\u0103 la Bruxelles, \u00een urm\u0103toarele zile, Planurile Teritoriale pentru o Tranzi\u021bie Just\u0103, documente prin care sper\u0103 s\u0103 atrag\u0103 finan\u021b\u0103ri nerambursabile \u00een valoare de 1,97 miliarde de euro din Fondul pentru o Tranzi\u021bie Just\u0103. 6 jude\u021be, cele mai afectate de tranzi\u021bia c\u0103tre o economie neutr\u0103 din punct de vedere climatic, ar urma s\u0103 beneficieze de aceste finan\u021b\u0103ri. \u00cens\u0103 planul pentru jude\u021bul Gorj st\u0103 sub semnul \u00eentreb\u0103rii.&nbsp;<\/strong><\/p>\n\n<p>Dup\u0103 transmiterea Planului Na\u021bional de Redresare \u0219i Rezilien\u021b\u0103 (PNNR) c\u0103tre Comisia European\u0103, Ministerul Investi\u021biilor \u0219i Proiectelor Europene (MIPE) va trimite c\u0103tre Bruxelles planurile prin care se urm\u0103re\u0219te decarbonarea \u0219i dezvoltarea economic\u0103 a jude\u021belor Hunedoara, Gorj, Dolj, Mure\u0219, Gala\u021bi \u0219i Prahova, responsabile de cele mai mari emisii de gaze cu efect de ser\u0103.&nbsp; Pentru a-\u0219i atinge \u021bintele climatice, Rom\u00e2nia trebuie s\u0103 reduc\u0103 activitatea de exploatare minier\u0103, s\u0103 \u00eenchid\u0103 sau s\u0103 \u00eenlocuiasc\u0103 termocentralele pe c\u0103rbune \u0219i s\u0103 modernizeze sau s\u0103 \u00eenchid\u0103 industriile cu consum intensiv de energie, asigur\u00e2ndu-se c\u0103, \u00een tot acest proces, comunit\u0103\u021bile locale vor avea un viitor.<\/p>\n\n<p><strong>Jude\u021bul Gorj va fi unul dintre cele mai afectate teritorii, economic \u0219i social, &#8211; \u00een procesul de tranzi\u021bie c\u0103tre o economie circular\u0103 \u0219i neutr\u0103 din punct de vedere climatic<\/strong>. Tranzi\u021bia va fi dificil\u0103 \u00eentruc\u00e2t \u00eentreaga economie a jude\u021bului este str\u00e2ns legat\u0103 de c\u0103rbune, principalul combustibil responsabil pentru alimentarea crizei climatice \u0219i care, conform PNNR, va fi \u00eenlocuit treptat \u00een mixul energetic, p\u00e2n\u0103 \u00een 2032.<\/p>\n\n<p>Autorit\u0103\u021bile locale \u00eempreun\u0103 cu membrii grupului de lucru (unit\u0103\u021bi administrativ-teritoriale, mediul de afaceri, Complexul Energetic Oltenia, ong-uri de mediu) \u0219i cu Ministerul Investi\u021biilor \u0219i Proiectelor Europene au finalizat planul pentru jude\u021bul Gorj, <strong>\u00eens\u0103 planul \u00een forma actual\u0103 este incomplet f\u0103r\u0103 informa\u021biile care vizeaz\u0103 restructurarea Complexului Energetic Oltenia<\/strong>. \u00cen lipsa acestor informa\u021bii, sunt \u0219anse foarte mari ca planul s\u0103 nu fie aprobat,&nbsp; iar oportunit\u0103\u021bile de dezvoltare a jude\u021bului Gorj, prin intermediul Fondului pentru o Tranzi\u021bie Just\u0103, s\u0103 fie blocate.<\/p>\n\n<p>Gorjul poate rata \u0219ansa s\u0103 adopte m\u0103suri &#8211; cu finan\u021bare european\u0103 special\u0103 &#8211; pentru dezvoltarea antreprenoriatului, cre\u0219terea competitivit\u0103\u021bii&nbsp; \u0219i a diversific\u0103rii economice, sprijinirea investi\u021biilor&nbsp; \u00een tehnologii&nbsp; \u0219i infrastructuri de energie curat\u0103 \u0219i cre\u0219terea ratei de angajare.<\/p>\n\n<p><strong>Reprezentan\u021bii Ministerului Energiei \u0219i ai CEO refuz\u0103 s\u0103 fac\u0103 public\u0103 ultima versiune a Planului CEO de Restructurare \u0219i Decarbonare, <\/strong>de\u0219i aceasta a fost trimis\u0103 c\u0103tre Comisia European\u0103 \u0219i prezentat\u0103 sindicatelor s\u0103pt\u0103m\u00e2na trecut\u0103.&nbsp;<\/p>\n\n<p>Nu exist\u0103 niciun argument de ordin legal (la nivel european sau na\u021bional) sau vreo restric\u021bie care s\u0103 \u00eempiedice transparentizarea noului plan de restructurare CEO, at\u00e2t de necesar\u0103 pentru accesarea fondurilor europene.&nbsp;<\/p>\n\n<p>De altfel, compania a f\u0103cut public\u0103 anul trecut&nbsp; prima varianta a planului de restructurare, a\u0219a c\u0103 publicarea unei actualiz\u0103ri a planului este fireasc\u0103, mai ales \u00een condi\u021biile periclit\u0103rii finan\u021b\u0103rii europene de aproape 2 miliarde de euro.<\/p>\n\n<p>\u201e<em>\u0218ansa oamenilor din jude\u021bul Gorj pentru un trai mai bun const\u0103 \u00een accesarea tuturor finan\u021b\u0103rilor disponibile, iar acest acest lucru poate fi f\u0103cut dac\u0103 conducerea Ministerului Energiei \u0219i a Complexului Energetic Oltenia \u00ee\u0219i asum\u0103 cu adev\u0103rat rolul important pe care \u00eel au \u00een aceast\u0103 tranzi\u021bie energetic\u0103. Publicarea planului de restructurare al CEO este crucial\u0103 pentru finalizarea PTTJ-ului pentru Gorj.&nbsp;<\/em><\/p>\n\n<p><em>Nu \u00een\u021belegem de ce autorit\u0103\u021bile centrale \u00ee\u0219i pun singure be\u021be \u00een roate \u0219i lucreaz\u0103 doar \u00een spatele u\u0219ilor \u00eenchise. \u00cen acest moment, nu fac dec\u00e2t s\u0103 \u00eengreuneze procesul prin care jude\u021bul Gorj ar putea accesa mai repede finan\u021b\u0103rile din Fondul pentru o Tranzi\u021bie Just\u0103, at\u00e2t de necesare pentru dezvoltarea comunit\u0103\u021bilor locale \u0219i decarbonarea regiunii.\u201d a declarat Vlad C\u0103tun\u0103, coordonator campanii Greenpeace Rom\u00e2nia.<\/em><\/p>\n","protected":false},"excerpt":{"rendered":"<p>Rom\u00e2nia se preg\u0103te\u0219te s\u0103 trimit\u0103 la Bruxelles Planurile Teritoriale pentru o Tranzi\u021bie Just\u0103, documente prin care sper\u0103 s\u0103 atrag\u0103 finan\u021b\u0103ri nerambursabile \u00een valoare de 1,97 miliarde de euro din Fondul pentru o Tranzi\u021bie Just\u0103. 6 jude\u021be, cele mai afectate de tranzi\u021bia c\u0103tre o economie neutr\u0103 climatic, ar urma s\u0103 beneficieze de aceste finan\u021b\u0103ri. \u00cens\u0103 planul pentru jude\u021bul Gorj st\u0103 sub semnul \u00eentreb\u0103rii. <\/p>\n","protected":false},"author":34,"featured_media":6227,"comment_status":"open","ping_status":"closed","sticky":false,"template":"","format":"standard","meta":{"ep_exclude_from_search":false,"p4_og_title":"","p4_og_description":"","p4_og_image":"","p4_og_image_id":"","p4_seo_canonical_url":"","p4_campaign_name":"not set","p4_local_project":"not set","p4_basket_name":"not set","p4_department":"","footnotes":""},"categories":[2,31],"tags":[73,68,18,7],"p4-page-type":[],"class_list":["post-6226","post","type-post","status-publish","format-standard","has-post-thumbnail","hentry","category-clima-si-energie","category-greenpeace","tag-tranzitie-justa-1","tag-energie","tag-carbune","tag-energie-regenerabila"],"_links":{"self":[{"href":"https:\/\/www.greenpeace.org\/romania\/wp-json\/wp\/v2\/posts\/6226","targetHints":{"allow":["GET"]}}],"collection":[{"href":"https:\/\/www.greenpeace.org\/romania\/wp-json\/wp\/v2\/posts"}],"about":[{"href":"https:\/\/www.greenpeace.org\/romania\/wp-json\/wp\/v2\/types\/post"}],"author":[{"embeddable":true,"href":"https:\/\/www.greenpeace.org\/romania\/wp-json\/wp\/v2\/users\/34"}],"replies":[{"embeddable":true,"href":"https:\/\/www.greenpeace.org\/romania\/wp-json\/wp\/v2\/comments?post=6226"}],"version-history":[{"count":3,"href":"https:\/\/www.greenpeace.org\/romania\/wp-json\/wp\/v2\/posts\/6226\/revisions"}],"predecessor-version":[{"id":6231,"href":"https:\/\/www.greenpeace.org\/romania\/wp-json\/wp\/v2\/posts\/6226\/revisions\/6231"}],"wp:featuredmedia":[{"embeddable":true,"href":"https:\/\/www.greenpeace.org\/romania\/wp-json\/wp\/v2\/media\/6227"}],"wp:attachment":[{"href":"https:\/\/www.greenpeace.org\/romania\/wp-json\/wp\/v2\/media?parent=6226"}],"wp:term":[{"taxonomy":"category","embeddable":true,"href":"https:\/\/www.greenpeace.org\/romania\/wp-json\/wp\/v2\/categories?post=6226"},{"taxonomy":"post_tag","embeddable":true,"href":"https:\/\/www.greenpeace.org\/romania\/wp-json\/wp\/v2\/tags?post=6226"},{"taxonomy":"p4-page-type","embeddable":true,"href":"https:\/\/www.greenpeace.org\/romania\/wp-json\/wp\/v2\/p4-page-type?post=6226"}],"curies":[{"name":"wp","href":"https:\/\/api.w.org\/{rel}","templated":true}]}}