{"id":6230,"date":"2021-07-09T11:58:29","date_gmt":"2021-07-09T08:58:29","guid":{"rendered":"https:\/\/www.greenpeace.org\/romania\/?p=6230"},"modified":"2021-07-09T12:29:56","modified_gmt":"2021-07-09T09:29:56","slug":"societatea-civila-solicita-eliminarea-restrictiilor-abuzive-impuse-adunarilor-publice","status":"publish","type":"post","link":"https:\/\/www.greenpeace.org\/romania\/articol\/6230\/societatea-civila-solicita-eliminarea-restrictiilor-abuzive-impuse-adunarilor-publice\/","title":{"rendered":"Societatea civil\u0103 solicit\u0103 eliminarea restric\u021biilor abuzive impuse adun\u0103rilor publice"},"content":{"rendered":"\n<h4 class=\"wp-block-heading\">\u00cen contextul prezentei situa\u021bii epidemiologice, Greenpeace, al\u0103turi de alte 65 de ONG-uri din Rom\u00e2nia, solicit\u0103 eliminarea restric\u021biilor abuzive asupra dreptului la liber\u0103 \u00eentrunire pentru societatea civil\u0103.<\/h4>\n\n<figure class=\"wp-block-image size-full\"><img loading=\"lazy\" decoding=\"async\" width=\"600\" height=\"271\" src=\"https:\/\/www.greenpeace.org\/static\/planet4-romania-stateless\/2021\/07\/c27b570c-unnamed-7.jpg\" alt=\"\" class=\"wp-image-6236\" srcset=\"https:\/\/www.greenpeace.org\/static\/planet4-romania-stateless\/2021\/07\/c27b570c-unnamed-7.jpg 600w, https:\/\/www.greenpeace.org\/static\/planet4-romania-stateless\/2021\/07\/c27b570c-unnamed-7-300x136.jpg 300w, https:\/\/www.greenpeace.org\/static\/planet4-romania-stateless\/2021\/07\/c27b570c-unnamed-7-510x230.jpg 510w\" sizes=\"auto, (max-width: 600px) 100vw, 600px\" \/><\/figure>\n\n<p><strong>Excelen\u021ba voastr\u0103, domnule Pre\u0219edinte Iohannis,<\/strong><\/p>\n\n<p><strong>Stima\u021bi lideri ai executivului \u0219i legislativului,<\/strong><\/p>\n\n<p>Organiza\u021biile semnatare \u00ee\u0219i exprim\u0103 \u00eengrijorarea asupra restric\u021biilor nejustificate privind organizarea adun\u0103rilor publice, men\u021binute \u00een prezent \u00een starea de alert\u0103. \u00cen momentul de fa\u021b\u0103, \u00eentrunirile sportive, religioase, culturale sau familiale, precum nun\u021bile \u0219i botezurile, sunt permise cu numere semnificative de participan\u021bi, \u00een timp ce adun\u0103rile publice sunt \u00een continuare limitate la 100 de persoane, \u00eentr-un mod nejustificat din punct de vedere epidemiologic. Acelea\u0219i restric\u021bii erau \u00een vigoare \u00een noiembrie 2020, respectiv aprilie 2021, momente de v\u00e2rf ale pandemiei. \u00cen ciuda modific\u0103rilor de reglementare pentru alte tipuri de evenimente, dreptul la \u00eentrunire este desconsiderat \u0219i pus \u00een inferioritate de autorit\u0103\u021bile care reglementeaz\u0103 restric\u021biile la nivel na\u021bional \u00eentr-un mod dispropor\u021bionat \u0219i nejustificat.<\/p>\n\n<p>Cele 66 de organiza\u021bii semnatare, active \u00een domenii precum drepturilor omului, reprezentarea minorit\u0103\u021bilor, egalit\u0103\u021bii de \u0219anse, protec\u021bia mediului \u0219i furniz\u0103rii de servicii sociale, v\u0103 solicit\u0103 un tratament propor\u021bional \u0219i predictibil asupra limit\u0103rii dreptului la \u00eentrunire, drept exercitat anual de organiza\u021biile noastre \u00een forma unor mar\u0219uri \u0219i adun\u0103ri de con\u0219tientizare. Av\u00e2nd \u00een vedere sc\u0103derea semnificativ\u0103 a ratei de infectare cu COVID19 \u00een Bucure\u0219ti \u0219i \u00een \u021bar\u0103, consider\u0103m necesar\u0103 eliminarea restric\u0163iei referitoare la num\u0103rul de participan\u0163i la adun\u0103rile publice prev\u0103zut \u00een viitoarele Hot\u0103r\u00e2ri de Guvern care pot prelungi starea de alert\u0103 pe teritoriul Rom\u00e2niei, precum \u015fi stabilirea m\u0103surilor care se aplic\u0103 pe durata acesteia pentru prevenirea \u015fi combaterea efectelor pandemiei de COVID-19.<\/p>\n\n<p>Libertatea de exprimare \u0219i libertatea de \u00eentrunire \u015fi de asociere reprezint\u0103 drepturi fundamentale \u00eentr-o societatea democratic\u0103, fiind consfin\u0163ite de art.30, respectiv art.39 din Constitu\u0163ia Rom\u00e2niei. Pentru organiza\u0163iile neguvernamentale este esen\u0163ial s\u0103 \u00ee\u015fi poat\u0103 manifesta ne\u00eengr\u0103dit aceste drepturi pentru a putea cre\u015fte gradul de con\u015ftientizare asupra unor probleme sensibile cu care societatea rom\u00e2neasc\u0103 se confrunt\u0103. \u00cen acest sens, putem aminti Mar\u015ful \u00ab\u00cempreun\u0103 pentru siguran\u0163a femeilor\u00bb, care are drept scop solidaritatea cu femeile supravie\u0163uitoare ale violen\u0163ei \u015fi de a milita pentru drepturile femeilor \u015fi fetelor. Mar\u015ful Bucharest PRIDE, o manifestare pa\u0219nic\u0103 a libert\u0103\u0163ii de \u00eentrunire \u015fi de asociere a comunit\u0103\u0163ii LGBTIQ+ din Rom\u00e2nia, dar \u0219i o form\u0103 de exprimare a opiniei, \u00eentruc\u00e2t \u00een fiecare an acest eveniment are scopul de a pleda pentru drepturile comunit\u0103\u0163ii LGBTIQ+. \u00cen 2019 fiecare mar\u0219 a str\u00e2ns peste 5000 de participan\u021bi, iar anul acesta ne a\u015ftept\u0103m s\u0103 existe o participare numeroas\u0103, peste limita impus\u0103 de prevederile legale \u00een vigoare la acest moment.<\/p>\n\n<p>In acest moment, Anexa III \u2013 M\u0103suri pentru diminuarea impactului tipului de risc din Hot\u0103r\u00e2rea de Guvern nr.636 din 9 iunie 2021, pct. 27 prevede posibilitatea organiz\u0103rii \u015fi desf\u0103\u015fur\u0103rii adun\u0103rilor publice, mitingurilor \u015fi demonstra\u0163iilor cu un num\u0103r de participan\u0163i de maxim 100 de persoane, \u00een timp ce pct.15 nu prevede vreo limit\u0103 de participan\u0163i \u00een ceea ce prive\u015fte organizarea de procesiuni \u015fi\/sau pelerinaje religioase.<\/p>\n\n<p>Art.1 alin.(2) din Legea nr.55\/2020 privind unele m\u0103suri pentru prevenirea \u015fi combaterea efectelor pandemiei COVID-19 stipuleaz\u0103 c\u0103: <em>\u201cM\u0103surile restrictive de drepturi prev\u0103zute \u00een prezenta lege, precum \u015fi, dup\u0103 caz, cele de renun\u0163are sau de relaxare a acestora se dispun cu respectarea principiului egalit\u0103\u0163ii de tratament juridic pentru situa\u0163ii identice sau comparabile.\u201d<\/em> Prin reglementarea diferit\u0103 a modului de organizare \u015fi desf\u0103\u015furare a adun\u0103rilor publice, care sunt restric\u0163ionate la 100 de participan\u0163i, respectiv a procesiunilor \u015fi\/sau pelerinajelor, care se pot desf\u0103\u015fura indiferent de num\u0103rul de persoane participante se creeaz\u0103 o discriminare \u00eentre cet\u0103\u0163eni pe criteriul opiniei, religiei, respectiv a orient\u0103rii sexuale. <strong>Caracterul discriminatoriu al reglement\u0103rilor cuprinse \u00een Anexa III din Hot\u0103r\u00e2rea de Guvern nr.636 din 9 iunie 2021 se refer\u0103 la faptul c\u0103 pe de-o parte persoanele care \u00ee\u015fi doresc s\u0103 participe la activitatea cultelor religioase pot participa, indiferent de num\u0103r, iar pe de alt\u0103 parte persoanele care doresc s\u0103 participe la forme laice de manifestare a drepturilor la libertatea de \u00eentrunire \u0219i exprimare sunt restric\u0163ionate la un num\u0103r de 100 de persoane.<\/strong>&nbsp;<\/p>\n\n<p>Potrivit art.53 din Constitu\u0163ia Rom\u00e2niei, c\u00e2t \u015fi a art.10, respectiv art.11 din Conven\u0163ia European\u0103 a Drepturilor Omului <strong>libertatea de \u00eentrunire, dreptul la liber\u0103 asociere, dar \u0219i dreptul la liber\u0103 exprimare nu pot fi restr\u00e2nse dec\u00e2t dac\u0103 ingerin\u0163ele sunt prev\u0103zute de lege, urm\u0103resc un scop legitim de interes general, sunt propor\u0163ionale cu scopul legitim urm\u0103rit.<\/strong><\/p>\n\n<p>In ceea ce prive\u015fte primul criteriu, Curtea European\u0103 a Drepturilor Omului a statuat c\u0103 legea trebuie s\u0103 \u00eendeplineasc\u0103 mai multe cerin\u0163e, printre care: s\u0103 fie, clar\u0103, previzibil\u0103, <strong><em>\u00abtrebuie s\u0103 defineasc\u0103 suficient de clar limitele marjei de apreciere acordate executivului, dar \u015fi modalit\u0103\u0163ile de exercitare, av\u00e2nd \u00een vedere scopul legitim al m\u0103surii \u00een discu\u0163ie, pentru a oferi persoanei protec\u0163ie adecvat\u0103 \u00eempotriva arbitrarului.\u00bb<\/em><\/strong> (para.63 <a href=\"https:\/\/hudoc.echr.coe.int\/eng#%7B%22itemid%22:%5B%22001-194613%22%5D%7D\" target=\"_blank\" rel=\"noreferrer noopener\">Jafarov \u015fi al\u0163ii \u00eempotriva Azerbaijan<\/a>). Art.5 alin.(2), lit.a din Legea 55\/2020 este o norm\u0103 general\u0103 de trimitere, care nu con\u0163ine condi\u0163ii clare \u015fi previzibile \u00een care sunt premise sau restric\u0163ionate adun\u0103rile publice. Acestea sunt l\u0103sate la aprecierea arbitrar\u0103 a executivului, care reglementeaz\u0103 condi\u0163iile de participare la adun\u0103rile publice prin intermediul Hot\u0103r\u00e2rilor de Guvern, substituindu-se, astfel, legiuitorului \u015fi \u00eenc\u0103lc\u00e2nd principiul separa\u0163iei puterilor \u00een stat. Prin urmare, pct.27 al Anexei III din cadrul Hot\u0103r\u00e2rii de Guvern nr.636 din 9 iunie 2021 este ilegal \u015fi neconstitu\u0163ional, \u00eenc\u0103lc\u00e2nd pe de-o parte art. 30, art.39, raportat la art.53 din Constitu\u0163ie, respectiv art.10 \u015fi art.11 din Conven\u0163ia European\u0103 a Drepturilor Omului.<\/p>\n\n<p>In plus, \u00ab Curtea reitereaz\u0103 faptul c\u0103 expresia <em>\u00abnecesar \u00eentr-o societate democratic\u0103 \u00bb din <\/em><strong><em>articolul 10 para.2 sau 11 para.2 din Conven\u0163ie implic\u0103 faptul c\u0103 ingerin\u0163a corespunde unei \u201cnevoi sociale presante\u201d \u015fi, \u00een special, c\u0103 este propor\u0163ional cu scopul legitim urm\u0103rit.<\/em><\/strong><em> (\u2026) Atunci c\u00e2nd Curtea \u00ee\u015fi desf\u0103\u015foar\u0103 controlul, sarcina sa nu este de a \u00eenlocui propria opinie cu cea a autorit\u0103\u0163ilor na\u0163ionale relevante, ci mai degrab\u0103 de a revizui, \u00een conformitate cu articolul 10 sau 11 deciziile pe care acestea le-au luat. Asta nu \u00eenseamn\u0103 ca trebuie s\u0103 se limiteze la a stabili dac\u0103 statul p\u00e2r\u00e2t \u015fi-a exercitat marja de apreciere \u00een mod rezonabil, atent \u015fi cu bun\u0103 credin\u0163\u0103 ; trebuie s\u0103 analizeze ingerin\u0163a reclamat\u0103 \u00een lumina cazului \u015fi s\u0103 stabileasc\u0103, dup\u0103 ce a stabilit c\u0103 a urm\u0103rit un \u00ab scop legitim \u00bb, dac\u0103 a fost propor\u0163ional\u0103 cu acest scop \u015fi dac\u0103 motivele aduse de autorit\u0103\u0163ile na\u0163ionale pentru a justifica ingerin\u0163a sunt \u00ab relevante \u015fi suficiente\u00bb.<\/em> (para.143 <a href=\"https:\/\/hudoc.echr.coe.int\/eng#%7B%22itemid%22:%5B%22001-158200%22%5D%7D\" target=\"_blank\" rel=\"noreferrer noopener\">Kuderevicius \u015fi al\u0163ii v. Lituaniei<\/a>)<\/p>\n\n<p>Av\u00e2nd \u00een vedere ca la data de 25 iunie 2021 inciden\u0163a cumulat\u0103 a cazurilor la nivelul Mun. Bucure\u015fti \u00een ultimele 14 zile la mia de locuitori <a href=\"https:\/\/datelazi.ro\/\" target=\"_blank\" rel=\"noreferrer noopener\">este de 0.06<\/a>, iar la data de 5 iulie 2021 <a href=\"https:\/\/www.mai.gov.ro\/informare-covid-19-grupul-de-comunicare-strategica-5-iulie-ora-13-00-2\/\" data-type=\"URL\" target=\"_blank\" rel=\"noreferrer noopener\">inciden\u0163a este de 0.03<\/a>, m\u0103sura limit\u0103rii num\u0103rului de participan\u0163i la 100 de persoane \u00een cazul adun\u0103rilor publice nu este o m\u0103sur\u0103 propor\u0163ional\u0103 sau necesar\u0103 \u00eentr-o societate democratic\u0103 cu scopul legitim de prevenire a infec\u0163iei cu virusul SARS-CoV-2. Aceast\u0103 m\u0103sur\u0103 pic\u0103 testul propor\u0163ionalit\u0103\u0163ii cu at\u00e2t mai mult cu c\u00e2t unele evenimente sunt permise acum indiferent de num\u0103rul de participan\u0163i, indiferent dac\u0103 acestea se desf\u0103\u015foar\u0103 \u00een spa\u0163iu \u00eenchis sau deschis, pe c\u00e2nd adun\u0103rile publice se pot desf\u0103\u0219ura doar \u00een spa\u0163iu deschis \u0219i sunt mai pu\u021bin susceptibile la a creea focare de infectare din acest motiv.<\/p>\n\n<p>De asemenea, o eventual\u0103 hot\u0103r\u00e2re prin care organizatorii unui miting \u015fi\/sau ai unei manifesta\u0163ii publice ar avea obliga\u0163ia de a verifica dac\u0103 participan\u0163ii au fost vaccina\u0163i, dac\u0103 ace\u015ftia au efectuat un test PCR\/antigen sau dac\u0103 au trecut prin boal\u0103 ar fi o m\u0103sur\u0103 dispropor\u0163ionat\u0103 cu implica\u0163ii majore \u00een ceea ce prive\u015fte protec\u0163ia datelor cu caracter personal. O entitate privat\u0103, astfel cum este o organiza\u0163ie neguvernamentala, nu are m\u0103surile tehnice \u015fi organizatorice pentru a identifica autenticitatea unor astfel de documente, pe de-o parte, iar pe de alt\u0103 parte, nu are dreptul de verifica date personale cu caracter sensibil referitoare la starea de s\u0103n\u0103tate a unei persoane, av\u00e2nd \u00een vedere ca nu este o autoritate publica ce poate avea acces la astfel de informa\u0163ii.&nbsp;<\/p>\n\n<p>Preciz\u0103m c\u0103 \u00een organiza\u021biile societ\u0103\u0163ii civile sus\u0163in activ m\u0103surile de prevenire \u015fi combatere a pandemiei cu virusul SARS-CoV-2. \u015ei-au manifestat solidaritatea, au desf\u0103\u015furat programe de sus\u0163inere comunitar\u0103 pentru proprii beneficiari &#8211; cum ar fi: \u00ab Aici pentru comunitate \u00bb, care a oferit sprijin alimentar \u00een perioada st\u0103rii de urgen\u0163\u0103 persoanelor LGBTIQ+, implementat de Asocia\u0163ia Accept, au atras resurse financiare pentru a sprijini sistemul sanitar \u015fi popula\u0163ia, cum <a href=\"https:\/\/www.facebook.com\/AsociatiaPentruRelatiiComunitare\/photos\/3871602302879351\" target=\"_blank\" rel=\"noreferrer noopener\">au f\u0103cut Funda\u0163iile Comunitare<\/a> care au str\u00e2ns \u015fi au mobilizat resurse \u00een valoare de peste 2,400,000 de euro de la declan\u015farea st\u0103rii de urgen\u0163\u0103 din care au cump\u0103rat echipamente \u015fi aparatur\u0103 medical\u0103 \u00een 17 jude\u0163e. Altele precum <a href=\"https:\/\/www.facebook.com\/CentrulDeUrgenteSociale\" target=\"_blank\" rel=\"noreferrer noopener\">Federa\u0163ia Organiza\u0163iilor Neguvernamentale pentru Servicii Sociale &#8211; FONSS<\/a> care a oferit suport prin Centrul de Urgen\u0163e Sociale &#8211; un punct de contact \u015fi asisten\u0163\u0103 pentru cet\u0103\u0163eni \u015fi a mobilizat speciali\u015ftii pentru consiliere, au ini\u021biat colecte de alimente, au mobilizat voluntari pentru asisten\u0163\u0103 \u00een comunitate sau \u00een centrele de carantin\u0103. \u00cen plus, evenimentele de comunicare au fost realizate exclusiv \u00een mediul virtual pe parcursul anului 2020, av\u00e2nd \u00een vedere absen\u0163a vaccinului \u015fi ratele de inciden\u0163\u0103 ridicate. Nu vom accepta \u00eens\u0103 ca manifestarea noastr\u0103 s\u0103 fie restric\u021bionat\u0103 nejustificat \u0219i s\u0103 ne fie limitat dreptul la liber\u0103 \u00eentrunire \u00een mod discriminatoriu. Organiza\u0163iile societ\u0103\u0163ii civile doresc \u00een continuare s\u0103 sprijine autorit\u0103\u0163ile \u00een vederea combaterii pandemiei COVID-19, promov\u0103m campaniile de vaccinare \u0219i chiar la evenimentele publice sa facem un punct de vaccinare, spre exemplu la Pride Park, unul dintre evenimentele comunit\u0103\u0163ii LGBTIQ+.&nbsp;<\/p>\n\n<p><strong>\u00cen consecin\u021b\u0103, v\u0103 solicit\u0103m ca pe de-o parte s\u0103 elimina\u0163i prevederile legale care limiteaz\u0103 num\u0103rul de participan\u0163i la adun\u0103ri publice la 100 de persoane, iar pe de alt\u0103 parte s\u0103 permite\u0163i organizarea mar\u015furilor societ\u0103\u0163ii civile, precum Mar\u015ful \u00ab\u00cempreun\u0103 pentru siguran\u0163a femeilor\u00bb sau Bucharest Pride f\u0103r\u0103 a obliga organizatorii la verificarea statutului de vaccinare al participan\u021bilor. Av\u00e2nd \u00een vedere faptul c\u0103 accesul la alte drepturi fundamentale, precum dreptul la munc\u0103, la exercitarea religiei, accesul la servicii etc., nu sunt \u00eengr\u0103dite de obligativitatea vaccin\u0103rii sau prezentarea unui test COVID, consider\u0103m c\u0103 \u00eengr\u0103direa diferen\u021biat\u0103 a dreptului la \u00eentrunite prin solicitarea verific\u0103rii statutului de vaccinare este o m\u0103sur\u0103 discriminatorie, oneroas\u0103, dispropor\u021bionat\u0103 \u0219i neconform\u0103 cu protec\u021bia datelor cu caracter personal, datele privind starea de s\u0103n\u0103tate fiind date sensibile. Singurele m\u0103suri legitime \u0219i propor\u021bionale sunt cele care se pot aplica unei mul\u021bimi, anume obligativitatea m\u0103\u0219tii pentru participan\u021bi \u0219i distan\u021barea social\u0103.<\/strong><\/p>\n\n<p>Cu deosebit\u0103 considera\u021bie,<\/p>\n\n<p>Asocia\u021bia ACCEPT<\/p>\n\n<p>ActiveWatch<\/p>\n\n<p>Centrul FILIA<\/p>\n\n<p>CeRe: Centrul de Resurse pentru participare public\u0103<\/p>\n\n<p>Centrul Euroregional pentru Ini\u021biative Publice<\/p>\n\n<p>Funky Citizens<\/p>\n\n<p>FONSS- Federa\u021bia Organiza\u021biilor pentru Servicii Sociale<\/p>\n\n<p>&nbsp;Re\u021beaua pentru prevenirea \u0219i combaterea violen\u021bei \u00eempotriva femeilor (Re\u021beaua VIF):<\/p>\n\n<p>Coali\u021bia pentru egalitate de gen<\/p>\n\n<p>Coali\u021bia anti-discriminare<\/p>\n\n<p>Declic<\/p>\n\n<p>Funda\u021bia Agen\u021bia \u00cempreun\u0103<\/p>\n\n<p>Funda\u021bia Comunitar\u0103 Bucure\u0219ti<\/p>\n\n<p>Greenpeace CEE Romania<\/p>\n\n<p>Funda\u021bia pentru Dezvoltarea Societ\u0103\u021bii Civile<\/p>\n\n<p>Centrul pentru Resurse Juridice<\/p>\n\n<p>Alian\u021ba Na\u021bional\u0103 a Organiza\u021biilor Studen\u021be\u0219ti din Rom\u00e2nia (ANOSR)<\/p>\n\n<p>Asocia\u021bia Transcena<\/p>\n\n<p>Asocia\u021bia Identity.Education &#8211; Identitate.Educatie<\/p>\n\n<p>Grupul de Ini\u021biativ\u0103 TransCore<\/p>\n\n<p>Asocia\u021bia PRIDE<\/p>\n\n<p>Asocia\u021bia Rise OUT<\/p>\n\n<p>Asocia\u021bia MozaiQ LGBT<\/p>\n\n<p>[H]LGBTQ+UNITED BRA\u0218OV<\/p>\n\n<p>GRADO &#8211; Grupul Rom\u00e2n pentru Ap\u0103rarea Drepturilor Omului<\/p>\n\n<p>ARAS &#8211; Asocia\u021bia Rom\u00e2n\u0103 Anti-SIDA<\/p>\n\n<p>Fundatia Sensiblu<\/p>\n\n<p>Societatea de Analize Feministe AnA<\/p>\n\n<p>Funda\u021bia Centrul Parteneriat pentru Egalitate<\/p>\n\n<p>Asocia\u0163ia Femeilor \u00cempotriva Violen\u0163ei &#8211; Artemis<\/p>\n\n<p>Asocia\u021bia pentru Libertate \u015fi Egalitate de Gen, A.L.E.G.<\/p>\n\n<p>Asocia\u021bia FRONT<\/p>\n\n<p>Asocia\u021bia Anais<\/p>\n\n<p>Centrul de Ac\u0163iune pentru Egalitate \u015fi Drepturile Omului (ACTEDO)<\/p>\n\n<p>Asocia\u021bia E-Romnja<\/p>\n\n<p>Asocia\u0163ia Voci pentru Democra\u0163ie \u015fi Justi\u0163ie &#8211; VeDem Just<\/p>\n\n<p>Institutul Est European pentru S\u0103n\u0103tatea Reproducerii \u2013 IEESR<\/p>\n\n<p>Centrul de Studii in Idei Politice (CeSIP)<\/p>\n\n<p>Centrul de Mediere \u015fi Securitate Comunitar\u0103 \u2013 CMSC<\/p>\n\n<p>Asocia\u021bia Plural<\/p>\n\n<p>SPICC (Solidaritate, Participare, Incluziune, Comunicare, Cooperare)<\/p>\n\n<p>Asociatia Ema<\/p>\n\n<p>Pas Alternativ<\/p>\n\n<p>Asocia\u021bia Femeilor Universitare<\/p>\n\n<p>Asociatia \u201eBusiness Profesional Women -Romania\u201d<\/p>\n\n<p>Asocia\u021bia Viitor &#8211; Integritate &#8211; Succes (V.I.S)<\/p>\n\n<p>Asocia\u021bia Psihosfera Bra\u0219ov<\/p>\n\n<p>Asocia\u021bia Szentkereszty Stephanie Egyes\u00fclet<\/p>\n\n<p>Asocia\u021bia Sexul vs Barza<\/p>\n\n<p>Asocia\u021bia Casa Ioana<\/p>\n\n<p>Asocia\u021bia Quantic<\/p>\n\n<p>Asocia\u021bia Centrul pentru Educa\u021bie \u0219i Drepturile Omului<\/p>\n\n<p>Vocea Copiilor Abandonati<\/p>\n\n<p>Consiliul Tinerilor Institu\u021bionaliza\u021bi<\/p>\n\n<p>Asocia\u021bia EU SUNT! TU?<\/p>\n\n<p>Asocia\u021bia NEOS<\/p>\n\n<p>Societatea Independent\u0103 Rom\u00e2n\u0103 a Drepturilor Omului &#8211; SIRDO<\/p>\n\n<p>Asocia\u021bia ADO &#8211; art\u0103 pentru drepturile omului<\/p>\n\n<p>Asocia\u021bia Sens Pozitiv<\/p>\n\n<p>Asocia\u021bia Iele-S\u00e2nziene<\/p>\n\n<p>Asocia\u021bia A.R.T. Fusion<\/p>\n\n<p>Reset<\/p>\n\n<p>Girl Up Romania<\/p>\n\n<p>&nbsp;COMMA<\/p>\n\n<p>CADO-Centrul de Advocacy si Drepturile Omului<\/p>\n\n<p>Funda\u021bia Na\u021bional\u0103 pentru Tineret<\/p>\n","protected":false},"excerpt":{"rendered":"<p>\u00cen contextul prezentei situa\u021bii pandemice, societatea civil\u0103 cere eliminarea restric\u021biilor abuzive pentru adun\u0103ri publice.<\/p>\n","protected":false},"author":34,"featured_media":6235,"comment_status":"open","ping_status":"closed","sticky":false,"template":"","format":"standard","meta":{"ep_exclude_from_search":false,"p4_og_title":"","p4_og_description":"\u00cen contextul prezentei situa\u021bii pandemice, societatea civil\u0103 cere eliminarea restric\u021biilor abuzive pentru adun\u0103ri publice.","p4_og_image":"https:\/\/www.greenpeace.org\/static\/planet4-romania-stateless\/2021\/07\/d76f8add-gp0stqi2f_web_size_with_credit_line-3.jpg","p4_og_image_id":"6235","p4_seo_canonical_url":"","p4_campaign_name":"Local Campaign","p4_local_project":"not set","p4_basket_name":"Political & Business","p4_department":"Campaign","footnotes":""},"categories":[4,31],"tags":[],"p4-page-type":[],"class_list":["post-6230","post","type-post","status-publish","format-standard","has-post-thumbnail","hentry","category-comunitate","category-greenpeace"],"_links":{"self":[{"href":"https:\/\/www.greenpeace.org\/romania\/wp-json\/wp\/v2\/posts\/6230","targetHints":{"allow":["GET"]}}],"collection":[{"href":"https:\/\/www.greenpeace.org\/romania\/wp-json\/wp\/v2\/posts"}],"about":[{"href":"https:\/\/www.greenpeace.org\/romania\/wp-json\/wp\/v2\/types\/post"}],"author":[{"embeddable":true,"href":"https:\/\/www.greenpeace.org\/romania\/wp-json\/wp\/v2\/users\/34"}],"replies":[{"embeddable":true,"href":"https:\/\/www.greenpeace.org\/romania\/wp-json\/wp\/v2\/comments?post=6230"}],"version-history":[{"count":5,"href":"https:\/\/www.greenpeace.org\/romania\/wp-json\/wp\/v2\/posts\/6230\/revisions"}],"predecessor-version":[{"id":6238,"href":"https:\/\/www.greenpeace.org\/romania\/wp-json\/wp\/v2\/posts\/6230\/revisions\/6238"}],"wp:featuredmedia":[{"embeddable":true,"href":"https:\/\/www.greenpeace.org\/romania\/wp-json\/wp\/v2\/media\/6235"}],"wp:attachment":[{"href":"https:\/\/www.greenpeace.org\/romania\/wp-json\/wp\/v2\/media?parent=6230"}],"wp:term":[{"taxonomy":"category","embeddable":true,"href":"https:\/\/www.greenpeace.org\/romania\/wp-json\/wp\/v2\/categories?post=6230"},{"taxonomy":"post_tag","embeddable":true,"href":"https:\/\/www.greenpeace.org\/romania\/wp-json\/wp\/v2\/tags?post=6230"},{"taxonomy":"p4-page-type","embeddable":true,"href":"https:\/\/www.greenpeace.org\/romania\/wp-json\/wp\/v2\/p4-page-type?post=6230"}],"curies":[{"name":"wp","href":"https:\/\/api.w.org\/{rel}","templated":true}]}}