{"id":6398,"date":"2021-09-01T21:19:52","date_gmt":"2021-09-01T18:19:52","guid":{"rendered":"https:\/\/www.greenpeace.org\/romania\/?p=6398"},"modified":"2025-07-02T10:35:54","modified_gmt":"2025-07-02T07:35:54","slug":"greenpeace-romania-a-lansat-studiul-tranzitia-sustenabila-a-judetului-gorj-in-colaborare-cu-energy-policy-group","status":"publish","type":"post","link":"https:\/\/www.greenpeace.org\/romania\/articol\/6398\/greenpeace-romania-a-lansat-studiul-tranzitia-sustenabila-a-judetului-gorj-in-colaborare-cu-energy-policy-group\/","title":{"rendered":"Greenpeace Rom\u00e2nia a lansat studiul &#8222;Tranzi\u021bia sustenabil\u0103 a jude\u021bului Gorj&#8221; \u00een colaborare cu Energy Policy Group"},"content":{"rendered":"\n<div class=\"wp-block-image\"><figure class=\"aligncenter size-large is-resized\"><img loading=\"lazy\" decoding=\"async\" src=\"https:\/\/www.greenpeace.org\/static\/planet4-romania-stateless\/2021\/09\/f927557e-landscape-1024x724.jpg\" alt=\"\" class=\"wp-image-6458\" width=\"635\" height=\"449\" srcset=\"https:\/\/www.greenpeace.org\/static\/planet4-romania-stateless\/2021\/09\/f927557e-landscape-1024x724.jpg 1024w, https:\/\/www.greenpeace.org\/static\/planet4-romania-stateless\/2021\/09\/f927557e-landscape-300x212.jpg 300w, https:\/\/www.greenpeace.org\/static\/planet4-romania-stateless\/2021\/09\/f927557e-landscape-768x543.jpg 768w, https:\/\/www.greenpeace.org\/static\/planet4-romania-stateless\/2021\/09\/f927557e-landscape-1536x1086.jpg 1536w, https:\/\/www.greenpeace.org\/static\/planet4-romania-stateless\/2021\/09\/f927557e-landscape-2048x1448.jpg 2048w, https:\/\/www.greenpeace.org\/static\/planet4-romania-stateless\/2021\/09\/f927557e-landscape-1932x1366.jpg 1932w, https:\/\/www.greenpeace.org\/static\/planet4-romania-stateless\/2021\/09\/f927557e-landscape-481x340.jpg 481w\" sizes=\"auto, (max-width: 635px) 100vw, 635px\" \/><\/figure><\/div>\n\n<p>Joi, 2 septembrie 2021, s-a lansat, la T\u00e2rgu Jiu, <a rel=\"noreferrer noopener\" href=\"https:\/\/www.greenpeace.org\/static\/planet4-romania-stateless\/2021\/08\/1b00e742-tranzitia-sustenabila-a-judetului-gorj.pdf\" target=\"_blank\">studiu<\/a><a href=\"https:\/\/www.greenpeace.org\/static\/planet4-romania-stateless\/2021\/08\/1b00e742-tranzitia-sustenabila-a-judetului-gorj.pdf\" target=\"_blank\" rel=\"noreferrer noopener\">l<\/a><a rel=\"noreferrer noopener\" href=\"https:\/\/www.greenpeace.org\/static\/planet4-romania-stateless\/2021\/08\/1b00e742-tranzitia-sustenabila-a-judetului-gorj.pdf\" target=\"_blank\"> \u201eTranzi\u021bia sustenabil\u0103 a jude\u021bului Gorj\u201d<\/a>, realizat de c\u0103tre Energy Policy Group (EPG) la solicitarea Greenpeace Rom\u00e2nia, \u00een beneficiul jude\u021bului Gorj. <\/p>\n\n<p>Greenpeace Rom\u00e2nia este parte a grupului de lucru pentru Planul Teritorial de Tranzi\u021bie Just\u0103, coordonat de Consiliul Jude\u021bean Gorj. Studiul vine \u00een contextul oportunit\u0103\u021bilor financiare oferite de Pactul Verde European, Fondul pentru Tranzi\u021bie Just\u0103, Planurile Teritoriale pentru Tranzi\u021bie Just\u0103, Fondul de Modernizare \u0219i Planul Na\u021bional de Redresare \u0219i Rezilien\u021b\u0103 \u0219i prezint\u0103 solu\u021biile identificate pentru reorientarea \u0219i dezvoltarea socio-economic\u0103 a jude\u021bului.<\/p>\n\n<p>Materialul a fost prezentat \u0219i analizat \u00een cadrul unei sesiuni de lucru coordonate de Consiliul Jude\u021bean Gorj, la care au participat deciden\u021bi relevan\u021bi la nivel local \u0219i central, precum \u0219i poten\u021biali investitori \u00een procesul de tranzi\u021bie just\u0103 \u0219i diversificare economic\u0103 a regiunii.<\/p>\n<div data-render=\"planet4-blocks\/gallery\" data-attributes=\"{&quot;attributes&quot;:{&quot;multiple_image&quot;:&quot;6472,6473,6474&quot;,&quot;gallery_block_focus_points&quot;:&quot;{\\&quot;6472\\&quot;:\\&quot;50% 50%\\&quot;,\\&quot;6473\\&quot;:\\&quot;32% 6%\\&quot;,\\&quot;undefined\\&quot;:\\&quot;50% 50%\\&quot;}&quot;,&quot;image_data&quot;:[{&quot;url&quot;:&quot;https:\\\/\\\/www.greenpeace.org\\\/static\\\/planet4-romania-stateless\\\/2021\\\/09\\\/44fb31c5-98dd-491a-a3ad-94142b8077b4-1.jpg&quot;,&quot;focalPoint&quot;:{&quot;x&quot;:0.5,&quot;y&quot;:0.5},&quot;id&quot;:6472},{&quot;url&quot;:&quot;https:\\\/\\\/www.greenpeace.org\\\/static\\\/planet4-romania-stateless\\\/2021\\\/09\\\/1572ea8e-ce06-452c-af98-d19d02c16bb2-1.jpg&quot;,&quot;focalPoint&quot;:{&quot;x&quot;:0.5,&quot;y&quot;:0.5},&quot;id&quot;:6473},{&quot;url&quot;:&quot;https:\\\/\\\/www.greenpeace.org\\\/static\\\/planet4-romania-stateless\\\/2021\\\/09\\\/3a1154c6-b22a-4944-91a5-76653af06127-1.jpg&quot;,&quot;focalPoint&quot;:{&quot;x&quot;:0.5,&quot;y&quot;:0.5},&quot;id&quot;:6474}],&quot;className&quot;:&quot;is-style-grid&quot;,&quot;gallery_block_style&quot;:0,&quot;gallery_block_title&quot;:&quot;&quot;,&quot;gallery_block_description&quot;:&quot;&quot;,&quot;images&quot;:[{&quot;image_src&quot;:&quot;https:\\\/\\\/www.greenpeace.org\\\/static\\\/planet4-romania-stateless\\\/2021\\\/09\\\/44fb31c5-98dd-491a-a3ad-94142b8077b4-1.jpg&quot;,&quot;image_srcset&quot;:&quot;https:\\\/\\\/www.greenpeace.org\\\/static\\\/planet4-romania-stateless\\\/2021\\\/09\\\/44fb31c5-98dd-491a-a3ad-94142b8077b4-1.jpg 1920w, https:\\\/\\\/www.greenpeace.org\\\/static\\\/planet4-romania-stateless\\\/2021\\\/09\\\/44fb31c5-98dd-491a-a3ad-94142b8077b4-1-300x200.jpg 300w, https:\\\/\\\/www.greenpeace.org\\\/static\\\/planet4-romania-stateless\\\/2021\\\/09\\\/44fb31c5-98dd-491a-a3ad-94142b8077b4-1-1024x683.jpg 1024w, https:\\\/\\\/www.greenpeace.org\\\/static\\\/planet4-romania-stateless\\\/2021\\\/09\\\/44fb31c5-98dd-491a-a3ad-94142b8077b4-1-768x512.jpg 768w, https:\\\/\\\/www.greenpeace.org\\\/static\\\/planet4-romania-stateless\\\/2021\\\/09\\\/44fb31c5-98dd-491a-a3ad-94142b8077b4-1-1536x1024.jpg 1536w, https:\\\/\\\/www.greenpeace.org\\\/static\\\/planet4-romania-stateless\\\/2021\\\/09\\\/44fb31c5-98dd-491a-a3ad-94142b8077b4-1-510x340.jpg 510w&quot;,&quot;image_sizes&quot;:false,&quot;alt_text&quot;:&quot;&quot;,&quot;caption&quot;:&quot;&quot;,&quot;focus_image&quot;:&quot;50% 50%&quot;,&quot;credits&quot;:&quot;&quot;},{&quot;image_src&quot;:&quot;https:\\\/\\\/www.greenpeace.org\\\/static\\\/planet4-romania-stateless\\\/2021\\\/09\\\/1572ea8e-ce06-452c-af98-d19d02c16bb2-1.jpg&quot;,&quot;image_srcset&quot;:&quot;https:\\\/\\\/www.greenpeace.org\\\/static\\\/planet4-romania-stateless\\\/2021\\\/09\\\/1572ea8e-ce06-452c-af98-d19d02c16bb2-1.jpg 1400w, https:\\\/\\\/www.greenpeace.org\\\/static\\\/planet4-romania-stateless\\\/2021\\\/09\\\/1572ea8e-ce06-452c-af98-d19d02c16bb2-1-300x216.jpg 300w, https:\\\/\\\/www.greenpeace.org\\\/static\\\/planet4-romania-stateless\\\/2021\\\/09\\\/1572ea8e-ce06-452c-af98-d19d02c16bb2-1-1024x737.jpg 1024w, https:\\\/\\\/www.greenpeace.org\\\/static\\\/planet4-romania-stateless\\\/2021\\\/09\\\/1572ea8e-ce06-452c-af98-d19d02c16bb2-1-768x553.jpg 768w, https:\\\/\\\/www.greenpeace.org\\\/static\\\/planet4-romania-stateless\\\/2021\\\/09\\\/1572ea8e-ce06-452c-af98-d19d02c16bb2-1-472x340.jpg 472w&quot;,&quot;image_sizes&quot;:false,&quot;alt_text&quot;:&quot;&quot;,&quot;caption&quot;:&quot;&quot;,&quot;focus_image&quot;:&quot;32% 6%&quot;,&quot;credits&quot;:&quot;&quot;},{&quot;image_src&quot;:&quot;https:\\\/\\\/www.greenpeace.org\\\/static\\\/planet4-romania-stateless\\\/2021\\\/09\\\/3a1154c6-b22a-4944-91a5-76653af06127-1.jpg&quot;,&quot;image_srcset&quot;:&quot;https:\\\/\\\/www.greenpeace.org\\\/static\\\/planet4-romania-stateless\\\/2021\\\/09\\\/3a1154c6-b22a-4944-91a5-76653af06127-1.jpg 1920w, https:\\\/\\\/www.greenpeace.org\\\/static\\\/planet4-romania-stateless\\\/2021\\\/09\\\/3a1154c6-b22a-4944-91a5-76653af06127-1-300x200.jpg 300w, https:\\\/\\\/www.greenpeace.org\\\/static\\\/planet4-romania-stateless\\\/2021\\\/09\\\/3a1154c6-b22a-4944-91a5-76653af06127-1-1024x683.jpg 1024w, https:\\\/\\\/www.greenpeace.org\\\/static\\\/planet4-romania-stateless\\\/2021\\\/09\\\/3a1154c6-b22a-4944-91a5-76653af06127-1-768x512.jpg 768w, https:\\\/\\\/www.greenpeace.org\\\/static\\\/planet4-romania-stateless\\\/2021\\\/09\\\/3a1154c6-b22a-4944-91a5-76653af06127-1-1536x1024.jpg 1536w, https:\\\/\\\/www.greenpeace.org\\\/static\\\/planet4-romania-stateless\\\/2021\\\/09\\\/3a1154c6-b22a-4944-91a5-76653af06127-1-510x340.jpg 510w&quot;,&quot;image_sizes&quot;:false,&quot;alt_text&quot;:&quot;&quot;,&quot;caption&quot;:&quot;&quot;,&quot;focus_image&quot;:&quot;&quot;,&quot;credits&quot;:&quot;&quot;}]}}\"><\/div>\n<p><a href=\"https:\/\/www.greenpeace.org\/static\/planet4-romania-stateless\/2021\/08\/1b00e742-tranzitia-sustenabila-a-judetului-gorj.pdf\" target=\"_blank\" rel=\"noreferrer noopener\">Studiul <\/a>propune o serie de recomand\u0103ri care s\u0103 sprijine dezvoltarea jude\u021bului Gorj. <strong>Cele mai importante oportunit\u0103\u021bi identificate acoper\u0103 urm\u0103toarele domenii: energie regenerabil\u0103, renovarea aprofundat\u0103 a cl\u0103dirilor \u0219i produc\u021bia de tehnologii avansate.<\/strong><\/p>\n<div data-render=\"planet4-blocks\/gallery\" data-attributes=\"{&quot;attributes&quot;:{&quot;gallery_block_title&quot;:&quot;Solu\\u021bii pentru jude\\u021bul Gorj&quot;,&quot;multiple_image&quot;:&quot;6383,6384,6385,6386,6387,6388,6389,6390,6391,6392,6393,6394,6395,6396,6397&quot;,&quot;image_data&quot;:[{&quot;url&quot;:&quot;https:\\\/\\\/www.greenpeace.org\\\/static\\\/planet4-romania-stateless\\\/2021\\\/08\\\/a66f933d-gorj_facebook_01_1080x1350.png&quot;,&quot;focalPoint&quot;:{&quot;x&quot;:0.5,&quot;y&quot;:0.5},&quot;id&quot;:6383},{&quot;url&quot;:&quot;https:\\\/\\\/www.greenpeace.org\\\/static\\\/planet4-romania-stateless\\\/2021\\\/08\\\/2915f222-gorj_facebook_02_1080x1350.png&quot;,&quot;focalPoint&quot;:{&quot;x&quot;:0.5,&quot;y&quot;:0.5},&quot;id&quot;:6384},{&quot;url&quot;:&quot;https:\\\/\\\/www.greenpeace.org\\\/static\\\/planet4-romania-stateless\\\/2021\\\/08\\\/fb68ced9-gorj_facebook_03_1080x1350.png&quot;,&quot;focalPoint&quot;:{&quot;x&quot;:0.5,&quot;y&quot;:0.5},&quot;id&quot;:6385},{&quot;url&quot;:&quot;https:\\\/\\\/www.greenpeace.org\\\/static\\\/planet4-romania-stateless\\\/2021\\\/08\\\/4507eb64-gorj_facebook_04_1080x1350.png&quot;,&quot;focalPoint&quot;:{&quot;x&quot;:0.5,&quot;y&quot;:0.5},&quot;id&quot;:6386},{&quot;url&quot;:&quot;https:\\\/\\\/www.greenpeace.org\\\/static\\\/planet4-romania-stateless\\\/2021\\\/08\\\/4a938a68-gorj_facebook_05_1080x1350.png&quot;,&quot;focalPoint&quot;:{&quot;x&quot;:0.5,&quot;y&quot;:0.5},&quot;id&quot;:6387},{&quot;url&quot;:&quot;https:\\\/\\\/www.greenpeace.org\\\/static\\\/planet4-romania-stateless\\\/2021\\\/08\\\/4eedcffd-gorj_facebook_06_1080x1350.png&quot;,&quot;focalPoint&quot;:{&quot;x&quot;:0.5,&quot;y&quot;:0.5},&quot;id&quot;:6388},{&quot;url&quot;:&quot;https:\\\/\\\/www.greenpeace.org\\\/static\\\/planet4-romania-stateless\\\/2021\\\/08\\\/19e62e5a-gorj_facebook_07_1080x1350.png&quot;,&quot;focalPoint&quot;:{&quot;x&quot;:0.5,&quot;y&quot;:0.5},&quot;id&quot;:6389},{&quot;url&quot;:&quot;https:\\\/\\\/www.greenpeace.org\\\/static\\\/planet4-romania-stateless\\\/2021\\\/08\\\/b2fdd3b8-gorj_facebook_08_1080x1350.png&quot;,&quot;focalPoint&quot;:{&quot;x&quot;:0.5,&quot;y&quot;:0.5},&quot;id&quot;:6390},{&quot;url&quot;:&quot;https:\\\/\\\/www.greenpeace.org\\\/static\\\/planet4-romania-stateless\\\/2021\\\/08\\\/91a440c8-gorj_facebook_09_1080x1350.png&quot;,&quot;focalPoint&quot;:{&quot;x&quot;:0.5,&quot;y&quot;:0.5},&quot;id&quot;:6391},{&quot;url&quot;:&quot;https:\\\/\\\/www.greenpeace.org\\\/static\\\/planet4-romania-stateless\\\/2021\\\/08\\\/72d235bf-gorj_facebook_10_1080x1350.png&quot;,&quot;focalPoint&quot;:{&quot;x&quot;:0.5,&quot;y&quot;:0.5},&quot;id&quot;:6392},{&quot;url&quot;:&quot;https:\\\/\\\/www.greenpeace.org\\\/static\\\/planet4-romania-stateless\\\/2021\\\/08\\\/3e10911b-gorj_facebook_11_1080x1350.png&quot;,&quot;focalPoint&quot;:{&quot;x&quot;:0.5,&quot;y&quot;:0.5},&quot;id&quot;:6393},{&quot;url&quot;:&quot;https:\\\/\\\/www.greenpeace.org\\\/static\\\/planet4-romania-stateless\\\/2021\\\/08\\\/895bc806-gorj_facebook_12_1080x1350.png&quot;,&quot;focalPoint&quot;:{&quot;x&quot;:0.5,&quot;y&quot;:0.5},&quot;id&quot;:6394},{&quot;url&quot;:&quot;https:\\\/\\\/www.greenpeace.org\\\/static\\\/planet4-romania-stateless\\\/2021\\\/08\\\/4f4cd8db-gorj_facebook_13_1080x1350.png&quot;,&quot;focalPoint&quot;:{&quot;x&quot;:0.5,&quot;y&quot;:0.5},&quot;id&quot;:6395},{&quot;url&quot;:&quot;https:\\\/\\\/www.greenpeace.org\\\/static\\\/planet4-romania-stateless\\\/2021\\\/08\\\/dc564d35-gorj_facebook_14_1080x1350.png&quot;,&quot;focalPoint&quot;:{&quot;x&quot;:0.5,&quot;y&quot;:0.5},&quot;id&quot;:6396},{&quot;url&quot;:&quot;https:\\\/\\\/www.greenpeace.org\\\/static\\\/planet4-romania-stateless\\\/2021\\\/08\\\/2fe01770-gorj_facebook_15_1080x1350.png&quot;,&quot;focalPoint&quot;:{&quot;x&quot;:0.5,&quot;y&quot;:0.5},&quot;id&quot;:6397}],&quot;className&quot;:&quot;is-style-grid&quot;,&quot;gallery_block_style&quot;:0,&quot;gallery_block_description&quot;:&quot;&quot;,&quot;gallery_block_focus_points&quot;:&quot;&quot;,&quot;images&quot;:[{&quot;image_src&quot;:&quot;https:\\\/\\\/www.greenpeace.org\\\/static\\\/planet4-romania-stateless\\\/2021\\\/08\\\/a66f933d-gorj_facebook_01_1080x1350.png&quot;,&quot;image_srcset&quot;:&quot;https:\\\/\\\/www.greenpeace.org\\\/static\\\/planet4-romania-stateless\\\/2021\\\/08\\\/a66f933d-gorj_facebook_01_1080x1350.png 4320w, https:\\\/\\\/www.greenpeace.org\\\/static\\\/planet4-romania-stateless\\\/2021\\\/08\\\/a66f933d-gorj_facebook_01_1080x1350-240x300.png 240w, https:\\\/\\\/www.greenpeace.org\\\/static\\\/planet4-romania-stateless\\\/2021\\\/08\\\/a66f933d-gorj_facebook_01_1080x1350-819x1024.png 819w, https:\\\/\\\/www.greenpeace.org\\\/static\\\/planet4-romania-stateless\\\/2021\\\/08\\\/a66f933d-gorj_facebook_01_1080x1350-768x960.png 768w, https:\\\/\\\/www.greenpeace.org\\\/static\\\/planet4-romania-stateless\\\/2021\\\/08\\\/a66f933d-gorj_facebook_01_1080x1350-1229x1536.png 1229w, https:\\\/\\\/www.greenpeace.org\\\/static\\\/planet4-romania-stateless\\\/2021\\\/08\\\/a66f933d-gorj_facebook_01_1080x1350-1638x2048.png 1638w, https:\\\/\\\/www.greenpeace.org\\\/static\\\/planet4-romania-stateless\\\/2021\\\/08\\\/a66f933d-gorj_facebook_01_1080x1350-1093x1366.png 1093w, https:\\\/\\\/www.greenpeace.org\\\/static\\\/planet4-romania-stateless\\\/2021\\\/08\\\/a66f933d-gorj_facebook_01_1080x1350-272x340.png 272w&quot;,&quot;image_sizes&quot;:false,&quot;alt_text&quot;:&quot;&quot;,&quot;caption&quot;:&quot;&quot;,&quot;focus_image&quot;:&quot;&quot;,&quot;credits&quot;:&quot;&quot;},{&quot;image_src&quot;:&quot;https:\\\/\\\/www.greenpeace.org\\\/static\\\/planet4-romania-stateless\\\/2021\\\/08\\\/2915f222-gorj_facebook_02_1080x1350.png&quot;,&quot;image_srcset&quot;:&quot;https:\\\/\\\/www.greenpeace.org\\\/static\\\/planet4-romania-stateless\\\/2021\\\/08\\\/2915f222-gorj_facebook_02_1080x1350.png 4320w, https:\\\/\\\/www.greenpeace.org\\\/static\\\/planet4-romania-stateless\\\/2021\\\/08\\\/2915f222-gorj_facebook_02_1080x1350-240x300.png 240w, https:\\\/\\\/www.greenpeace.org\\\/static\\\/planet4-romania-stateless\\\/2021\\\/08\\\/2915f222-gorj_facebook_02_1080x1350-819x1024.png 819w, https:\\\/\\\/www.greenpeace.org\\\/static\\\/planet4-romania-stateless\\\/2021\\\/08\\\/2915f222-gorj_facebook_02_1080x1350-768x960.png 768w, https:\\\/\\\/www.greenpeace.org\\\/static\\\/planet4-romania-stateless\\\/2021\\\/08\\\/2915f222-gorj_facebook_02_1080x1350-1229x1536.png 1229w, https:\\\/\\\/www.greenpeace.org\\\/static\\\/planet4-romania-stateless\\\/2021\\\/08\\\/2915f222-gorj_facebook_02_1080x1350-1638x2048.png 1638w, https:\\\/\\\/www.greenpeace.org\\\/static\\\/planet4-romania-stateless\\\/2021\\\/08\\\/2915f222-gorj_facebook_02_1080x1350-1093x1366.png 1093w, https:\\\/\\\/www.greenpeace.org\\\/static\\\/planet4-romania-stateless\\\/2021\\\/08\\\/2915f222-gorj_facebook_02_1080x1350-272x340.png 272w&quot;,&quot;image_sizes&quot;:false,&quot;alt_text&quot;:&quot;&quot;,&quot;caption&quot;:&quot;&quot;,&quot;focus_image&quot;:&quot;&quot;,&quot;credits&quot;:&quot;&quot;},{&quot;image_src&quot;:&quot;https:\\\/\\\/www.greenpeace.org\\\/static\\\/planet4-romania-stateless\\\/2021\\\/08\\\/fb68ced9-gorj_facebook_03_1080x1350.png&quot;,&quot;image_srcset&quot;:&quot;https:\\\/\\\/www.greenpeace.org\\\/static\\\/planet4-romania-stateless\\\/2021\\\/08\\\/fb68ced9-gorj_facebook_03_1080x1350.png 4320w, https:\\\/\\\/www.greenpeace.org\\\/static\\\/planet4-romania-stateless\\\/2021\\\/08\\\/fb68ced9-gorj_facebook_03_1080x1350-240x300.png 240w, https:\\\/\\\/www.greenpeace.org\\\/static\\\/planet4-romania-stateless\\\/2021\\\/08\\\/fb68ced9-gorj_facebook_03_1080x1350-819x1024.png 819w, https:\\\/\\\/www.greenpeace.org\\\/static\\\/planet4-romania-stateless\\\/2021\\\/08\\\/fb68ced9-gorj_facebook_03_1080x1350-768x960.png 768w, https:\\\/\\\/www.greenpeace.org\\\/static\\\/planet4-romania-stateless\\\/2021\\\/08\\\/fb68ced9-gorj_facebook_03_1080x1350-1229x1536.png 1229w, https:\\\/\\\/www.greenpeace.org\\\/static\\\/planet4-romania-stateless\\\/2021\\\/08\\\/fb68ced9-gorj_facebook_03_1080x1350-1638x2048.png 1638w, https:\\\/\\\/www.greenpeace.org\\\/static\\\/planet4-romania-stateless\\\/2021\\\/08\\\/fb68ced9-gorj_facebook_03_1080x1350-1093x1366.png 1093w, https:\\\/\\\/www.greenpeace.org\\\/static\\\/planet4-romania-stateless\\\/2021\\\/08\\\/fb68ced9-gorj_facebook_03_1080x1350-272x340.png 272w&quot;,&quot;image_sizes&quot;:false,&quot;alt_text&quot;:&quot;&quot;,&quot;caption&quot;:&quot;&quot;,&quot;focus_image&quot;:&quot;&quot;,&quot;credits&quot;:&quot;&quot;},{&quot;image_src&quot;:&quot;https:\\\/\\\/www.greenpeace.org\\\/static\\\/planet4-romania-stateless\\\/2021\\\/08\\\/4507eb64-gorj_facebook_04_1080x1350.png&quot;,&quot;image_srcset&quot;:&quot;https:\\\/\\\/www.greenpeace.org\\\/static\\\/planet4-romania-stateless\\\/2021\\\/08\\\/4507eb64-gorj_facebook_04_1080x1350.png 4320w, https:\\\/\\\/www.greenpeace.org\\\/static\\\/planet4-romania-stateless\\\/2021\\\/08\\\/4507eb64-gorj_facebook_04_1080x1350-240x300.png 240w, https:\\\/\\\/www.greenpeace.org\\\/static\\\/planet4-romania-stateless\\\/2021\\\/08\\\/4507eb64-gorj_facebook_04_1080x1350-819x1024.png 819w, https:\\\/\\\/www.greenpeace.org\\\/static\\\/planet4-romania-stateless\\\/2021\\\/08\\\/4507eb64-gorj_facebook_04_1080x1350-768x960.png 768w, https:\\\/\\\/www.greenpeace.org\\\/static\\\/planet4-romania-stateless\\\/2021\\\/08\\\/4507eb64-gorj_facebook_04_1080x1350-1229x1536.png 1229w, https:\\\/\\\/www.greenpeace.org\\\/static\\\/planet4-romania-stateless\\\/2021\\\/08\\\/4507eb64-gorj_facebook_04_1080x1350-1638x2048.png 1638w, https:\\\/\\\/www.greenpeace.org\\\/static\\\/planet4-romania-stateless\\\/2021\\\/08\\\/4507eb64-gorj_facebook_04_1080x1350-1093x1366.png 1093w, https:\\\/\\\/www.greenpeace.org\\\/static\\\/planet4-romania-stateless\\\/2021\\\/08\\\/4507eb64-gorj_facebook_04_1080x1350-272x340.png 272w&quot;,&quot;image_sizes&quot;:false,&quot;alt_text&quot;:&quot;&quot;,&quot;caption&quot;:&quot;&quot;,&quot;focus_image&quot;:&quot;&quot;,&quot;credits&quot;:&quot;&quot;},{&quot;image_src&quot;:&quot;https:\\\/\\\/www.greenpeace.org\\\/static\\\/planet4-romania-stateless\\\/2021\\\/08\\\/4a938a68-gorj_facebook_05_1080x1350.png&quot;,&quot;image_srcset&quot;:&quot;https:\\\/\\\/www.greenpeace.org\\\/static\\\/planet4-romania-stateless\\\/2021\\\/08\\\/4a938a68-gorj_facebook_05_1080x1350.png 4320w, https:\\\/\\\/www.greenpeace.org\\\/static\\\/planet4-romania-stateless\\\/2021\\\/08\\\/4a938a68-gorj_facebook_05_1080x1350-240x300.png 240w, https:\\\/\\\/www.greenpeace.org\\\/static\\\/planet4-romania-stateless\\\/2021\\\/08\\\/4a938a68-gorj_facebook_05_1080x1350-819x1024.png 819w, https:\\\/\\\/www.greenpeace.org\\\/static\\\/planet4-romania-stateless\\\/2021\\\/08\\\/4a938a68-gorj_facebook_05_1080x1350-768x960.png 768w, https:\\\/\\\/www.greenpeace.org\\\/static\\\/planet4-romania-stateless\\\/2021\\\/08\\\/4a938a68-gorj_facebook_05_1080x1350-1229x1536.png 1229w, https:\\\/\\\/www.greenpeace.org\\\/static\\\/planet4-romania-stateless\\\/2021\\\/08\\\/4a938a68-gorj_facebook_05_1080x1350-1638x2048.png 1638w, https:\\\/\\\/www.greenpeace.org\\\/static\\\/planet4-romania-stateless\\\/2021\\\/08\\\/4a938a68-gorj_facebook_05_1080x1350-1093x1366.png 1093w, https:\\\/\\\/www.greenpeace.org\\\/static\\\/planet4-romania-stateless\\\/2021\\\/08\\\/4a938a68-gorj_facebook_05_1080x1350-272x340.png 272w&quot;,&quot;image_sizes&quot;:false,&quot;alt_text&quot;:&quot;&quot;,&quot;caption&quot;:&quot;&quot;,&quot;focus_image&quot;:&quot;&quot;,&quot;credits&quot;:&quot;&quot;},{&quot;image_src&quot;:&quot;https:\\\/\\\/www.greenpeace.org\\\/static\\\/planet4-romania-stateless\\\/2021\\\/08\\\/4eedcffd-gorj_facebook_06_1080x1350.png&quot;,&quot;image_srcset&quot;:&quot;https:\\\/\\\/www.greenpeace.org\\\/static\\\/planet4-romania-stateless\\\/2021\\\/08\\\/4eedcffd-gorj_facebook_06_1080x1350.png 4320w, https:\\\/\\\/www.greenpeace.org\\\/static\\\/planet4-romania-stateless\\\/2021\\\/08\\\/4eedcffd-gorj_facebook_06_1080x1350-240x300.png 240w, https:\\\/\\\/www.greenpeace.org\\\/static\\\/planet4-romania-stateless\\\/2021\\\/08\\\/4eedcffd-gorj_facebook_06_1080x1350-819x1024.png 819w, https:\\\/\\\/www.greenpeace.org\\\/static\\\/planet4-romania-stateless\\\/2021\\\/08\\\/4eedcffd-gorj_facebook_06_1080x1350-768x960.png 768w, https:\\\/\\\/www.greenpeace.org\\\/static\\\/planet4-romania-stateless\\\/2021\\\/08\\\/4eedcffd-gorj_facebook_06_1080x1350-1229x1536.png 1229w, https:\\\/\\\/www.greenpeace.org\\\/static\\\/planet4-romania-stateless\\\/2021\\\/08\\\/4eedcffd-gorj_facebook_06_1080x1350-1638x2048.png 1638w, https:\\\/\\\/www.greenpeace.org\\\/static\\\/planet4-romania-stateless\\\/2021\\\/08\\\/4eedcffd-gorj_facebook_06_1080x1350-1093x1366.png 1093w, https:\\\/\\\/www.greenpeace.org\\\/static\\\/planet4-romania-stateless\\\/2021\\\/08\\\/4eedcffd-gorj_facebook_06_1080x1350-272x340.png 272w&quot;,&quot;image_sizes&quot;:false,&quot;alt_text&quot;:&quot;&quot;,&quot;caption&quot;:&quot;&quot;,&quot;focus_image&quot;:&quot;&quot;,&quot;credits&quot;:&quot;&quot;},{&quot;image_src&quot;:&quot;https:\\\/\\\/www.greenpeace.org\\\/static\\\/planet4-romania-stateless\\\/2021\\\/08\\\/19e62e5a-gorj_facebook_07_1080x1350.png&quot;,&quot;image_srcset&quot;:&quot;https:\\\/\\\/www.greenpeace.org\\\/static\\\/planet4-romania-stateless\\\/2021\\\/08\\\/19e62e5a-gorj_facebook_07_1080x1350.png 4320w, https:\\\/\\\/www.greenpeace.org\\\/static\\\/planet4-romania-stateless\\\/2021\\\/08\\\/19e62e5a-gorj_facebook_07_1080x1350-240x300.png 240w, https:\\\/\\\/www.greenpeace.org\\\/static\\\/planet4-romania-stateless\\\/2021\\\/08\\\/19e62e5a-gorj_facebook_07_1080x1350-819x1024.png 819w, https:\\\/\\\/www.greenpeace.org\\\/static\\\/planet4-romania-stateless\\\/2021\\\/08\\\/19e62e5a-gorj_facebook_07_1080x1350-768x960.png 768w, https:\\\/\\\/www.greenpeace.org\\\/static\\\/planet4-romania-stateless\\\/2021\\\/08\\\/19e62e5a-gorj_facebook_07_1080x1350-1229x1536.png 1229w, https:\\\/\\\/www.greenpeace.org\\\/static\\\/planet4-romania-stateless\\\/2021\\\/08\\\/19e62e5a-gorj_facebook_07_1080x1350-1638x2048.png 1638w, https:\\\/\\\/www.greenpeace.org\\\/static\\\/planet4-romania-stateless\\\/2021\\\/08\\\/19e62e5a-gorj_facebook_07_1080x1350-1093x1366.png 1093w, https:\\\/\\\/www.greenpeace.org\\\/static\\\/planet4-romania-stateless\\\/2021\\\/08\\\/19e62e5a-gorj_facebook_07_1080x1350-272x340.png 272w&quot;,&quot;image_sizes&quot;:false,&quot;alt_text&quot;:&quot;&quot;,&quot;caption&quot;:&quot;&quot;,&quot;focus_image&quot;:&quot;&quot;,&quot;credits&quot;:&quot;&quot;},{&quot;image_src&quot;:&quot;https:\\\/\\\/www.greenpeace.org\\\/static\\\/planet4-romania-stateless\\\/2021\\\/08\\\/b2fdd3b8-gorj_facebook_08_1080x1350.png&quot;,&quot;image_srcset&quot;:&quot;https:\\\/\\\/www.greenpeace.org\\\/static\\\/planet4-romania-stateless\\\/2021\\\/08\\\/b2fdd3b8-gorj_facebook_08_1080x1350.png 4320w, https:\\\/\\\/www.greenpeace.org\\\/static\\\/planet4-romania-stateless\\\/2021\\\/08\\\/b2fdd3b8-gorj_facebook_08_1080x1350-240x300.png 240w, https:\\\/\\\/www.greenpeace.org\\\/static\\\/planet4-romania-stateless\\\/2021\\\/08\\\/b2fdd3b8-gorj_facebook_08_1080x1350-819x1024.png 819w, https:\\\/\\\/www.greenpeace.org\\\/static\\\/planet4-romania-stateless\\\/2021\\\/08\\\/b2fdd3b8-gorj_facebook_08_1080x1350-768x960.png 768w, https:\\\/\\\/www.greenpeace.org\\\/static\\\/planet4-romania-stateless\\\/2021\\\/08\\\/b2fdd3b8-gorj_facebook_08_1080x1350-1229x1536.png 1229w, https:\\\/\\\/www.greenpeace.org\\\/static\\\/planet4-romania-stateless\\\/2021\\\/08\\\/b2fdd3b8-gorj_facebook_08_1080x1350-1638x2048.png 1638w, https:\\\/\\\/www.greenpeace.org\\\/static\\\/planet4-romania-stateless\\\/2021\\\/08\\\/b2fdd3b8-gorj_facebook_08_1080x1350-1093x1366.png 1093w, https:\\\/\\\/www.greenpeace.org\\\/static\\\/planet4-romania-stateless\\\/2021\\\/08\\\/b2fdd3b8-gorj_facebook_08_1080x1350-272x340.png 272w&quot;,&quot;image_sizes&quot;:false,&quot;alt_text&quot;:&quot;&quot;,&quot;caption&quot;:&quot;&quot;,&quot;focus_image&quot;:&quot;&quot;,&quot;credits&quot;:&quot;&quot;},{&quot;image_src&quot;:&quot;https:\\\/\\\/www.greenpeace.org\\\/static\\\/planet4-romania-stateless\\\/2021\\\/08\\\/91a440c8-gorj_facebook_09_1080x1350.png&quot;,&quot;image_srcset&quot;:&quot;https:\\\/\\\/www.greenpeace.org\\\/static\\\/planet4-romania-stateless\\\/2021\\\/08\\\/91a440c8-gorj_facebook_09_1080x1350.png 4320w, https:\\\/\\\/www.greenpeace.org\\\/static\\\/planet4-romania-stateless\\\/2021\\\/08\\\/91a440c8-gorj_facebook_09_1080x1350-240x300.png 240w, https:\\\/\\\/www.greenpeace.org\\\/static\\\/planet4-romania-stateless\\\/2021\\\/08\\\/91a440c8-gorj_facebook_09_1080x1350-819x1024.png 819w, https:\\\/\\\/www.greenpeace.org\\\/static\\\/planet4-romania-stateless\\\/2021\\\/08\\\/91a440c8-gorj_facebook_09_1080x1350-768x960.png 768w, https:\\\/\\\/www.greenpeace.org\\\/static\\\/planet4-romania-stateless\\\/2021\\\/08\\\/91a440c8-gorj_facebook_09_1080x1350-1229x1536.png 1229w, https:\\\/\\\/www.greenpeace.org\\\/static\\\/planet4-romania-stateless\\\/2021\\\/08\\\/91a440c8-gorj_facebook_09_1080x1350-1638x2048.png 1638w, https:\\\/\\\/www.greenpeace.org\\\/static\\\/planet4-romania-stateless\\\/2021\\\/08\\\/91a440c8-gorj_facebook_09_1080x1350-1093x1366.png 1093w, https:\\\/\\\/www.greenpeace.org\\\/static\\\/planet4-romania-stateless\\\/2021\\\/08\\\/91a440c8-gorj_facebook_09_1080x1350-272x340.png 272w&quot;,&quot;image_sizes&quot;:false,&quot;alt_text&quot;:&quot;&quot;,&quot;caption&quot;:&quot;&quot;,&quot;focus_image&quot;:&quot;&quot;,&quot;credits&quot;:&quot;&quot;},{&quot;image_src&quot;:&quot;https:\\\/\\\/www.greenpeace.org\\\/static\\\/planet4-romania-stateless\\\/2021\\\/08\\\/72d235bf-gorj_facebook_10_1080x1350.png&quot;,&quot;image_srcset&quot;:&quot;https:\\\/\\\/www.greenpeace.org\\\/static\\\/planet4-romania-stateless\\\/2021\\\/08\\\/72d235bf-gorj_facebook_10_1080x1350.png 4320w, https:\\\/\\\/www.greenpeace.org\\\/static\\\/planet4-romania-stateless\\\/2021\\\/08\\\/72d235bf-gorj_facebook_10_1080x1350-240x300.png 240w, https:\\\/\\\/www.greenpeace.org\\\/static\\\/planet4-romania-stateless\\\/2021\\\/08\\\/72d235bf-gorj_facebook_10_1080x1350-819x1024.png 819w, https:\\\/\\\/www.greenpeace.org\\\/static\\\/planet4-romania-stateless\\\/2021\\\/08\\\/72d235bf-gorj_facebook_10_1080x1350-768x960.png 768w, https:\\\/\\\/www.greenpeace.org\\\/static\\\/planet4-romania-stateless\\\/2021\\\/08\\\/72d235bf-gorj_facebook_10_1080x1350-1229x1536.png 1229w, https:\\\/\\\/www.greenpeace.org\\\/static\\\/planet4-romania-stateless\\\/2021\\\/08\\\/72d235bf-gorj_facebook_10_1080x1350-1638x2048.png 1638w, https:\\\/\\\/www.greenpeace.org\\\/static\\\/planet4-romania-stateless\\\/2021\\\/08\\\/72d235bf-gorj_facebook_10_1080x1350-1093x1366.png 1093w, https:\\\/\\\/www.greenpeace.org\\\/static\\\/planet4-romania-stateless\\\/2021\\\/08\\\/72d235bf-gorj_facebook_10_1080x1350-272x340.png 272w&quot;,&quot;image_sizes&quot;:false,&quot;alt_text&quot;:&quot;&quot;,&quot;caption&quot;:&quot;&quot;,&quot;focus_image&quot;:&quot;&quot;,&quot;credits&quot;:&quot;&quot;},{&quot;image_src&quot;:&quot;https:\\\/\\\/www.greenpeace.org\\\/static\\\/planet4-romania-stateless\\\/2021\\\/08\\\/3e10911b-gorj_facebook_11_1080x1350.png&quot;,&quot;image_srcset&quot;:&quot;https:\\\/\\\/www.greenpeace.org\\\/static\\\/planet4-romania-stateless\\\/2021\\\/08\\\/3e10911b-gorj_facebook_11_1080x1350.png 4320w, https:\\\/\\\/www.greenpeace.org\\\/static\\\/planet4-romania-stateless\\\/2021\\\/08\\\/3e10911b-gorj_facebook_11_1080x1350-240x300.png 240w, https:\\\/\\\/www.greenpeace.org\\\/static\\\/planet4-romania-stateless\\\/2021\\\/08\\\/3e10911b-gorj_facebook_11_1080x1350-819x1024.png 819w, https:\\\/\\\/www.greenpeace.org\\\/static\\\/planet4-romania-stateless\\\/2021\\\/08\\\/3e10911b-gorj_facebook_11_1080x1350-768x960.png 768w, https:\\\/\\\/www.greenpeace.org\\\/static\\\/planet4-romania-stateless\\\/2021\\\/08\\\/3e10911b-gorj_facebook_11_1080x1350-1229x1536.png 1229w, https:\\\/\\\/www.greenpeace.org\\\/static\\\/planet4-romania-stateless\\\/2021\\\/08\\\/3e10911b-gorj_facebook_11_1080x1350-1638x2048.png 1638w, https:\\\/\\\/www.greenpeace.org\\\/static\\\/planet4-romania-stateless\\\/2021\\\/08\\\/3e10911b-gorj_facebook_11_1080x1350-1093x1366.png 1093w, https:\\\/\\\/www.greenpeace.org\\\/static\\\/planet4-romania-stateless\\\/2021\\\/08\\\/3e10911b-gorj_facebook_11_1080x1350-272x340.png 272w&quot;,&quot;image_sizes&quot;:false,&quot;alt_text&quot;:&quot;&quot;,&quot;caption&quot;:&quot;&quot;,&quot;focus_image&quot;:&quot;&quot;,&quot;credits&quot;:&quot;&quot;},{&quot;image_src&quot;:&quot;https:\\\/\\\/www.greenpeace.org\\\/static\\\/planet4-romania-stateless\\\/2021\\\/08\\\/895bc806-gorj_facebook_12_1080x1350.png&quot;,&quot;image_srcset&quot;:&quot;https:\\\/\\\/www.greenpeace.org\\\/static\\\/planet4-romania-stateless\\\/2021\\\/08\\\/895bc806-gorj_facebook_12_1080x1350.png 4320w, https:\\\/\\\/www.greenpeace.org\\\/static\\\/planet4-romania-stateless\\\/2021\\\/08\\\/895bc806-gorj_facebook_12_1080x1350-240x300.png 240w, https:\\\/\\\/www.greenpeace.org\\\/static\\\/planet4-romania-stateless\\\/2021\\\/08\\\/895bc806-gorj_facebook_12_1080x1350-819x1024.png 819w, https:\\\/\\\/www.greenpeace.org\\\/static\\\/planet4-romania-stateless\\\/2021\\\/08\\\/895bc806-gorj_facebook_12_1080x1350-768x960.png 768w, https:\\\/\\\/www.greenpeace.org\\\/static\\\/planet4-romania-stateless\\\/2021\\\/08\\\/895bc806-gorj_facebook_12_1080x1350-1229x1536.png 1229w, https:\\\/\\\/www.greenpeace.org\\\/static\\\/planet4-romania-stateless\\\/2021\\\/08\\\/895bc806-gorj_facebook_12_1080x1350-1638x2048.png 1638w, https:\\\/\\\/www.greenpeace.org\\\/static\\\/planet4-romania-stateless\\\/2021\\\/08\\\/895bc806-gorj_facebook_12_1080x1350-1093x1366.png 1093w, https:\\\/\\\/www.greenpeace.org\\\/static\\\/planet4-romania-stateless\\\/2021\\\/08\\\/895bc806-gorj_facebook_12_1080x1350-272x340.png 272w&quot;,&quot;image_sizes&quot;:false,&quot;alt_text&quot;:&quot;&quot;,&quot;caption&quot;:&quot;&quot;,&quot;focus_image&quot;:&quot;&quot;,&quot;credits&quot;:&quot;&quot;},{&quot;image_src&quot;:&quot;https:\\\/\\\/www.greenpeace.org\\\/static\\\/planet4-romania-stateless\\\/2021\\\/08\\\/4f4cd8db-gorj_facebook_13_1080x1350.png&quot;,&quot;image_srcset&quot;:&quot;https:\\\/\\\/www.greenpeace.org\\\/static\\\/planet4-romania-stateless\\\/2021\\\/08\\\/4f4cd8db-gorj_facebook_13_1080x1350.png 4320w, https:\\\/\\\/www.greenpeace.org\\\/static\\\/planet4-romania-stateless\\\/2021\\\/08\\\/4f4cd8db-gorj_facebook_13_1080x1350-240x300.png 240w, https:\\\/\\\/www.greenpeace.org\\\/static\\\/planet4-romania-stateless\\\/2021\\\/08\\\/4f4cd8db-gorj_facebook_13_1080x1350-819x1024.png 819w, https:\\\/\\\/www.greenpeace.org\\\/static\\\/planet4-romania-stateless\\\/2021\\\/08\\\/4f4cd8db-gorj_facebook_13_1080x1350-768x960.png 768w, https:\\\/\\\/www.greenpeace.org\\\/static\\\/planet4-romania-stateless\\\/2021\\\/08\\\/4f4cd8db-gorj_facebook_13_1080x1350-1229x1536.png 1229w, https:\\\/\\\/www.greenpeace.org\\\/static\\\/planet4-romania-stateless\\\/2021\\\/08\\\/4f4cd8db-gorj_facebook_13_1080x1350-1638x2048.png 1638w, https:\\\/\\\/www.greenpeace.org\\\/static\\\/planet4-romania-stateless\\\/2021\\\/08\\\/4f4cd8db-gorj_facebook_13_1080x1350-1093x1366.png 1093w, https:\\\/\\\/www.greenpeace.org\\\/static\\\/planet4-romania-stateless\\\/2021\\\/08\\\/4f4cd8db-gorj_facebook_13_1080x1350-272x340.png 272w&quot;,&quot;image_sizes&quot;:false,&quot;alt_text&quot;:&quot;&quot;,&quot;caption&quot;:&quot;&quot;,&quot;focus_image&quot;:&quot;&quot;,&quot;credits&quot;:&quot;&quot;},{&quot;image_src&quot;:&quot;https:\\\/\\\/www.greenpeace.org\\\/static\\\/planet4-romania-stateless\\\/2021\\\/08\\\/dc564d35-gorj_facebook_14_1080x1350.png&quot;,&quot;image_srcset&quot;:&quot;https:\\\/\\\/www.greenpeace.org\\\/static\\\/planet4-romania-stateless\\\/2021\\\/08\\\/dc564d35-gorj_facebook_14_1080x1350.png 4320w, https:\\\/\\\/www.greenpeace.org\\\/static\\\/planet4-romania-stateless\\\/2021\\\/08\\\/dc564d35-gorj_facebook_14_1080x1350-240x300.png 240w, https:\\\/\\\/www.greenpeace.org\\\/static\\\/planet4-romania-stateless\\\/2021\\\/08\\\/dc564d35-gorj_facebook_14_1080x1350-819x1024.png 819w, https:\\\/\\\/www.greenpeace.org\\\/static\\\/planet4-romania-stateless\\\/2021\\\/08\\\/dc564d35-gorj_facebook_14_1080x1350-768x960.png 768w, https:\\\/\\\/www.greenpeace.org\\\/static\\\/planet4-romania-stateless\\\/2021\\\/08\\\/dc564d35-gorj_facebook_14_1080x1350-1229x1536.png 1229w, https:\\\/\\\/www.greenpeace.org\\\/static\\\/planet4-romania-stateless\\\/2021\\\/08\\\/dc564d35-gorj_facebook_14_1080x1350-1638x2048.png 1638w, https:\\\/\\\/www.greenpeace.org\\\/static\\\/planet4-romania-stateless\\\/2021\\\/08\\\/dc564d35-gorj_facebook_14_1080x1350-1093x1366.png 1093w, https:\\\/\\\/www.greenpeace.org\\\/static\\\/planet4-romania-stateless\\\/2021\\\/08\\\/dc564d35-gorj_facebook_14_1080x1350-272x340.png 272w&quot;,&quot;image_sizes&quot;:false,&quot;alt_text&quot;:&quot;&quot;,&quot;caption&quot;:&quot;&quot;,&quot;focus_image&quot;:&quot;&quot;,&quot;credits&quot;:&quot;&quot;},{&quot;image_src&quot;:&quot;https:\\\/\\\/www.greenpeace.org\\\/static\\\/planet4-romania-stateless\\\/2021\\\/08\\\/2fe01770-gorj_facebook_15_1080x1350.png&quot;,&quot;image_srcset&quot;:&quot;https:\\\/\\\/www.greenpeace.org\\\/static\\\/planet4-romania-stateless\\\/2021\\\/08\\\/2fe01770-gorj_facebook_15_1080x1350.png 4320w, https:\\\/\\\/www.greenpeace.org\\\/static\\\/planet4-romania-stateless\\\/2021\\\/08\\\/2fe01770-gorj_facebook_15_1080x1350-240x300.png 240w, https:\\\/\\\/www.greenpeace.org\\\/static\\\/planet4-romania-stateless\\\/2021\\\/08\\\/2fe01770-gorj_facebook_15_1080x1350-819x1024.png 819w, https:\\\/\\\/www.greenpeace.org\\\/static\\\/planet4-romania-stateless\\\/2021\\\/08\\\/2fe01770-gorj_facebook_15_1080x1350-768x960.png 768w, https:\\\/\\\/www.greenpeace.org\\\/static\\\/planet4-romania-stateless\\\/2021\\\/08\\\/2fe01770-gorj_facebook_15_1080x1350-1229x1536.png 1229w, https:\\\/\\\/www.greenpeace.org\\\/static\\\/planet4-romania-stateless\\\/2021\\\/08\\\/2fe01770-gorj_facebook_15_1080x1350-1638x2048.png 1638w, https:\\\/\\\/www.greenpeace.org\\\/static\\\/planet4-romania-stateless\\\/2021\\\/08\\\/2fe01770-gorj_facebook_15_1080x1350-1093x1366.png 1093w, https:\\\/\\\/www.greenpeace.org\\\/static\\\/planet4-romania-stateless\\\/2021\\\/08\\\/2fe01770-gorj_facebook_15_1080x1350-272x340.png 272w&quot;,&quot;image_sizes&quot;:false,&quot;alt_text&quot;:&quot;&quot;,&quot;caption&quot;:&quot;&quot;,&quot;focus_image&quot;:&quot;&quot;,&quot;credits&quot;:&quot;&quot;}]}}\"><\/div>\n<p><em>\u201eScopul nostru, ca \u0219i autoritate jude\u021bean\u0103, este s\u0103 exploat\u0103m toate resursele financiare disponibile \u0219i s\u0103 valorific\u0103m poten\u021bialul de dezvoltare pe care \u00eel are jude\u021bul, pentru a crea \u00een Gorj un mediu economic s\u0103n\u0103tos \u0219i durabil. Avem resursele necesare, avem deschiderea necesar\u0103 \u0219i, acum, datorit\u0103 acestui studiu, avem \u0219i o analiz\u0103 aprofundat\u0103 a unora dintre domeniile cu poten\u021bial uria\u0219 de dezvoltare. Sunt sigur c\u0103 vor fi valorificate \u0219i se vor concretiza \u00een investi\u021bii care, \u00een final, vor duce la rezultatul pe care ni-l dorim cu to\u021bii: locuri de munc\u0103 \u0219i sustenabilitate \u00een mediul antreprenorial. Oferim sprijin necondi\u021bionat \u0219i sus\u021binem orice ini\u021biativ\u0103 care este \u00een beneficiul jude\u021bului \u0219i care ajut\u0103 la dezvoltare \u0219i diversificare economic\u0103 a Gorjului\u201d<\/em>, a afirmat Pre\u0219edintele Consiliului Jude\u021bean, Cosmin-Mihai Popescu.<\/p>\n\n<p class=\"has-text-align-left\"><em>\u201eJude\u021bul Gorj va fi unul dintre cele mai afectate teritorii &#8211; economic \u0219i social &#8211; \u00een procesul de tranzi\u021bie c\u0103tre o economie circular\u0103 \u0219i neutr\u0103 din punct de vedere climatic. \u00cen acest context, am facilitat realizarea unui studiu aplicat pe aceast\u0103 regiune \u0219i axat pe solu\u021bii care s\u0103 ajute Gorjul s\u0103 profite de existen\u021ba fondurilor europene disponibile \u0219i astfel s\u0103 devin\u0103 un pionier al tranzi\u021biei energetice \u00een Rom\u00e2nia. Jude\u021bul are o serie de avantaje competitive care \u00eel pot propulsa \u00een principalul furnizor de energie fotovoltaic\u0103 din \u021bar\u0103.\u201d<\/em>, a declarat Vlad C\u0103tun\u0103, coordonator de campanii Greenpeace Rom\u00e2nia.<\/p>\n\n<p><em>\u201eTranzi\u021bia energetic\u0103 verde, care presupune reducerea aproape complet\u0103 a emisiilor de gaze cu efect de ser\u0103 pe continentul european p\u00e2n\u0103 la mijlocul secolului, \u00eenseamn\u0103 nu doar o provocare, ci \u0219i o \u0219ans\u0103 pentru regiunile carbonifere ale Europei, printre care se num\u0103r\u0103 \u0219i jude\u021bul Gorj. Cu resursele sale umane \u0219i cu resursele financiare disponibile la nivel european \u0219i na\u021bional, Gorjul poate deveni \u00een relativ scurt timp un mare beneficiar al tranzi\u021biei. Studiul EPG eviden\u021biaz\u0103 poten\u021bialul natural \u0219i economic al jude\u021bului pentru tranzi\u021bia sustenabil\u0103 \u0219i propune recomand\u0103ri de politici menite a accelera acest proces, \u00een interesul primordial al gorjenilor.\u201d,<\/em> potrivit lui Radu Dud\u0103u, co-autor al studiului.<\/p>\n\n<figure class=\"wp-block-embed aligncenter is-type-video is-provider-youtube wp-block-embed-youtube wp-embed-aspect-16-9 wp-has-aspect-ratio\"><div class=\"wp-block-embed__wrapper\">\n<lite-youtube style=\"background-image: url('https:\/\/i.ytimg.com\/vi\/U92V3ZlJPuE\/hqdefault.jpg');\" videoid=\"U92V3ZlJPuE\" params=\"rel=0\"><\/lite-youtube>\n<\/div><\/figure>\n\n<p class=\"has-text-align-center\"><strong>Versiunea \u00een englez\u0103 a studiului poate fi accesat\u0103 integral <a rel=\"noreferrer noopener\" href=\"https:\/\/www.greenpeace.org\/static\/planet4-romania-stateless\/2021\/09\/71a79aa6-en_tranzitia-sustenabila-a-judetului-gorj.pdf\" target=\"_blank\">aici<\/a>.<\/strong><\/p>\n","protected":false},"excerpt":{"rendered":"<p>Joi, 2 septembrie 2021, s-a lansat, la T\u00e2rgu Jiu, studiul \u201eTranzi\u021bia sustenabil\u0103 a jude\u021bului Gorj\u201d, realizat de c\u0103tre Energy Policy Group (EPG) la solicitarea Greenpeace Rom\u00e2nia, \u00een beneficiul jude\u021bului Gorj. <\/p>\n","protected":false},"author":34,"featured_media":6460,"comment_status":"open","ping_status":"closed","sticky":false,"template":"","format":"standard","meta":{"ep_exclude_from_search":false,"p4_og_title":"","p4_og_description":"","p4_og_image":"","p4_og_image_id":"","p4_seo_canonical_url":"","p4_campaign_name":"not set","p4_local_project":"not set","p4_basket_name":"not set","p4_department":"","footnotes":""},"categories":[2,31],"tags":[7,73],"p4-page-type":[],"class_list":["post-6398","post","type-post","status-publish","format-standard","has-post-thumbnail","hentry","category-clima-si-energie","category-greenpeace","tag-energie-regenerabila","tag-tranzitie-justa-1"],"_links":{"self":[{"href":"https:\/\/www.greenpeace.org\/romania\/wp-json\/wp\/v2\/posts\/6398","targetHints":{"allow":["GET"]}}],"collection":[{"href":"https:\/\/www.greenpeace.org\/romania\/wp-json\/wp\/v2\/posts"}],"about":[{"href":"https:\/\/www.greenpeace.org\/romania\/wp-json\/wp\/v2\/types\/post"}],"author":[{"embeddable":true,"href":"https:\/\/www.greenpeace.org\/romania\/wp-json\/wp\/v2\/users\/34"}],"replies":[{"embeddable":true,"href":"https:\/\/www.greenpeace.org\/romania\/wp-json\/wp\/v2\/comments?post=6398"}],"version-history":[{"count":20,"href":"https:\/\/www.greenpeace.org\/romania\/wp-json\/wp\/v2\/posts\/6398\/revisions"}],"predecessor-version":[{"id":11226,"href":"https:\/\/www.greenpeace.org\/romania\/wp-json\/wp\/v2\/posts\/6398\/revisions\/11226"}],"wp:featuredmedia":[{"embeddable":true,"href":"https:\/\/www.greenpeace.org\/romania\/wp-json\/wp\/v2\/media\/6460"}],"wp:attachment":[{"href":"https:\/\/www.greenpeace.org\/romania\/wp-json\/wp\/v2\/media?parent=6398"}],"wp:term":[{"taxonomy":"category","embeddable":true,"href":"https:\/\/www.greenpeace.org\/romania\/wp-json\/wp\/v2\/categories?post=6398"},{"taxonomy":"post_tag","embeddable":true,"href":"https:\/\/www.greenpeace.org\/romania\/wp-json\/wp\/v2\/tags?post=6398"},{"taxonomy":"p4-page-type","embeddable":true,"href":"https:\/\/www.greenpeace.org\/romania\/wp-json\/wp\/v2\/p4-page-type?post=6398"}],"curies":[{"name":"wp","href":"https:\/\/api.w.org\/{rel}","templated":true}]}}