{"id":6544,"date":"2021-09-14T12:57:06","date_gmt":"2021-09-14T09:57:06","guid":{"rendered":"https:\/\/www.greenpeace.org\/romania\/?p=6544"},"modified":"2026-04-02T13:34:48","modified_gmt":"2026-04-02T10:34:48","slug":"mobilitatea-urbana-povestea-antoniei-o-tanara-mama-din-brasov","status":"publish","type":"post","link":"https:\/\/www.greenpeace.org\/romania\/articol\/6544\/mobilitatea-urbana-povestea-antoniei-o-tanara-mama-din-brasov\/","title":{"rendered":"Mobilitatea urban\u0103: povestea Antoniei, o t\u00e2n\u0103r\u0103 mam\u0103 din Bra\u0219ov"},"content":{"rendered":"\n<p><em>Ca parte a S\u0103pt\u0103m\u00e2nii Europene a Mobilit\u0103\u021bii, campania #MobilityForAll a realizat o serie de interviuri cu persoane din comunit\u0103\u021bi insuficient reprezentate \u00een Europa, rug\u00e2ndu-le s\u0103 \u00ee\u0219i descrie experien\u021bele de zi cu zi din ora\u0219ele lor. Aceasta e povestea Antoniei Macsim.<\/em><\/p>\n\n<div class=\"wp-block-image\"><figure class=\"aligncenter size-large is-resized\"><img loading=\"lazy\" decoding=\"async\" src=\"https:\/\/www.greenpeace.org\/static\/planet4-romania-stateless\/2021\/09\/77ea26f5-antonia.jpg\" alt=\"\" class=\"wp-image-6545\" width=\"392\" height=\"523\" srcset=\"https:\/\/www.greenpeace.org\/static\/planet4-romania-stateless\/2021\/09\/77ea26f5-antonia.jpg 768w, https:\/\/www.greenpeace.org\/static\/planet4-romania-stateless\/2021\/09\/77ea26f5-antonia-225x300.jpg 225w, https:\/\/www.greenpeace.org\/static\/planet4-romania-stateless\/2021\/09\/77ea26f5-antonia-255x340.jpg 255w\" sizes=\"auto, (max-width: 392px) 100vw, 392px\" \/><\/figure><\/div>\n\n<p><strong>Cum e pentru tine s\u0103 te deplasezi prin ora\u0219?&nbsp;<\/strong><\/p>\n\n<p>De c\u00e2nd am devenit mam\u0103, acum 17 luni, am realizat cum e s\u0103 te deplasezi toat\u0103 ziua prin ora\u0219, s\u0103 cari cu tine o mul\u021bime de lucruri, ca de pild\u0103 un c\u0103rucior, un copil, bagaje. \u00cenainte s\u0103 devin mam\u0103, plimb\u0103rile mele prin ora\u0219 erau scurte \u0219i aveau un scop precis, pentru c\u0103 prefer s\u0103-mi petrec timpul mai degrab\u0103 \u00een natur\u0103. Din p\u0103cate, aceast\u0103 schimbare din via\u021ba mea mi-a ar\u0103tat c\u00e2t de neprietenos e ora\u0219ul \u00een care tr\u0103iesc vis-a-vis de copii \u0219i mame \u0219i c\u0103 \u0219i eu, la r\u00e2ndul meu, trebuie s\u0103 fac mai multe schimb\u0103ri. Deplasarea prin ora\u0219 va deveni destul de dificil\u0103 pe m\u0103sur\u0103 ce copilul va cre\u0219te.<\/p>\n\n<p><strong>Descrie o deplasare obi\u0219nuit\u0103 prin ora\u0219. Ce provoc\u0103ri \u00eent\u00e2mpini?&nbsp;<\/strong><\/p>\n\n<p>\u00cen primele dou\u0103 luni mi-am purtat copilul \u00eentr-un sistem ergonomic, a\u0219a c\u0103 nu am observat aceste probleme dec\u00e2t atunci c\u00e2nd am \u00eenceput s\u0103 folosesc c\u0103ruciorul. Atunci am descoperit c\u0103 nu exist\u0103 ramp\u0103 pentru c\u0103rucioare \u00een blocul \u00een care locuiesc. A\u0219a c\u0103 dup\u0103 ce cobor opt etaje cu liftul, trebuie s\u0103-mi \u021bin copilul \u00een bra\u021be \u0219i s\u0103 car \u0219i c\u0103ruciorul \u00eenc\u0103 opt trepte. Asta se \u00eent\u00e2mpl\u0103 chiar dac\u0103 legisla\u021bia din Rom\u00e2nia prevede c\u0103 fiecare bloc de apartamente sau cl\u0103dire trebuie s\u0103 aib\u0103 amenajat\u0103 o astfel de ramp\u0103 de acces. Dup\u0103 ce dep\u0103\u0219esc etapele astea, ajung \u00een ora\u0219, unde cea mai mare provocare sunt trotuarele cu borduri prea \u00eenalte, ceea ce \u00eenseamn\u0103 c\u0103 trebuie s\u0103 ridic de fiecare c\u0103ruciorul. Sunt \u0219i pline de gropi, ceea ce face traseul extrem de dificil. Sunt \u0219i pline de ma\u0219ini parcate. Nu toate autobuzele au rampe de acces pentru c\u0103rucioare. Toate astea \u0219i nu numai, lipsa rampelor \u00een cl\u0103dirile publice administrative, lipsa pasajelor pietonale corespunz\u0103toare, \u00eemi \u00eengreuneaz\u0103 deplasarea prin ora\u0219 \u00eempreun\u0103 cu copilul.&nbsp;<\/p>\n\n<div class=\"wp-block-image\"><figure class=\"aligncenter size-large is-resized\"><img loading=\"lazy\" decoding=\"async\" src=\"https:\/\/www.greenpeace.org\/static\/planet4-romania-stateless\/2021\/09\/a2003a58-antonia-2.jpg\" alt=\"\" class=\"wp-image-6546\" width=\"612\" height=\"408\" srcset=\"https:\/\/www.greenpeace.org\/static\/planet4-romania-stateless\/2021\/09\/a2003a58-antonia-2.jpg 768w, https:\/\/www.greenpeace.org\/static\/planet4-romania-stateless\/2021\/09\/a2003a58-antonia-2-300x200.jpg 300w, https:\/\/www.greenpeace.org\/static\/planet4-romania-stateless\/2021\/09\/a2003a58-antonia-2-510x340.jpg 510w\" sizes=\"auto, (max-width: 612px) 100vw, 612px\" \/><\/figure><\/div>\n\n<p><strong>Dac\u0103 ai putea s\u0103 recreezi ora\u0219ul t\u0103u ideal din perspectiva mobilit\u0103\u021bii, cum ar ar\u0103ta acesta?&nbsp;<\/strong><\/p>\n\n<p>Toate trotuarele ar asigura acces pietonilor \u0219i c\u0103rucioarelor pentru copii, nu ar fi pline de gropi \u0219i nu ar fi ocupate de ma\u0219ini parcate. Ar fi spa\u021bii sigure pentru oameni. \u00cen general, ora\u0219ul meu ideal ar avea o infrastructur\u0103 foarte bun\u0103, care ar prioritiza siguran\u021ba oamenilor \u0219i care ar include rampe de acces la intrarea \u00een fiecare cl\u0103dire.&nbsp;<\/p>\n\n<p><strong>Cum s-ar schimba via\u021ba ta dac\u0103 aceste m\u0103suri ar fi implementate?&nbsp;<\/strong><\/p>\n\n<p>Ar fi mult mai u\u0219oar\u0103 pentru mine \u0219i copilul meu. Am solicitat punerea lor \u00een practic\u0103 \u00een repetate r\u00e2nduri \u0219i le-am f\u0103cut publice, \u00eens\u0103 f\u0103r\u0103 rezulta, a\u0219a c\u0103 nu mai pot s\u0103 a\u0219tept ca administra\u021bia local\u0103 s\u0103 ia m\u0103suri. Am decis s\u0103 ne mut\u0103m la \u021bar\u0103, \u00een natur\u0103, departe de ora\u0219ul poluat \u0219i g\u0103l\u0103gios.<\/p>\n\n<div class=\"wp-block-image\"><figure class=\"aligncenter size-large is-resized\"><img loading=\"lazy\" decoding=\"async\" src=\"https:\/\/www.greenpeace.org\/static\/planet4-romania-stateless\/2021\/09\/08c9e9d2-antonia-3.jpg\" alt=\"\" class=\"wp-image-6547\" width=\"651\" height=\"435\" srcset=\"https:\/\/www.greenpeace.org\/static\/planet4-romania-stateless\/2021\/09\/08c9e9d2-antonia-3.jpg 768w, https:\/\/www.greenpeace.org\/static\/planet4-romania-stateless\/2021\/09\/08c9e9d2-antonia-3-300x200.jpg 300w, https:\/\/www.greenpeace.org\/static\/planet4-romania-stateless\/2021\/09\/08c9e9d2-antonia-3-510x340.jpg 510w\" sizes=\"auto, (max-width: 651px) 100vw, 651px\" \/><\/figure><\/div>\n\n<p><strong>Dac\u0103 ai avea ocazia, ce le-ai spune politicienilor despre mobilitatea urban\u0103?&nbsp;<\/strong><\/p>\n\n<p>Le-a\u0219 spune ca timp de o zi s\u0103 se deplaseze prin ora\u0219 al\u0103turi de mine sau de orice alt\u0103 mam\u0103, ca s\u0103 \u00een\u021beleag\u0103 despre ce vorbim. Nu cer nimic ie\u0219it din comun. Cer un lucru normal, care \u00een alte \u021b\u0103ri exist\u0103 de ani de zile.&nbsp;<\/p>\n\n<p><em>Mobility For All colaboreaz\u0103 cu o serie de parteneri pentru a promova beneficiile mobilit\u0103\u021bii urbane alternative pentru locuitori, indiferent de mediul din care provin sau de statutul socio-economic.&nbsp;<\/em><\/p>\n\n<p class=\"has-text-align-center has-green-500-background-color has-background\"><strong><em>Al\u0103tur\u0103-te campaniei!<\/em><\/strong><\/p>\n\n<p><em>Urm\u0103re\u0219te hashtag-ul #Mobility4All \u0219i hai s\u0103 cerem o transformare radical\u0103 a ora\u0219elor \u0219i s\u0103 cerem factorilor de decizie s\u0103 ia m\u0103suri \u0219i s\u0103 ac\u021bioneze \u00een urm\u0103toarele direc\u021bii:&nbsp;<\/em><\/p>\n\n<ul class=\"wp-block-list\"><li><em>Zone centrale f\u0103r\u0103 ma\u0219ini \u0219i\/sau crearea de zone urbane cu emisii sc\u0103zute&nbsp;<\/em><\/li><li><em>\u00cembun\u0103t\u0103\u021birea mijloacelor de transport \u00een comun, de exemplu re\u021beaua de electrificare, cre\u0219terea frecven\u021bei c\u0103l\u0103toriilor, cre\u0219terea nivelului de siguran\u021b\u0103&nbsp;<\/em><\/li><li><em>Cre\u0219terea sprijinului acordat mobilit\u0103\u021bii urbane comune (bike sharing\/car sharing)&nbsp;<\/em><\/li><li><em>\u00cembun\u0103t\u0103\u021birea infrastructurii pentru trafic pietonal \u0219i ciclism&nbsp;<\/em><\/li><li><em>Mai multe spa\u021bii verzi.<\/em><\/li><\/ul>\n\n<p class=\"has-text-align-center\"><strong>Articolul \u00een englez\u0103, <a href=\"https:\/\/www.greenpeace.org\/international\/story\/49440\/mobility-and-the-city-5-questions-romania\/\" target=\"_blank\" rel=\"noreferrer noopener\">aici<\/a>.<\/strong><\/p>\n","protected":false},"excerpt":{"rendered":"<p>Ca parte a S\u0103pt\u0103m\u00e2nii Europene a Mobilit\u0103\u021bii, campania #MobilityForAll a realizat o serie de interviuri cu persoane din comunit\u0103\u021bi insuficient reprezentate \u00een Europa, rug\u00e2ndu-le s\u0103 \u00ee\u0219i descrie experien\u021bele de zi&hellip;<\/p>\n","protected":false},"author":34,"featured_media":6548,"comment_status":"open","ping_status":"closed","sticky":false,"template":"","format":"standard","meta":{"ep_exclude_from_search":false,"p4_og_title":"","p4_og_description":"","p4_og_image":"","p4_og_image_id":"","p4_seo_canonical_url":"","p4_campaign_name":"not set","p4_local_project":"not set","p4_basket_name":"not set","p4_department":"","footnotes":""},"categories":[2,31],"tags":[35,132],"p4-page-type":[],"class_list":["post-6544","post","type-post","status-publish","format-standard","has-post-thumbnail","hentry","category-clima-si-energie","category-greenpeace","tag-poluare","tag-campanii-vechi"],"_links":{"self":[{"href":"https:\/\/www.greenpeace.org\/romania\/wp-json\/wp\/v2\/posts\/6544","targetHints":{"allow":["GET"]}}],"collection":[{"href":"https:\/\/www.greenpeace.org\/romania\/wp-json\/wp\/v2\/posts"}],"about":[{"href":"https:\/\/www.greenpeace.org\/romania\/wp-json\/wp\/v2\/types\/post"}],"author":[{"embeddable":true,"href":"https:\/\/www.greenpeace.org\/romania\/wp-json\/wp\/v2\/users\/34"}],"replies":[{"embeddable":true,"href":"https:\/\/www.greenpeace.org\/romania\/wp-json\/wp\/v2\/comments?post=6544"}],"version-history":[{"count":7,"href":"https:\/\/www.greenpeace.org\/romania\/wp-json\/wp\/v2\/posts\/6544\/revisions"}],"predecessor-version":[{"id":12524,"href":"https:\/\/www.greenpeace.org\/romania\/wp-json\/wp\/v2\/posts\/6544\/revisions\/12524"}],"wp:featuredmedia":[{"embeddable":true,"href":"https:\/\/www.greenpeace.org\/romania\/wp-json\/wp\/v2\/media\/6548"}],"wp:attachment":[{"href":"https:\/\/www.greenpeace.org\/romania\/wp-json\/wp\/v2\/media?parent=6544"}],"wp:term":[{"taxonomy":"category","embeddable":true,"href":"https:\/\/www.greenpeace.org\/romania\/wp-json\/wp\/v2\/categories?post=6544"},{"taxonomy":"post_tag","embeddable":true,"href":"https:\/\/www.greenpeace.org\/romania\/wp-json\/wp\/v2\/tags?post=6544"},{"taxonomy":"p4-page-type","embeddable":true,"href":"https:\/\/www.greenpeace.org\/romania\/wp-json\/wp\/v2\/p4-page-type?post=6544"}],"curies":[{"name":"wp","href":"https:\/\/api.w.org\/{rel}","templated":true}]}}