{"id":6643,"date":"2021-09-27T20:27:13","date_gmt":"2021-09-27T17:27:13","guid":{"rendered":"https:\/\/www.greenpeace.org\/romania\/?p=6643"},"modified":"2021-09-29T18:42:47","modified_gmt":"2021-09-29T15:42:47","slug":"cernobil-35-de-ani-mai-tarziu","status":"publish","type":"post","link":"https:\/\/www.greenpeace.org\/romania\/articol\/6643\/cernobil-35-de-ani-mai-tarziu\/","title":{"rendered":"Ce s-a \u00eent\u00e2mplat la Cernob\u00eel?"},"content":{"rendered":"\n<p>Pe 26 aprilie 1986, reactorul 4 al centralei nucleare din Cernob\u00eel explodeaz\u0103, cauz\u00e2nd ceea ce Organiza\u021bia Na\u021biunilor Unite avea s\u0103 numeasc\u0103 mai t\u00e2rziu \u201ecel mai mare dezastru ecologic din istoria umanit\u0103\u021bii.\u201d \u00cen urma exploziei \u0219i a incendiului, cl\u0103direa reactorului e demolat\u0103 \u0219i cantit\u0103\u021bi mari de radia\u021bii sunt eliberate \u00een atmosfer\u0103. M\u0103surile de siguran\u021b\u0103 sunt ignorate, iar uraniul din reactor se supra\u00eenc\u0103lze\u0219te \u0219i se tope\u0219te prin bariera protectoare.&nbsp;<\/p>\n\n<p><br>\u00cen lipsa unor date ini\u021biale concludente, este dificil de stabilit cu exactitate num\u0103rul de victime. Conform unei <a href=\"https:\/\/wayback.archive-it.org\/9650\/20200404181205\/http:\/\/p3-raw.greenpeace.org\/international\/en\/news\/features\/chernobyl-deaths-180406\/\">cercet\u0103ri <\/a>efectuate de Greenpeace, num\u0103rul deceselor cauzate de expunerea la radia\u021bii se apropie de 100.000. \u0218i pentru c\u0103, \u00een prezent, mai exist\u0103 oameni care tr\u0103iesc \u00een zonele contaminate \u0219i care sunt expu\u0219i \u00een continuare la radia\u021bii, acest num\u0103r va continua s\u0103 creasc\u0103.<\/p>\n\n<div class=\"wp-block-image\"><figure class=\"aligncenter size-large is-resized\"><img loading=\"lazy\" decoding=\"async\" src=\"https:\/\/www.greenpeace.org\/static\/planet4-romania-stateless\/2021\/09\/ee7be52a-3-1.jpg\" alt=\"\" class=\"wp-image-6644\" width=\"588\" height=\"392\" srcset=\"https:\/\/www.greenpeace.org\/static\/planet4-romania-stateless\/2021\/09\/ee7be52a-3-1.jpg 800w, https:\/\/www.greenpeace.org\/static\/planet4-romania-stateless\/2021\/09\/ee7be52a-3-1-300x200.jpg 300w, https:\/\/www.greenpeace.org\/static\/planet4-romania-stateless\/2021\/09\/ee7be52a-3-1-768x512.jpg 768w, https:\/\/www.greenpeace.org\/static\/planet4-romania-stateless\/2021\/09\/ee7be52a-3-1-510x340.jpg 510w\" sizes=\"auto, (max-width: 588px) 100vw, 588px\" \/><\/figure><\/div>\n\n<p class=\"has-text-align-center\"><strong>C\u00e2teva lucruri pe care poate c\u0103 nu le \u0219tiai despre Cernob\u00eel<\/strong><\/p>\n\n<ul class=\"wp-block-list\"><li>Aproximativ cinci milioane de persoane din Ucraine, Belarus \u0219i Rusia tr\u0103iesc \u0219i azi \u00een zone recunoscute la nivel oficial drept contaminate. Conform estim\u0103rilor Organiza\u021biei Mondiale a S\u0103n\u0103t\u0103\u021bii, efectele dezastrului nuclear de la Cernob\u00eel pot duce la \u00eenc\u0103 9.000 de decese. Zece reactoare de acela\u0219i tip ca cel folosit \u00een 1986 sunt opera\u021bionale \u0219i azi \u00een Rusia, din Leningrad la Smolensk la Kursk. Oamenii care tr\u0103iesc \u00een aceste zone sunt expu\u0219i constant la doze ridicate de radia\u021bii, conform unei <a href=\"https:\/\/wayback.archive-it.org\/9650\/20200409062940\/http:\/\/p3-raw.greenpeace.org\/international\/Global\/international\/publications\/nuclear\/2016\/Nuclear_Scars.pdf\">cercet\u0103ri <\/a>realizate de Greenpeace \u00een colaborare cu oameni de \u0219tiin\u021b\u0103 din Ucraina.&nbsp;<\/li><li>Cantitatea de radia\u021bii eliberat\u0103 este de cel pu\u021bin 100 de ori mai puternic\u0103 dec\u00e2t cea eliberat\u0103 de bombele atomice de la Nagasaki \u0219i Hiroshima.<\/li><li>Ploi radioactive au fost \u00eenregistrate p\u00e2n\u0103 \u0219i \u00een Irlanda. Ucraina, Belarus \u0219i Rusia au fost \u021b\u0103rile cele mai afectate, \u00eenregistr\u00e2nd 63% din cantitatea total\u0103 de radia\u021bii emis\u0103 la Cernob\u00eel.<\/li><li>Animalele care tr\u0103iesc \u00een zona de excludere din jurul Cernob\u00eelului manifest\u0103 o rat\u0103 a mortalit\u0103\u021bii mai mare, un num\u0103r crescut de muta\u021bii genetice \u0219i o rat\u0103 de \u00eenmul\u021bire sc\u0103zut\u0103.<\/li><\/ul>\n\n<div class=\"wp-block-image\"><figure class=\"aligncenter size-large is-resized\"><img loading=\"lazy\" decoding=\"async\" src=\"https:\/\/www.greenpeace.org\/static\/planet4-romania-stateless\/2021\/09\/b712d6ca-gp030vh-768x508-1.jpg\" alt=\"\" class=\"wp-image-6648\" width=\"697\" height=\"460\" srcset=\"https:\/\/www.greenpeace.org\/static\/planet4-romania-stateless\/2021\/09\/b712d6ca-gp030vh-768x508-1.jpg 768w, https:\/\/www.greenpeace.org\/static\/planet4-romania-stateless\/2021\/09\/b712d6ca-gp030vh-768x508-1-300x198.jpg 300w, https:\/\/www.greenpeace.org\/static\/planet4-romania-stateless\/2021\/09\/b712d6ca-gp030vh-768x508-1-510x337.jpg 510w\" sizes=\"auto, (max-width: 697px) 100vw, 697px\" \/><\/figure><\/div>\n\n<ul class=\"wp-block-list\"><li>Ai putea crede c\u0103 celelalte reactoare de la Cernob\u00eel au fost oprite imediat, dar 3 dintre ele au fost repornite \u0219i folosite pentru o perioad\u0103 de \u00eenc\u0103 13 ani!<\/li><\/ul>\n\n<div class=\"wp-block-image\"><figure class=\"aligncenter size-large is-resized\"><img loading=\"lazy\" decoding=\"async\" src=\"https:\/\/www.greenpeace.org\/static\/planet4-romania-stateless\/2021\/09\/e0470abd-gp04k4b-1024x679-1.jpg\" alt=\"\" class=\"wp-image-6647\" width=\"697\" height=\"463\" srcset=\"https:\/\/www.greenpeace.org\/static\/planet4-romania-stateless\/2021\/09\/e0470abd-gp04k4b-1024x679-1.jpg 1024w, https:\/\/www.greenpeace.org\/static\/planet4-romania-stateless\/2021\/09\/e0470abd-gp04k4b-1024x679-1-300x199.jpg 300w, https:\/\/www.greenpeace.org\/static\/planet4-romania-stateless\/2021\/09\/e0470abd-gp04k4b-1024x679-1-768x509.jpg 768w, https:\/\/www.greenpeace.org\/static\/planet4-romania-stateless\/2021\/09\/e0470abd-gp04k4b-1024x679-1-510x338.jpg 510w\" sizes=\"auto, (max-width: 697px) 100vw, 697px\" \/><\/figure><\/div>\n\n<ul class=\"wp-block-list\"><li>P\u0103durea din apropiere a fost numit\u0103 \u201ep\u0103durea ro\u0219ie\u201d deoarece radia\u021biile i-au dat o nuan\u021b\u0103 puternic ro\u0219cat\u0103, l\u0103s\u00e2nd doar moarte \u00een urma lor.<\/li><\/ul>\n\n<div class=\"wp-block-image\"><figure class=\"aligncenter size-large is-resized\"><img loading=\"lazy\" decoding=\"async\" src=\"https:\/\/www.greenpeace.org\/static\/planet4-romania-stateless\/2021\/09\/b1672aca-gp0310p-1024x768-1.jpg\" alt=\"\" class=\"wp-image-6649\" width=\"707\" height=\"531\" srcset=\"https:\/\/www.greenpeace.org\/static\/planet4-romania-stateless\/2021\/09\/b1672aca-gp0310p-1024x768-1.jpg 1024w, https:\/\/www.greenpeace.org\/static\/planet4-romania-stateless\/2021\/09\/b1672aca-gp0310p-1024x768-1-300x225.jpg 300w, https:\/\/www.greenpeace.org\/static\/planet4-romania-stateless\/2021\/09\/b1672aca-gp0310p-1024x768-1-768x576.jpg 768w, https:\/\/www.greenpeace.org\/static\/planet4-romania-stateless\/2021\/09\/b1672aca-gp0310p-1024x768-1-453x340.jpg 453w\" sizes=\"auto, (max-width: 707px) 100vw, 707px\" \/><\/figure><\/div>\n\n<ul class=\"wp-block-list\"><li>Pr\u00eepeat este un ora\u0219 foarte contaminat \u0219i va r\u0103m\u00e2ne abandonat deoarece plutoniul are nevoie de mai mult de 24 000 de ani pentru a-\u0219i reduce doar jum\u0103tate din intensitate.<\/li><li>Radia\u021biile au fost at\u00e2t de puternice \u00eenc\u00e2t ochii pompierului Vladimir Pravik \u0219i-au schimbat culoarea din c\u0103prui \u00een albastru.<\/li><\/ul>\n\n<div class=\"wp-block-image\"><figure class=\"aligncenter size-large is-resized\"><img loading=\"lazy\" decoding=\"async\" src=\"https:\/\/www.greenpeace.org\/static\/planet4-romania-stateless\/2021\/09\/dc8fc852-gp03125-1024x768-1.jpg\" alt=\"\" class=\"wp-image-6650\" width=\"715\" height=\"537\" srcset=\"https:\/\/www.greenpeace.org\/static\/planet4-romania-stateless\/2021\/09\/dc8fc852-gp03125-1024x768-1.jpg 1024w, https:\/\/www.greenpeace.org\/static\/planet4-romania-stateless\/2021\/09\/dc8fc852-gp03125-1024x768-1-300x225.jpg 300w, https:\/\/www.greenpeace.org\/static\/planet4-romania-stateless\/2021\/09\/dc8fc852-gp03125-1024x768-1-768x576.jpg 768w, https:\/\/www.greenpeace.org\/static\/planet4-romania-stateless\/2021\/09\/dc8fc852-gp03125-1024x768-1-453x340.jpg 453w\" sizes=\"auto, (max-width: 715px) 100vw, 715px\" \/><\/figure><\/div>\n\n<ul class=\"wp-block-list\"><li>Suedia a fost prima \u021bar\u0103 care a informat lumea \u00eentreag\u0103 despre dezastru \u00een timp ce guvernul ucrainean a decis, la \u00eenceput, s\u0103 \u021bin\u0103 secret\u0103 \u0219tirea despre explozie.<\/li><li>\u00cen zonele contaminate, Cernob\u00eelul afecteaz\u0103 fiecare aspect din vie\u021bile oamenilor, radia\u021bia afl\u00e2ndu-se \u00een m\u00e2ncarea lor, \u00een laptele \u0219i \u00een apa pe care le consum\u0103, \u00een \u0219coli, parcuri \u0219i terenuri de joac\u0103 pentru copii \u0219i \u00een lemnul folosit pentru \u00eenc\u0103lzire.<\/li><\/ul>\n\n<div class=\"wp-block-image\"><figure class=\"aligncenter size-large is-resized\"><img loading=\"lazy\" decoding=\"async\" src=\"https:\/\/www.greenpeace.org\/static\/planet4-romania-stateless\/2021\/09\/3530384b-gp0stpl9f-1024x679-1.jpg\" alt=\"\" class=\"wp-image-6651\" width=\"735\" height=\"487\" srcset=\"https:\/\/www.greenpeace.org\/static\/planet4-romania-stateless\/2021\/09\/3530384b-gp0stpl9f-1024x679-1.jpg 1024w, https:\/\/www.greenpeace.org\/static\/planet4-romania-stateless\/2021\/09\/3530384b-gp0stpl9f-1024x679-1-300x199.jpg 300w, https:\/\/www.greenpeace.org\/static\/planet4-romania-stateless\/2021\/09\/3530384b-gp0stpl9f-1024x679-1-768x509.jpg 768w, https:\/\/www.greenpeace.org\/static\/planet4-romania-stateless\/2021\/09\/3530384b-gp0stpl9f-1024x679-1-510x338.jpg 510w\" sizes=\"auto, (max-width: 735px) 100vw, 735px\" \/><\/figure><\/div>\n\n<p class=\"has-text-align-left\"><strong>35 de ani mai t\u00e2rziu<\/strong><\/p>\n\n<p class=\"has-text-align-left\">Dezastrul de la Cernob\u00eel nu a r\u0103mas \u00een trecut. Efectele lui continu\u0103 s\u0103 fie resim\u021bite, iar acum, \u00een toiul crizei climatice, pericolul nu face dec\u00e2t s\u0103 se amplifice. \u00centre timp, autorit\u0103\u021bile nu sunt nici acum preg\u0103tite s\u0103 fac\u0103 fa\u021b\u0103 provoc\u0103rilor. M\u0103surile de dezactivare a zonelor contaminate fie nu exist\u0103, fie &#8211; acolo unde exist\u0103 tehnologiile necesare &#8211; nu sunt corelate cu suficiente resurse pentru a fi implementate. Mai mult, industria nuclear\u0103 \u0219i guvernele sus\u021bin\u0103toare din Ucraina, Rusia \u0219i Belarus vor s\u0103 cheltuiasc\u0103 miliarde pe alte proiecte nucleare, ignor\u00e2ndu-\u0219i responsabilitatea fa\u021b\u0103 de supravie\u021buitorii de la Cernob\u00eel \u0219i ascunz\u00e2nd realit\u0103\u021bile zilnice cu care se confrunt\u0103 acum localnicii.<\/p>\n\n<p class=\"has-grey-900-color has-text-color\"><strong>Ce trebuie s\u0103 se \u00eent\u00e2mple?<\/strong><\/p>\n\n<p>Energia nuclear\u0103 nu are ce s\u0103 caute \u00eentr-un viitor stabil, curat \u0219i sustenabil. E greu de imaginat orice alt domeniu al activit\u0103\u021bii umane unde o gre\u0219eal\u0103 s\u0103 poat\u0103 s\u0103 duc\u0103 la consecin\u021be at\u00e2t de grave, de lung\u0103 durat\u0103. Pre\u021bul toxic al energiei nucleare nu este pl\u0103tit nici de guverne, nici de companii, ci de oamenii obi\u0219nui\u021bi, care \u00ee\u0219i risc\u0103 s\u0103n\u0103tatea \u0219i via\u021ba genera\u021bii la r\u00e2nd. <\/p>\n\n<p class=\"has-text-align-center has-grey-900-color has-yellow-background-color has-text-color has-background\"><strong>Era energiei nucleare s-a terminat. E timpul pentru una nou\u0103, cea a energiei curate, regenerabile!<\/strong><\/p>\n\n<p>Sectorul energiei nucleare distrage aten\u021bia public\u0103 de la solu\u021biile energetice sustenabile de care avem nevoie. Guvernele \u0219i companiile din \u00eentreaga lume trebuie s\u0103 opreasc\u0103 construirea oric\u0103ror noi facilit\u0103\u021bi nucleare, s\u0103 opreasc\u0103 func\u021bionarea celor existente \u0219i s\u0103 prioritizeze investi\u021bii \u00een surse de energie curate, regenerabile, de viitor.&nbsp;<\/p>\n\n<p class=\"has-text-align-center has-green-500-background-color has-background\"><strong><a rel=\"noreferrer noopener\" href=\"https:\/\/act.greenpeace.org\/page\/56290\/petition\/1\" target=\"_blank\">\u00censcrie-te la newsletter-ul nostru<\/a>, r\u0103m\u00e2i la curent cu tot ceea ce facem \u00een campania de Clim\u0103 \u0219i Energie \u0219i afl\u0103 cum po\u021bi s\u0103 te implici, al\u0103turi de comunitatea noastr\u0103, pentru un viitor verde. <\/strong><\/p>\n\n<p><\/p>\n","protected":false},"excerpt":{"rendered":"<p>35 de ani mai t\u00e2rziu, impactul dezastrului nuclear de la Cernob\u00eel continu\u0103 s\u0103 fie resim\u021bit, iar acum, \u00een toiul crizei climatice, pericolul nu face dec\u00e2t s\u0103 se amplifice. <\/p>\n","protected":false},"author":34,"featured_media":6653,"comment_status":"open","ping_status":"closed","sticky":false,"template":"","format":"standard","meta":{"ep_exclude_from_search":false,"p4_og_title":"","p4_og_description":"","p4_og_image":"","p4_og_image_id":"","p4_seo_canonical_url":"","p4_campaign_name":"not set","p4_local_project":"not set","p4_basket_name":"not set","p4_department":"","footnotes":""},"categories":[2,31],"tags":[35,36,68,99],"p4-page-type":[],"class_list":["post-6643","post","type-post","status-publish","format-standard","has-post-thumbnail","hentry","category-clima-si-energie","category-greenpeace","tag-poluare","tag-criza-climatica","tag-energie","tag-cernobil"],"_links":{"self":[{"href":"https:\/\/www.greenpeace.org\/romania\/wp-json\/wp\/v2\/posts\/6643","targetHints":{"allow":["GET"]}}],"collection":[{"href":"https:\/\/www.greenpeace.org\/romania\/wp-json\/wp\/v2\/posts"}],"about":[{"href":"https:\/\/www.greenpeace.org\/romania\/wp-json\/wp\/v2\/types\/post"}],"author":[{"embeddable":true,"href":"https:\/\/www.greenpeace.org\/romania\/wp-json\/wp\/v2\/users\/34"}],"replies":[{"embeddable":true,"href":"https:\/\/www.greenpeace.org\/romania\/wp-json\/wp\/v2\/comments?post=6643"}],"version-history":[{"count":11,"href":"https:\/\/www.greenpeace.org\/romania\/wp-json\/wp\/v2\/posts\/6643\/revisions"}],"predecessor-version":[{"id":6666,"href":"https:\/\/www.greenpeace.org\/romania\/wp-json\/wp\/v2\/posts\/6643\/revisions\/6666"}],"wp:featuredmedia":[{"embeddable":true,"href":"https:\/\/www.greenpeace.org\/romania\/wp-json\/wp\/v2\/media\/6653"}],"wp:attachment":[{"href":"https:\/\/www.greenpeace.org\/romania\/wp-json\/wp\/v2\/media?parent=6643"}],"wp:term":[{"taxonomy":"category","embeddable":true,"href":"https:\/\/www.greenpeace.org\/romania\/wp-json\/wp\/v2\/categories?post=6643"},{"taxonomy":"post_tag","embeddable":true,"href":"https:\/\/www.greenpeace.org\/romania\/wp-json\/wp\/v2\/tags?post=6643"},{"taxonomy":"p4-page-type","embeddable":true,"href":"https:\/\/www.greenpeace.org\/romania\/wp-json\/wp\/v2\/p4-page-type?post=6643"}],"curies":[{"name":"wp","href":"https:\/\/api.w.org\/{rel}","templated":true}]}}