{"id":6668,"date":"2021-10-05T21:29:35","date_gmt":"2021-10-05T18:29:35","guid":{"rendered":"https:\/\/www.greenpeace.org\/romania\/?p=6668"},"modified":"2026-04-02T13:47:00","modified_gmt":"2026-04-02T10:47:00","slug":"iasul-vrea-parc-natural","status":"publish","type":"post","link":"https:\/\/www.greenpeace.org\/romania\/articol\/6668\/iasul-vrea-parc-natural\/","title":{"rendered":"Ia\u0219ul vrea parc natural!"},"content":{"rendered":"\n<h2 class=\"wp-block-heading\"><span class=\"has-inline-color has-grey-800-color\">7 prim\u0103rii, consilii jude\u021bene \u0219i locale, precum \u0219i cele mai active organiza\u021bii civice ie\u0219ene au semnat un memorandum pentru \u00eenfiin\u021barea Parcului Natural Codrii Ia\u0219ilor<\/span><\/h2>\n\n<div class=\"wp-block-image\"><figure class=\"aligncenter size-large is-resized\"><img loading=\"lazy\" decoding=\"async\" src=\"https:\/\/www.greenpeace.org\/static\/planet4-romania-stateless\/2021\/10\/a963e750-drona-photo-op-codrii-iasilor-1024x489.png\" alt=\"\" class=\"wp-image-6696\" width=\"1185\" height=\"566\" srcset=\"https:\/\/www.greenpeace.org\/static\/planet4-romania-stateless\/2021\/10\/a963e750-drona-photo-op-codrii-iasilor-1024x489.png 1024w, https:\/\/www.greenpeace.org\/static\/planet4-romania-stateless\/2021\/10\/a963e750-drona-photo-op-codrii-iasilor-300x143.png 300w, https:\/\/www.greenpeace.org\/static\/planet4-romania-stateless\/2021\/10\/a963e750-drona-photo-op-codrii-iasilor-768x367.png 768w, https:\/\/www.greenpeace.org\/static\/planet4-romania-stateless\/2021\/10\/a963e750-drona-photo-op-codrii-iasilor-510x243.png 510w, https:\/\/www.greenpeace.org\/static\/planet4-romania-stateless\/2021\/10\/a963e750-drona-photo-op-codrii-iasilor.png 1362w\" sizes=\"auto, (max-width: 1185px) 100vw, 1185px\" \/><figcaption>Ac\u021biune Greenpeace pe Dealul fosilifer Repedea, de unde se intr\u0103 \u00een Codrii Ia\u0219ilor (Foto: Ionu\u021b Brigle \/ Greenpeace)<\/figcaption><\/figure><\/div>\n\n<p><em>Tab\u0103ra Greenpeace Rom\u00e2nia de activism pentru Codrii Ia\u0219ilor, care a avut loc \u00eentre 27 septembrie \u0219i 4 octombrie \u00een P\u0103durea B\u00e2rnova-Dobrov\u0103\u021b, s-a \u00eencheiat cu succes. Organiza\u021bia de mediu a adus la aceea\u0219i mas\u0103 autorit\u0103\u021bile \u0219i societatea civil\u0103 ie\u0219ean\u0103 pentru crearea Parcului Natural Codrii Ia\u0219ilor.<\/em><\/p>\n\n<div class=\"wp-block-image\"><figure class=\"aligncenter size-large\"><img loading=\"lazy\" decoding=\"async\" width=\"1024\" height=\"682\" src=\"https:\/\/www.greenpeace.org\/static\/planet4-romania-stateless\/2021\/10\/9d3741a7-001.-primaria-iasi-foto-ioana-moldovan-1024x682.jpg\" alt=\"\" class=\"wp-image-6675\" srcset=\"https:\/\/www.greenpeace.org\/static\/planet4-romania-stateless\/2021\/10\/9d3741a7-001.-primaria-iasi-foto-ioana-moldovan-1024x682.jpg 1024w, https:\/\/www.greenpeace.org\/static\/planet4-romania-stateless\/2021\/10\/9d3741a7-001.-primaria-iasi-foto-ioana-moldovan-300x200.jpg 300w, https:\/\/www.greenpeace.org\/static\/planet4-romania-stateless\/2021\/10\/9d3741a7-001.-primaria-iasi-foto-ioana-moldovan-768x512.jpg 768w, https:\/\/www.greenpeace.org\/static\/planet4-romania-stateless\/2021\/10\/9d3741a7-001.-primaria-iasi-foto-ioana-moldovan-1536x1024.jpg 1536w, https:\/\/www.greenpeace.org\/static\/planet4-romania-stateless\/2021\/10\/9d3741a7-001.-primaria-iasi-foto-ioana-moldovan-510x340.jpg 510w, https:\/\/www.greenpeace.org\/static\/planet4-romania-stateless\/2021\/10\/9d3741a7-001.-primaria-iasi-foto-ioana-moldovan.jpg 2000w\" sizes=\"auto, (max-width: 1024px) 100vw, 1024px\" \/><figcaption>Primarul Ia\u0219ului, Mihai Chiric\u0103, \u021bine un banner al\u0103turi de activi\u0219ti Greenpeace dup\u0103 o \u00eent\u00e2lnire cu ace\u0219tia \u00een Prim\u0103ria Ia\u0219i (Foto: Ioana Moldovan \/ Greenpeace)<\/figcaption><\/figure><\/div>\n\n<p>Primarii localit\u0103\u021bilor din zon\u0103 (inclusiv Primarul Municipiului Ia\u0219i), reprezentan\u021bii celor mai active ONG-uri civice ie\u0219ene, precum \u0219i antreprenori locali au semnat, la finalul dezbaterii organizate de Greenpeace Rom\u00e2nia pe platoul \u201eArca lui Noe\u201d din B\u00e2rnova, un Memorandum pentru \u00cenfiin\u021barea Parcului Natural Codrii Ia\u0219ilor. Documentul, ce reprezint\u0103 angajamentul comun al semnatarilor pentru protejarea celei mai de pre\u021b resurse naturale din zon\u0103, a fost oficializat pe 1 octombrie 2021 de: Mihai Chirica (Prim\u0103ria Ia\u0219i), C\u0103t\u0103lin Martinu\u0219 (Prim\u0103ria Dobrov\u0103\u021b), C\u0103t\u0103lin Lupu (Prim\u0103ria Ciurea), Victor T\u0103n\u0103suc\u0103 (Prim\u0103ria B\u00e2rnova), Grigore Corciov\u0103 (Prim\u0103ria Schitu-Duca), Ana Raluca Ro\u0219u (Consiliul Local Ia\u0219i), Marius Mihai Ciobanu (Consiliul Jude\u021bean Ia\u0219i), Anca Elena Chiril\u0103 Gheorghic\u0103 (Asocia\u021bia Mai Bine), Daniela Mitrofan (Reset), Alexandrina Dinga (Asocia\u021bia Civica), C\u0103t\u0103lin Maxim (BioNEst Cluster), Mihai Diac (Codrii Ia\u0219ilor), Ciprian G\u0103lu\u0219c\u0103 (Greenpeace Rom\u00e2nia). Dezbaterea a fost moderat\u0103 de Ioana Soreanu (Radio Ia\u0219i).<\/p>\n\n<div class=\"wp-block-image\"><figure class=\"aligncenter size-large\"><img loading=\"lazy\" decoding=\"async\" width=\"1024\" height=\"682\" src=\"https:\/\/www.greenpeace.org\/static\/planet4-romania-stateless\/2021\/10\/dc747aa5-007.-primarii-locali-sustin-parcul-natural-foto-ioana-moldovan-1024x682.jpg\" alt=\"\" class=\"wp-image-6676\" srcset=\"https:\/\/www.greenpeace.org\/static\/planet4-romania-stateless\/2021\/10\/dc747aa5-007.-primarii-locali-sustin-parcul-natural-foto-ioana-moldovan-1024x682.jpg 1024w, https:\/\/www.greenpeace.org\/static\/planet4-romania-stateless\/2021\/10\/dc747aa5-007.-primarii-locali-sustin-parcul-natural-foto-ioana-moldovan-300x200.jpg 300w, https:\/\/www.greenpeace.org\/static\/planet4-romania-stateless\/2021\/10\/dc747aa5-007.-primarii-locali-sustin-parcul-natural-foto-ioana-moldovan-768x512.jpg 768w, https:\/\/www.greenpeace.org\/static\/planet4-romania-stateless\/2021\/10\/dc747aa5-007.-primarii-locali-sustin-parcul-natural-foto-ioana-moldovan-1536x1024.jpg 1536w, https:\/\/www.greenpeace.org\/static\/planet4-romania-stateless\/2021\/10\/dc747aa5-007.-primarii-locali-sustin-parcul-natural-foto-ioana-moldovan-510x340.jpg 510w, https:\/\/www.greenpeace.org\/static\/planet4-romania-stateless\/2021\/10\/dc747aa5-007.-primarii-locali-sustin-parcul-natural-foto-ioana-moldovan.jpg 2000w\" sizes=\"auto, (max-width: 1024px) 100vw, 1024px\" \/><figcaption>Primarii locali, reprezentan\u021bi ai consiliilor locale \u0219i jude\u021bene, al\u0103turi de societatea civil\u0103, sus\u021bin Parcul Natural Codrii Ia\u0219ilor (Foto: Ioana Moldovan \/ Greenpeace)<\/figcaption><\/figure><\/div>\n\n<p>Parcul Natural este un teritoriu delimitat \u00een care valorile naturale, istorice \u0219i culturale sunt protejate pe baza unui regulament decis de reprezentan\u021bii comunit\u0103\u021bii, pentru o conservare \u0219i dezvoltare durabil\u0103. Prin instituirea Parcului Natural Codrii Ia\u0219ilor se dore\u0219te recunoa\u0219terea, conservarea \u0219i promovarea valorilor ridicate de biodiversitate, a valorilor culturale, precum \u0219i a valorii serviciilor ecosistemice critice pentru comunit\u0103\u021bile locale pe care acesta le confer\u0103.<\/p>\n\n<div class=\"wp-block-image\"><figure class=\"aligncenter size-large\"><img loading=\"lazy\" decoding=\"async\" width=\"1024\" height=\"667\" src=\"https:\/\/www.greenpeace.org\/static\/planet4-romania-stateless\/2021\/10\/d4fc0d1e-017.-tur-repedea-3-foto-raluca-rusu-1024x667.jpg\" alt=\"\" class=\"wp-image-6677\" srcset=\"https:\/\/www.greenpeace.org\/static\/planet4-romania-stateless\/2021\/10\/d4fc0d1e-017.-tur-repedea-3-foto-raluca-rusu-1024x667.jpg 1024w, https:\/\/www.greenpeace.org\/static\/planet4-romania-stateless\/2021\/10\/d4fc0d1e-017.-tur-repedea-3-foto-raluca-rusu-300x195.jpg 300w, https:\/\/www.greenpeace.org\/static\/planet4-romania-stateless\/2021\/10\/d4fc0d1e-017.-tur-repedea-3-foto-raluca-rusu-768x500.jpg 768w, https:\/\/www.greenpeace.org\/static\/planet4-romania-stateless\/2021\/10\/d4fc0d1e-017.-tur-repedea-3-foto-raluca-rusu-1536x1000.jpg 1536w, https:\/\/www.greenpeace.org\/static\/planet4-romania-stateless\/2021\/10\/d4fc0d1e-017.-tur-repedea-3-foto-raluca-rusu-2048x1333.jpg 2048w, https:\/\/www.greenpeace.org\/static\/planet4-romania-stateless\/2021\/10\/d4fc0d1e-017.-tur-repedea-3-foto-raluca-rusu-510x332.jpg 510w\" sizes=\"auto, (max-width: 1024px) 100vw, 1024px\" \/><figcaption>Tur ghidat de grupul de ini\u021biativ\u0103 Codrii Ia\u0219ilor pe traseul Greenpeace marcat informativ \u00een P\u0103durea B\u00e2rnova (Foto: Raluca Rusu \/ Greenpeace)<\/figcaption><\/figure><\/div>\n\n<p>\u201eDincolo de aceast\u0103 dezbatere vital\u0103 pentru conservarea p\u0103durii \u0219i deschiderea ei c\u0103tre publicul larg, nu doar c\u0103tre industriile exploatatoare, credem c\u0103 orice ora\u0219 care se respect\u0103 merit\u0103 s\u0103 aib\u0103 un punct de contemplare. Dup\u0103 o s\u0103pt\u0103m\u00e2n\u0103 de activit\u0103\u021bi, l\u0103s\u0103m \u00een urm\u0103 un observator pe Platoul Repedea \u0219i un traseu cu panouri informative despre p\u0103dure de care sper\u0103m c\u0103 ie\u0219enii se vor bucura, protej\u00e2ndu-\u0219i \u00een acela\u0219i timp comoara verde de la sud de ora\u0219. Pe l\u00e2ng\u0103 lucrurile fizice, l\u0103s\u0103m \u00een urm\u0103 speran\u021be \u0219i a\u0219tept\u0103ri c\u0103 Parcul Natural Codrii Ia\u0219ilor va deveni realitate\u201d, a declarat Ciprian G\u0103lu\u0219c\u0103, coordonatorul campaniei pentru p\u0103duri \u0219i biodiversitate, Greenpeace Rom\u00e2nia.<\/p>\n\n<div class=\"wp-block-image\"><figure class=\"aligncenter size-large is-resized\"><img loading=\"lazy\" decoding=\"async\" src=\"https:\/\/www.greenpeace.org\/static\/planet4-romania-stateless\/2021\/10\/b389b9d9-022.-pavilionul-greenpeace-foto-denis-blidariu-768x1024.jpg\" alt=\"\" class=\"wp-image-6678\" width=\"432\" height=\"576\" srcset=\"https:\/\/www.greenpeace.org\/static\/planet4-romania-stateless\/2021\/10\/b389b9d9-022.-pavilionul-greenpeace-foto-denis-blidariu-768x1024.jpg 768w, https:\/\/www.greenpeace.org\/static\/planet4-romania-stateless\/2021\/10\/b389b9d9-022.-pavilionul-greenpeace-foto-denis-blidariu-225x300.jpg 225w, https:\/\/www.greenpeace.org\/static\/planet4-romania-stateless\/2021\/10\/b389b9d9-022.-pavilionul-greenpeace-foto-denis-blidariu-1152x1536.jpg 1152w, https:\/\/www.greenpeace.org\/static\/planet4-romania-stateless\/2021\/10\/b389b9d9-022.-pavilionul-greenpeace-foto-denis-blidariu-1025x1366.jpg 1025w, https:\/\/www.greenpeace.org\/static\/planet4-romania-stateless\/2021\/10\/b389b9d9-022.-pavilionul-greenpeace-foto-denis-blidariu-255x340.jpg 255w, https:\/\/www.greenpeace.org\/static\/planet4-romania-stateless\/2021\/10\/b389b9d9-022.-pavilionul-greenpeace-foto-denis-blidariu.jpg 1536w\" sizes=\"auto, (max-width: 432px) 100vw, 432px\" \/><figcaption>Punctul de observare Greenpeace pe Platoul Repedea, Ia\u0219i <br>(Foto: Denis Blidariu \/ Greenpeace)<\/figcaption><\/figure><\/div>\n\n<div class=\"wp-block-image\"><figure class=\"aligncenter size-large\"><img loading=\"lazy\" decoding=\"async\" width=\"1024\" height=\"683\" src=\"https:\/\/www.greenpeace.org\/static\/planet4-romania-stateless\/2021\/10\/f183e249-pavilion-greenpeace-foto-ionut-caras-1024x683.jpg\" alt=\"\" class=\"wp-image-6699\" srcset=\"https:\/\/www.greenpeace.org\/static\/planet4-romania-stateless\/2021\/10\/f183e249-pavilion-greenpeace-foto-ionut-caras-1024x683.jpg 1024w, https:\/\/www.greenpeace.org\/static\/planet4-romania-stateless\/2021\/10\/f183e249-pavilion-greenpeace-foto-ionut-caras-300x200.jpg 300w, https:\/\/www.greenpeace.org\/static\/planet4-romania-stateless\/2021\/10\/f183e249-pavilion-greenpeace-foto-ionut-caras-768x512.jpg 768w, https:\/\/www.greenpeace.org\/static\/planet4-romania-stateless\/2021\/10\/f183e249-pavilion-greenpeace-foto-ionut-caras-1536x1024.jpg 1536w, https:\/\/www.greenpeace.org\/static\/planet4-romania-stateless\/2021\/10\/f183e249-pavilion-greenpeace-foto-ionut-caras-510x340.jpg 510w, https:\/\/www.greenpeace.org\/static\/planet4-romania-stateless\/2021\/10\/f183e249-pavilion-greenpeace-foto-ionut-caras.jpg 2048w\" sizes=\"auto, (max-width: 1024px) 100vw, 1024px\" \/><figcaption>Pavilionul Greenpeace imaginat de fotograful <a rel=\"noreferrer noopener\" href=\"http:\/\/www.carasdesign.com\" target=\"_blank\">Ionu\u021b Cara\u0219<\/a> ca un spa\u021biu de contemplare a galaxiei<br>Album foto complet: <a href=\"https:\/\/www.facebook.com\/carasdesign.ro\/posts\/4652294948165953\" target=\"_blank\" rel=\"noreferrer noopener\">https:\/\/www.facebook.com\/carasdesign.ro\/posts\/4652294948165953<\/a><\/figcaption><\/figure><\/div>\n\n<h2 class=\"wp-block-heading\"><strong>C\u00e2teva cifre din s\u0103pt\u0103m\u00e2n\u0103 de activism Greenpeace \u00een Codrii Ia\u0219ilor<\/strong><\/h2>\n\n<div class=\"wp-block-image\"><figure class=\"aligncenter size-large\"><img loading=\"lazy\" decoding=\"async\" width=\"1024\" height=\"537\" src=\"https:\/\/www.greenpeace.org\/static\/planet4-romania-stateless\/2021\/10\/60ced02a-cover-event-fb-radiog-02-1024x537.png\" alt=\"\" class=\"wp-image-6672\" srcset=\"https:\/\/www.greenpeace.org\/static\/planet4-romania-stateless\/2021\/10\/60ced02a-cover-event-fb-radiog-02-1024x537.png 1024w, https:\/\/www.greenpeace.org\/static\/planet4-romania-stateless\/2021\/10\/60ced02a-cover-event-fb-radiog-02-300x157.png 300w, https:\/\/www.greenpeace.org\/static\/planet4-romania-stateless\/2021\/10\/60ced02a-cover-event-fb-radiog-02-768x402.png 768w, https:\/\/www.greenpeace.org\/static\/planet4-romania-stateless\/2021\/10\/60ced02a-cover-event-fb-radiog-02-1536x805.png 1536w, https:\/\/www.greenpeace.org\/static\/planet4-romania-stateless\/2021\/10\/60ced02a-cover-event-fb-radiog-02-510x267.png 510w, https:\/\/www.greenpeace.org\/static\/planet4-romania-stateless\/2021\/10\/60ced02a-cover-event-fb-radiog-02.png 1920w\" sizes=\"auto, (max-width: 1024px) 100vw, 1024px\" \/><figcaption><a href=\"https:\/\/campaniamea.declic.ro\/petitions\/salvati-codrii-seculari-ai-iasiului-1\" target=\"_blank\" rel=\"noreferrer noopener\">https:\/\/campaniamea.declic.ro\/petitions\/salvati-codrii-seculari-ai-iasiului-1<\/a><\/figcaption><\/figure><\/div>\n\n<ul class=\"wp-block-list\"><li>&nbsp;27 de saci de gunoi str\u00e2n\u0219i de pe Dealul Repedea \u0219i din P\u0103durea B\u00e2rnova<\/li><li>9 tururi ghidate de biologi \u0219i speciali\u0219ti \u00een via\u021b\u0103 s\u0103lbatic\u0103 \u00een P\u0103durile B\u00e2rnova \u0219i Dobrov\u0103\u021b, la care au participat peste 500 de localnici \u0219i iubitori ai naturii<\/li><li>5 ateliere pentru copii de pictat pietre, ghivece \u0219i creat p\u0103pu\u0219i, la care au participat circa 100 de copii<\/li><li>un curs de activism civic cu jurnalistul Mihai Dragolea \u0219i activistul Greenpeace Ionu\u021b Brigle<\/li><li>sute de vizitatori \u0219i fotografi la punctul de observa\u021bie construit de Greenpeace \u0219i Zo Kraft pe Platoul Repedea (\u201eLa Releu\u201d), de unde oricine poate vedea, \u00een zilele senine, profilul Muntelui Ceahl\u0103u la apus \u0219i poate porni pe traseul Greenpeace &amp; Codrii Ia\u0219ilor din P\u0103durea B\u00e2rnova<\/li><li>13 panouri informative despre biodiversitatea zonei \u0219i marcaje de orientare pentru cei care doresc s\u0103 viziteze P\u0103durea B\u00e2rnova<\/li><li>un concert la apus de soare oferit de muzicianul \u0218tefan Nidal (chitar\u0103, caval, tilinci, voce) la punctul de observa\u021bie Greenpeace de pe Dealul Repedea<\/li><li>o comunitate de oameni adu\u0219i \u00eempreun\u0103 de dragostea pentru Ia\u0219i, \u00eemprejurimi \u0219i P\u0103durea B\u00e2rnova-Dobrov\u0103\u021b<\/li><\/ul>\n\n<p><strong>Eveniment Facebook:<\/strong> <a href=\"https:\/\/fb.me\/e\/Pt1CLTCo\">https:\/\/fb.me\/e\/Pt1CLTCo<\/a><\/p>\n\n<div class=\"wp-block-image\"><figure class=\"aligncenter size-large\"><img loading=\"lazy\" decoding=\"async\" width=\"1024\" height=\"683\" src=\"https:\/\/www.greenpeace.org\/static\/planet4-romania-stateless\/2021\/10\/4976729f-013.-concert-nidal-la-apus-foto-paul-diac-1024x683.jpg\" alt=\"\" class=\"wp-image-6681\" srcset=\"https:\/\/www.greenpeace.org\/static\/planet4-romania-stateless\/2021\/10\/4976729f-013.-concert-nidal-la-apus-foto-paul-diac-1024x683.jpg 1024w, https:\/\/www.greenpeace.org\/static\/planet4-romania-stateless\/2021\/10\/4976729f-013.-concert-nidal-la-apus-foto-paul-diac-300x200.jpg 300w, https:\/\/www.greenpeace.org\/static\/planet4-romania-stateless\/2021\/10\/4976729f-013.-concert-nidal-la-apus-foto-paul-diac-768x512.jpg 768w, https:\/\/www.greenpeace.org\/static\/planet4-romania-stateless\/2021\/10\/4976729f-013.-concert-nidal-la-apus-foto-paul-diac-1536x1024.jpg 1536w, https:\/\/www.greenpeace.org\/static\/planet4-romania-stateless\/2021\/10\/4976729f-013.-concert-nidal-la-apus-foto-paul-diac-510x340.jpg 510w, https:\/\/www.greenpeace.org\/static\/planet4-romania-stateless\/2021\/10\/4976729f-013.-concert-nidal-la-apus-foto-paul-diac.jpg 2048w\" sizes=\"auto, (max-width: 1024px) 100vw, 1024px\" \/><figcaption>Concert \u0218tefan Nidal la apus pe pontonul Pavilionului Greenpeace, Platoul Repedea, Ia\u0219i (Foto: Paul Diac \/ Codrii Ia\u0219ilor)<\/figcaption><\/figure><\/div>\n\n<p>\u201eUrm\u0103torul pas este o \u00eent\u00e2lnire de lucru cu juri\u0219tii Greenpeace \u0219i semnatarii memorandumului \u00een vederea str\u00e2ngerii documentelor necesare pentru dosarul de fundamentare a \u00eenfiin\u021b\u0103rii Parcului Natural Codrii Ia\u0219ilor. Cel mai important dintre acestea este un studiu \u0219tiin\u021bific realizat de biologi, geografi \u0219i speciali\u0219ti \u00een biodiversitate care s\u0103 ateste valoarea excep\u021bional\u0103 a P\u0103durii B\u00e2rnova-Dobrov\u0103\u021b \u0219i a Locului Fosilifer Dealul Repedea, care \u00een acest moment nu au parte de protec\u021bia necesar\u0103 pentru a nu fi distruse \u00eempreun\u0103 cu speciile rare pe care le g\u0103zduiesc\u201d, spun reprezentan\u021bii organiza\u021biei de mediu.<\/p>\n\n<div class=\"wp-block-image\"><figure class=\"aligncenter size-large\"><img loading=\"lazy\" decoding=\"async\" width=\"1024\" height=\"683\" src=\"https:\/\/www.greenpeace.org\/static\/planet4-romania-stateless\/2021\/10\/44a78e34-018.-tur-repedea-4-foto-cosmin-jurca-1024x683.jpg\" alt=\"\" class=\"wp-image-6688\" srcset=\"https:\/\/www.greenpeace.org\/static\/planet4-romania-stateless\/2021\/10\/44a78e34-018.-tur-repedea-4-foto-cosmin-jurca-1024x683.jpg 1024w, https:\/\/www.greenpeace.org\/static\/planet4-romania-stateless\/2021\/10\/44a78e34-018.-tur-repedea-4-foto-cosmin-jurca-300x200.jpg 300w, https:\/\/www.greenpeace.org\/static\/planet4-romania-stateless\/2021\/10\/44a78e34-018.-tur-repedea-4-foto-cosmin-jurca-768x512.jpg 768w, https:\/\/www.greenpeace.org\/static\/planet4-romania-stateless\/2021\/10\/44a78e34-018.-tur-repedea-4-foto-cosmin-jurca-1536x1024.jpg 1536w, https:\/\/www.greenpeace.org\/static\/planet4-romania-stateless\/2021\/10\/44a78e34-018.-tur-repedea-4-foto-cosmin-jurca-510x340.jpg 510w, https:\/\/www.greenpeace.org\/static\/planet4-romania-stateless\/2021\/10\/44a78e34-018.-tur-repedea-4-foto-cosmin-jurca.jpg 1620w\" sizes=\"auto, (max-width: 1024px) 100vw, 1024px\" \/><figcaption>Tur ghidat \u00een P\u0103durea B\u00e2rnova pe traseul educativ Greenpeace x Codrii Ia\u0219ilor (Foto: Cosmin Jurca \/ Codrii Ia\u0219ilor)<\/figcaption><\/figure><\/div>\n\n<p>Greenpeace Rom\u00e2nia \u021bine s\u0103 mul\u021bumeasc\u0103 grupului de ini\u021biativ\u0103 \u201c<a rel=\"noreferrer noopener\" href=\"https:\/\/www.facebook.com\/codrii.iasilor\/\" target=\"_blank\">Codrii Ia\u0219ilor \u2013 cunoa\u0219tem, pre\u021buim, p\u0103str\u0103m<\/a>\u201d \u0219i societ\u0103\u021bii civile din zon\u0103, autorit\u0103\u021bilor locale \u0219i semnatarilor memorandumului, localnicilor, presei, voluntarilor care \u0219i-au pus corturile \u00een octombrie la temperaturi sc\u0103zute ca s\u0103 lupte pentru p\u0103dure. \u201eA fost o bucurie s\u0103 facem toate aceste lucruri \u00eempreun\u0103, ne revedem cur\u00e2nd s\u0103 ducem p\u00e2n\u0103 la cap\u0103t crearea Parcului Natural Codrii Ia\u0219ilor!\u201d<\/p>\n\n<p><strong>Dac\u0103 nu a\u021bi semnat \u00eenc\u0103 peti\u021bia pentru protejarea P\u0103durii B\u00e2rnova-Dobrov\u0103\u021b, acum este momentul! <\/strong><a rel=\"noreferrer noopener\" href=\"https:\/\/campaniamea.declic.ro\/petitions\/salvati-codrii-seculari-ai-iasiului-1\" target=\"_blank\">act.gp\/codriiiasilor<\/a><\/p>\n\n<figure class=\"wp-block-embed aligncenter is-type-video is-provider-youtube wp-block-embed-youtube wp-embed-aspect-16-9 wp-has-aspect-ratio\"><div class=\"wp-block-embed__wrapper\">\n<lite-youtube style=\"background-image: url('https:\/\/i.ytimg.com\/vi\/xoyO_p26AYQ\/hqdefault.jpg');\" videoid=\"xoyO_p26AYQ\" params=\"rel=0\"><\/lite-youtube>\n<\/div><\/figure>\n","protected":false},"excerpt":{"rendered":"<p>7 prim\u0103rii, consilii jude\u021bene \u0219i locale, precum \u0219i cele mai active organiza\u021bii civice ie\u0219ene au semnat un memorandum pentru \u00eenfiin\u021barea Parcului Natural Codrii Ia\u0219ilor<\/p>\n","protected":false},"author":33,"featured_media":6696,"comment_status":"open","ping_status":"closed","sticky":false,"template":"","format":"standard","meta":{"ep_exclude_from_search":false,"p4_og_title":"","p4_og_description":"","p4_og_image":"","p4_og_image_id":"","p4_seo_canonical_url":"","p4_campaign_name":"not set","p4_local_project":"not set","p4_basket_name":"not set","p4_department":"","footnotes":""},"categories":[31,3],"tags":[45],"p4-page-type":[],"class_list":["post-6668","post","type-post","status-publish","format-standard","has-post-thumbnail","hentry","category-greenpeace","category-paduri","tag-paduri"],"_links":{"self":[{"href":"https:\/\/www.greenpeace.org\/romania\/wp-json\/wp\/v2\/posts\/6668","targetHints":{"allow":["GET"]}}],"collection":[{"href":"https:\/\/www.greenpeace.org\/romania\/wp-json\/wp\/v2\/posts"}],"about":[{"href":"https:\/\/www.greenpeace.org\/romania\/wp-json\/wp\/v2\/types\/post"}],"author":[{"embeddable":true,"href":"https:\/\/www.greenpeace.org\/romania\/wp-json\/wp\/v2\/users\/33"}],"replies":[{"embeddable":true,"href":"https:\/\/www.greenpeace.org\/romania\/wp-json\/wp\/v2\/comments?post=6668"}],"version-history":[{"count":18,"href":"https:\/\/www.greenpeace.org\/romania\/wp-json\/wp\/v2\/posts\/6668\/revisions"}],"predecessor-version":[{"id":12549,"href":"https:\/\/www.greenpeace.org\/romania\/wp-json\/wp\/v2\/posts\/6668\/revisions\/12549"}],"wp:featuredmedia":[{"embeddable":true,"href":"https:\/\/www.greenpeace.org\/romania\/wp-json\/wp\/v2\/media\/6696"}],"wp:attachment":[{"href":"https:\/\/www.greenpeace.org\/romania\/wp-json\/wp\/v2\/media?parent=6668"}],"wp:term":[{"taxonomy":"category","embeddable":true,"href":"https:\/\/www.greenpeace.org\/romania\/wp-json\/wp\/v2\/categories?post=6668"},{"taxonomy":"post_tag","embeddable":true,"href":"https:\/\/www.greenpeace.org\/romania\/wp-json\/wp\/v2\/tags?post=6668"},{"taxonomy":"p4-page-type","embeddable":true,"href":"https:\/\/www.greenpeace.org\/romania\/wp-json\/wp\/v2\/p4-page-type?post=6668"}],"curies":[{"name":"wp","href":"https:\/\/api.w.org\/{rel}","templated":true}]}}