{"id":6724,"date":"2021-10-20T11:25:01","date_gmt":"2021-10-20T08:25:01","guid":{"rendered":"https:\/\/www.greenpeace.org\/romania\/?p=6724"},"modified":"2021-10-20T12:21:38","modified_gmt":"2021-10-20T09:21:38","slug":"peste-180-de-organizatii-europene-de-mediu-lanseaza-un-apel-inainte-de-cop26-e-nevoie-de-o-dezvoltare-fara-precedent-a-energiei-solare-si-eoliene-pentru-a-evita-colapsul-climatic","status":"publish","type":"post","link":"https:\/\/www.greenpeace.org\/romania\/articol\/6724\/peste-180-de-organizatii-europene-de-mediu-lanseaza-un-apel-inainte-de-cop26-e-nevoie-de-o-dezvoltare-fara-precedent-a-energiei-solare-si-eoliene-pentru-a-evita-colapsul-climatic\/","title":{"rendered":"Peste 180 de organiza\u021bii europene de mediu lanseaz\u0103 un apel \u00eenainte de COP26: e nevoie de o dezvoltare f\u0103r\u0103 precedent a energiei solare \u0219i eoliene pentru a evita colapsul climatic"},"content":{"rendered":"\n<p><em>Bruxelles, 20 octombrie<\/em> &#8211; Europa are nevoie de o dezvoltare a energiei eoliene \u0219i solare pentru a evita \u00eenr\u0103ut\u0103\u021birea impactului schimb\u0103rilor climatice, conform unui apel la ac\u021biune lansat azi de <a href=\"https:\/\/caneurope.org\/\" target=\"_blank\" rel=\"noreferrer noopener\">Climate Action Network (CAN) Europe<\/a> din care fac parte 185 de organiza\u021bii din \u00eentreaga Europ\u0103 &#8211; \u00eentre care \u0219i Greenpeace &#8211; \u0219i care reprezint\u0103 vocile a peste 400 de milioane de cet\u0103\u021beni europeni.<\/p>\n\n<p>Coali\u021bia <strong><a rel=\"noreferrer noopener\" href=\"https:\/\/www.greenpeace.org\/romania\/articol\/6743\/scrisoare-deschisa-cu-ocazia-consiliului-european-din-21-22-octombrie-2021\/\" target=\"_blank\">cere <\/a>o tranzi\u021bie energetic\u0103 rapid\u0103, echitabil\u0103 \u0219i sustenabil\u0103 c\u0103tre surse de energie 100% regenerabile p\u00e2n\u0103 \u00een 2040.<\/strong> Electricitatea din surse regenerabile, \u00een special solare \u0219i eoliene, joac\u0103 un rol-cheie \u00een aceast\u0103 tranzi\u021bie. <strong>Este esen\u021bial ca produc\u021bia de electricitate s\u0103 se bazeze 100% pe energie regenerabil\u0103 p\u00e2n\u0103 \u00een 2035<\/strong>.\u00a0Europa a trecut printr-o var\u0103 cu fenomene meteo extreme cauzate de schimb\u0103rile climatice, precum incendii \u0219i inunda\u021bii frecvente. \u00cen august, <a href=\"https:\/\/www.ipcc.ch\/report\/ar6\/wg1\/\" target=\"_blank\" rel=\"noreferrer noopener\">comunitatea \u0219tiin\u021bific\u0103 a avertizat<\/a> c\u0103 nu mai avem mult timp pentru a combate aceast\u0103 amenin\u021bare. <a href=\"https:\/\/www.ipcc.ch\/report\/ar6\/wg1\/\" target=\"_blank\" rel=\"noreferrer noopener\">Raportul lansat de IPCC<\/a> a ar\u0103tat liderilor din \u00eentreaga lume c\u0103 viitorul arat\u0103 sumbru, dar \u0219i c\u0103 <strong>mai avem o \u0219ans\u0103 s\u0103 oprim catastrofa climatic\u0103 dac\u0103 ac\u021bion\u0103m rapid \u0219i dac\u0103 reducem drastic emisiile de gaze cu efect de ser\u0103 \u00een urm\u0103torii 10 ani<\/strong>. Aceia\u0219i lideri urmeaz\u0103 s\u0103 se <a href=\"https:\/\/ukcop26.org\/\" target=\"_blank\" rel=\"noreferrer noopener\">reuneasc\u0103 <\/a>\u00een noiembrie, \u00een cadrul Conferin\u021bei COP26 de la Glasgow, pentru a duce mai departe negocierile climatice interna\u021bionale.<\/p>\n\n<p>Declara\u021bia CAN Europe vine pe fondul reuniunii liderilor UE la Consiliul European din Bruxelles din 21-22 octombrie, unde ace\u0219tia vor pune \u00een dezbatere pre\u021burile extrem de ridicate din domeniul energiei, precum \u0219i m\u0103suri pentru combaterea crizei energetice care a ajuns s\u0103 se r\u0103sp\u00e2ndeasc\u0103 \u00een \u00eentreaga Europ\u0103.&nbsp;<br>Declara\u021bia preseaz\u0103 guvernele europene s\u0103 faciliteze o tranzi\u021bie rapid\u0103 \u0219i echitabil\u0103 de la combustibili fosili la surse de energie 100% regenerabil\u0103 p\u00e2n\u0103 \u00een 2040, \u00een toate sectoarele, de la construc\u021bii la industrie \u0219i transporturi, \u0219i s\u0103 implementeze m\u0103suri de reducere semnificativ\u0103 a cererii de energie. Mai mult, membrii CAN Europe \u0219i alia\u021bii s\u0103i din Europa Central\u0103 \u0219i de Est au adresat o <a rel=\"noreferrer noopener\" href=\"https:\/\/www.greenpeace.org\/static\/planet4-romania-stateless\/2021\/10\/1a7536c4-scrisoare-deschisa-consiliul-european-21-22-octombrie-2021.pdf\" target=\"_blank\">scrisoare deschis\u0103<\/a> guvernelor lor, list\u00e2nd recomand\u0103ri specifice regiunii.<\/p>\n\n<div class=\"wp-block-image\"><figure class=\"aligncenter size-large is-resized\"><img decoding=\"async\" src=\"https:\/\/www.greenpeace.org\/static\/planet4-romania-stateless\/2021\/10\/6017edad-8-1024x768.jpg\" alt=\"\" class=\"wp-image-6769\" width=\"-272\" height=\"-202\" srcset=\"https:\/\/www.greenpeace.org\/static\/planet4-romania-stateless\/2021\/10\/6017edad-8-1024x768.jpg 1024w, https:\/\/www.greenpeace.org\/static\/planet4-romania-stateless\/2021\/10\/6017edad-8-300x225.jpg 300w, https:\/\/www.greenpeace.org\/static\/planet4-romania-stateless\/2021\/10\/6017edad-8-768x576.jpg 768w, https:\/\/www.greenpeace.org\/static\/planet4-romania-stateless\/2021\/10\/6017edad-8-1536x1152.jpg 1536w, https:\/\/www.greenpeace.org\/static\/planet4-romania-stateless\/2021\/10\/6017edad-8-2048x1536.jpg 2048w, https:\/\/www.greenpeace.org\/static\/planet4-romania-stateless\/2021\/10\/6017edad-8-1821x1366.jpg 1821w, https:\/\/www.greenpeace.org\/static\/planet4-romania-stateless\/2021\/10\/6017edad-8-453x340.jpg 453w\" sizes=\"(max-width: 1024px) 100vw, 1024px\" \/><\/figure><\/div>\n\n<p><em>\u201cActual\u0103 criz\u0103 a gazului fosil, care majoreaz\u0103 costul facturilor la energie, este un alt semnal de alarm\u0103 cu privire la nevoia urgent\u0103 de a face tranzi\u021bia de la combustibili fosili la un sistem bazat pe energie regenerabil\u0103. <\/em><strong><em>Nu ne permitem costurile de mediu, economice \u0219i sociale cauzate de combustibilii fosili.<\/em><\/strong><em> Liderii europeni trebuie s\u0103 evite solu\u021bii de scurt\u0103 durat\u0103 \u0219i s\u0103 accelereze, \u00een schimb, ascensiunea energiei solare \u0219i eoliene, precum \u0219i s\u0103 creasc\u0103 eforturile de reducere a consumului de energie.\u201d, <\/em>spune Wendel Trio, Directorul Climate Action Network Europe<em>. \u201c<\/em><a href=\"https:\/\/www.caneurope.org\/content\/uploads\/2020\/06\/PAC_scenario_technical_summary_29jun20.pdf\" target=\"_blank\" rel=\"noreferrer noopener\"><em>Putem \u0219i trebuie<\/em><\/a><em> s\u0103 atingem \u021binta de energie 100% regenerabil\u0103 p\u00e2n\u0103 \u00een 2040 \u0219i s\u0103 adres\u0103m, concomitent, obiectivele de mediu \u0219i sociale. Generarea de electricitate completamente regenerabil\u0103 p\u00e2n\u0103 \u00een 2035 ar trebui s\u0103 reprezinte o born\u0103 esen\u021bial\u0103 \u00een acest parcurs. Europa dispune de un poten\u021bial de energie regenerabil\u0103 nevalorificat care, al\u0103turi de suportul cople\u0219itor al cet\u0103\u021benilor fa\u021b\u0103 de energia solar\u0103 \u0219i eolian\u0103 ofer\u0103 o oportunitate de neratat.\u201d<\/em><\/p>\n\n<p>Un sondaj YouGov<em> <\/em><a href=\"https:\/\/europeanclimate.org\/resources\/europeans-support-new-wind-and-solar-projects-in-their-local-area\/\" target=\"_blank\" rel=\"noreferrer noopener\">publicat ast\u0103zi<\/a><em>, <\/em>efectuat \u00een 10 \u021b\u0103ri europene, printre care \u0219i Rom\u00e2nia, indic\u0103 un sprijin puternic al cet\u0103\u021benilor pentru m\u0103suri care s\u0103 creasc\u0103 folosirea energiei regenerabile, precum \u0219i pentru implicarea lor direct\u0103 \u00een generarea de energie solar\u0103 \u0219i eolian\u0103.\u00a0<\/p>\n\n<p>Rezultatele subliniaz\u0103 faptul c\u0103 europenii nu \u00ee\u0219i doresc doar mai mult\u0103 energie regenerabil\u0103, ci \u0219i \u00eencurajeaz\u0103 crearea de noi facilit\u0103\u021bi \u00een vecin\u0103tatea zonelor \u00een care locuiesc.<\/p>\n\n<p><strong>Rom\u00e2nii sunt printre cei mai entuzia\u0219ti sus\u021bin\u0103tori ai energiei regenerabile: 75% consider\u0103 c\u0103 trecerea la energie solar\u0103 \u0219i eolian\u0103 constituie o solu\u021bie esen\u021bial\u0103 \u00een combaterea schimb\u0103rilor climatice. \u00cen acela\u0219i timp, 88% dintre rom\u00e2ni consider\u0103 c\u0103 guvernul ar trebui s\u0103 fac\u0103 mai mult pentru combaterea acestora.&nbsp;<\/strong><\/p>\n\n<p class=\"has-text-align-center has-green-500-background-color has-background\"><strong><a href=\"https:\/\/www.greenpeace.org\/romania\/articol\/6727\/romanii-vor-mai-multa-energie-regenerabila\/\" target=\"_blank\" rel=\"noreferrer noopener\">Rom\u00e2nii vor mai mult\u0103 energie regenerabil\u0103. Cite\u0219te mai multe!<\/a><\/strong><\/p>\n\n<p class=\"has-text-align-center\"><strong>Pentru rezultatele complete ale sondajului, intr\u0103 <a href=\"https:\/\/europeanclimate.org\/resources\/europeans-support-new-wind-and-solar-projects-in-their-local-area\/\" target=\"_blank\" rel=\"noreferrer noopener\">aici<\/a>.<\/strong><\/p>\n","protected":false},"excerpt":{"rendered":"<p>Europa are nevoie de o dezvoltare a energiei eoliene \u0219i solare pentru a evita \u00eenr\u0103ut\u0103\u021birea impactului schimb\u0103rilor climatice, conform unui apel la ac\u021biune lansat azi de Climate Action Network (CAN) Europe din care fac parte 185 de organiza\u021bii din \u00eentreaga Europ\u0103 &#8211; \u00eentre care \u0219i Greenpeace &#8211; \u0219i care reprezint\u0103 vocile a peste 400 de milioane de cet\u0103\u021beni europeni.<\/p>\n","protected":false},"author":34,"featured_media":6725,"comment_status":"open","ping_status":"closed","sticky":false,"template":"","format":"standard","meta":{"ep_exclude_from_search":false,"p4_og_title":"","p4_og_description":"","p4_og_image":"","p4_og_image_id":"","p4_seo_canonical_url":"","p4_campaign_name":"not set","p4_local_project":"not set","p4_basket_name":"not set","p4_department":"","footnotes":""},"categories":[2,31],"tags":[7,68,97],"p4-page-type":[],"class_list":["post-6724","post","type-post","status-publish","format-standard","has-post-thumbnail","hentry","category-clima-si-energie","category-greenpeace","tag-energie-regenerabila","tag-energie","tag-schimbari-climatice"],"_links":{"self":[{"href":"https:\/\/www.greenpeace.org\/romania\/wp-json\/wp\/v2\/posts\/6724","targetHints":{"allow":["GET"]}}],"collection":[{"href":"https:\/\/www.greenpeace.org\/romania\/wp-json\/wp\/v2\/posts"}],"about":[{"href":"https:\/\/www.greenpeace.org\/romania\/wp-json\/wp\/v2\/types\/post"}],"author":[{"embeddable":true,"href":"https:\/\/www.greenpeace.org\/romania\/wp-json\/wp\/v2\/users\/34"}],"replies":[{"embeddable":true,"href":"https:\/\/www.greenpeace.org\/romania\/wp-json\/wp\/v2\/comments?post=6724"}],"version-history":[{"count":9,"href":"https:\/\/www.greenpeace.org\/romania\/wp-json\/wp\/v2\/posts\/6724\/revisions"}],"predecessor-version":[{"id":6777,"href":"https:\/\/www.greenpeace.org\/romania\/wp-json\/wp\/v2\/posts\/6724\/revisions\/6777"}],"wp:featuredmedia":[{"embeddable":true,"href":"https:\/\/www.greenpeace.org\/romania\/wp-json\/wp\/v2\/media\/6725"}],"wp:attachment":[{"href":"https:\/\/www.greenpeace.org\/romania\/wp-json\/wp\/v2\/media?parent=6724"}],"wp:term":[{"taxonomy":"category","embeddable":true,"href":"https:\/\/www.greenpeace.org\/romania\/wp-json\/wp\/v2\/categories?post=6724"},{"taxonomy":"post_tag","embeddable":true,"href":"https:\/\/www.greenpeace.org\/romania\/wp-json\/wp\/v2\/tags?post=6724"},{"taxonomy":"p4-page-type","embeddable":true,"href":"https:\/\/www.greenpeace.org\/romania\/wp-json\/wp\/v2\/p4-page-type?post=6724"}],"curies":[{"name":"wp","href":"https:\/\/api.w.org\/{rel}","templated":true}]}}