{"id":6727,"date":"2021-10-20T10:39:57","date_gmt":"2021-10-20T07:39:57","guid":{"rendered":"https:\/\/www.greenpeace.org\/romania\/?p=6727"},"modified":"2021-10-20T11:54:59","modified_gmt":"2021-10-20T08:54:59","slug":"romanii-vor-mai-multa-energie-regenerabila","status":"publish","type":"post","link":"https:\/\/www.greenpeace.org\/romania\/articol\/6727\/romanii-vor-mai-multa-energie-regenerabila\/","title":{"rendered":"Rom\u00e2nii vor mai mult\u0103 energie regenerabil\u0103"},"content":{"rendered":"\n<p class=\"has-text-align-center has-green-500-background-color has-background has-normal-font-size\">Rom\u00e2nii sunt printre cei mai entuzia\u0219ti sus\u021bin\u0103tori ai energiei regenerabile, conform unui <a href=\"https:\/\/europeanclimate.org\/resources\/europeans-support-new-wind-and-solar-projects-in-their-local-area\/\" target=\"_blank\" rel=\"noreferrer noopener\">sondaj YouGov publicat ast\u0103zi<\/a>. Sondajul a fost efectuat \u00een 10 \u021b\u0103ri europene \u0219i indic\u0103 un sprijin considerabil al cet\u0103\u021benilor pentru m\u0103suri care s\u0103 creasc\u0103 folosirea energiei regenerabile, precum \u0219i pentru implicarea lor direct\u0103 \u00een generarea de energie solar\u0103 \u0219i eolian\u0103.<\/p>\n\n<p>Principalele concluzii ale sondajului aplicat \u00een Rom\u00e2nia:<\/p>\n\n<div class=\"wp-block-image\"><figure class=\"aligncenter size-full is-resized\"><img decoding=\"async\" src=\"https:\/\/www.greenpeace.org\/static\/planet4-romania-stateless\/2021\/10\/be27e345-sprijin-de-la-guvern.png\" alt=\"\" class=\"wp-image-6736\" width=\"-771\" height=\"-646\" srcset=\"https:\/\/www.greenpeace.org\/static\/planet4-romania-stateless\/2021\/10\/be27e345-sprijin-de-la-guvern.png 940w, https:\/\/www.greenpeace.org\/static\/planet4-romania-stateless\/2021\/10\/be27e345-sprijin-de-la-guvern-300x251.png 300w, https:\/\/www.greenpeace.org\/static\/planet4-romania-stateless\/2021\/10\/be27e345-sprijin-de-la-guvern-768x644.png 768w, https:\/\/www.greenpeace.org\/static\/planet4-romania-stateless\/2021\/10\/be27e345-sprijin-de-la-guvern-406x340.png 406w\" sizes=\"(max-width: 940px) 100vw, 940px\" \/><\/figure><\/div>\n\n<ul class=\"wp-block-list\"><li><strong>87% dintre rom\u00e2nii intervieva\u021bi sunt preocupa\u021bi de schimb\u0103rile climatice<\/strong>, iar 75% consider\u0103 c\u0103 trecerea la energie solar\u0103 \u0219i eolian\u0103 constituie o solu\u021bie esen\u021bial\u0103 \u00een combaterea acestora. 88% consider\u0103 c\u0103 guvernul ar trebui s\u0103 fac\u0103 mai mult pentru combaterea schimb\u0103rilor climatice.&nbsp;<\/li><li><strong>90% \u0219i-ar dori panouri solare pe cl\u0103diri, 89% un parc solar, iar 82% un parc eolian terestru construit \u00een proximitatea zonelor \u00een care locuiesc<\/strong>.&nbsp;<\/li><li><strong>77% ar sus\u021bine construirea unui parc eolian \u00een zona lor dac\u0103 acest lucru ar crea noi locuri de munc\u0103 pentru comunitatea local\u0103<\/strong> \u0219i 73% dac\u0103 aceste planuri ar fi aprobate de organiza\u021bii pentru protejarea mediului.&nbsp;<\/li><li><strong>85% dintre responden\u021bi au declarat c\u0103 s-ar \u00eenscrie \u00eentr-o cooperativ\u0103 de energie dac\u0103 aceasta ar fi \u00eenfiin\u021bat\u0103 \u00een localitatea lor<\/strong> &#8211; cel mai ridicat procent \u00een toate cele 10 \u021b\u0103ri chestionate. Reducerea costurilor facturilor de energie (90%) \u0219i reducerea emisiilor de carbon (88%) s-au num\u0103rat printre cele mai importante aspecte care i-ar \u00eencuraja pe oameni s\u0103 se al\u0103ture unei astfel de cooperative.<\/li><li><strong>90% \u0219i-ar dori ca guvernul s\u0103 le pun\u0103 la dispozi\u021bie mai multe informa\u021bii cu privire la moduri prin care \u00ee\u0219i pot genera independent energie solar\u0103 \u0219i eolian\u0103 ca parte a unei cooperative de energie<\/strong>. 91% \u0219i-ar dori ca guvernul s\u0103 ofere mai multe informa\u021bii gospod\u0103riilor care vor s\u0103-\u0219i instaleze panouri solare, iar <strong>90% \u0219i-ar dori mai mult sprijin financiar<\/strong>.&nbsp;<\/li><li>57% nu sus\u021bin construirea, \u00een apropierea zonei \u00een care locuiesc, a unei noi centrale pe c\u0103rbune, 63% nu sus\u021bin construirea unei noi centrale pe baz\u0103 de gaze sau petrol, iar 66% nu sus\u021bin construirea unei noi centrale nucleare.<\/li><\/ul>\n\n<div class=\"wp-block-image\"><figure class=\"aligncenter size-full is-resized\"><img loading=\"lazy\" decoding=\"async\" src=\"https:\/\/www.greenpeace.org\/static\/planet4-romania-stateless\/2021\/10\/ed47b799-eolian.png\" alt=\"\" class=\"wp-image-6735\" width=\"707\" height=\"595\"\/><\/figure><\/div>\n\n<div class=\"wp-block-image\"><figure class=\"aligncenter size-full is-resized\"><img decoding=\"async\" src=\"https:\/\/www.greenpeace.org\/static\/planet4-romania-stateless\/2021\/10\/c86c2184-cooperative-de-energie.png\" alt=\"\" class=\"wp-image-6760\" width=\"-378\" height=\"-317\" srcset=\"https:\/\/www.greenpeace.org\/static\/planet4-romania-stateless\/2021\/10\/c86c2184-cooperative-de-energie.png 940w, https:\/\/www.greenpeace.org\/static\/planet4-romania-stateless\/2021\/10\/c86c2184-cooperative-de-energie-300x251.png 300w, https:\/\/www.greenpeace.org\/static\/planet4-romania-stateless\/2021\/10\/c86c2184-cooperative-de-energie-768x644.png 768w, https:\/\/www.greenpeace.org\/static\/planet4-romania-stateless\/2021\/10\/c86c2184-cooperative-de-energie-406x340.png 406w\" sizes=\"(max-width: 940px) 100vw, 940px\" \/><\/figure><\/div>\n\n<p>La nivel european, rezultatele arat\u0103 c\u0103:<\/p>\n\n<ul class=\"wp-block-list\"><li>84% dintre oamenii intervieva\u021bi \u00ee\u0219i doresc mai mult\u0103 energie solar\u0103 \u00een vecin\u0103tatea lor, \u00een timp ce 70% ar sprijini construirea turbinelor eoliene \u00een apropierea zonelor \u00een care locuiesc.&nbsp;<\/li><li>Interesul fa\u021b\u0103 de ferme eoliene terestre cre\u0219te \u0219i p\u00e2n\u0103 la 76% atunci <strong>c\u00e2nd comunit\u0103\u021bile ar urma s\u0103 beneficieze de noi locuri de munc\u0103, profituri \u0219i drepturi de proprietate partajate, precum \u0219i de consult\u0103ri cu privire la planific\u0103ri \u0219i protejarea mediului.<\/strong><\/li><li>Sus\u021binerea proiectelor de energie solar\u0103 \u0219i eolian\u0103 este chiar mai mare \u00een r\u00e2ndul cet\u0103\u021benilor care locuiesc deja, \u00een fiecare dintre cele 10 \u021b\u0103ri, \u00een proximitatea unei astfel de facilit\u0103\u021bi.&nbsp;<\/li><li>\u00cen Europa, 77% dintre oamenii care locuiesc l\u00e2ng\u0103 o ferm\u0103 eolian\u0103 ar sprijini instalarea mai multor turbine \u00een vecin\u0103tatea lor, \u00een timp ce 84% dintre cei care locuiesc l\u00e2ng\u0103 un parc solar ar \u00eencuraja instalarea mai multor panouri solare. Sprijinul pe care oamenii l-ar acorda proiectelor de energie solar\u0103 \u0219i eolian\u0103 cre\u0219te vizibil atunci c\u00e2nd apare oportunitatea ca ace\u0219tia s\u0103 devin\u0103 co-proprietari ai proiectelor \u0219i unde sunt create beneficii locale (costuri reduse la facturi &#8211; 81% \u0219i noi locuri de munc\u0103 &#8211; 72%).<\/li><li><strong>Majoritatea celor intervieva\u021bi consider\u0103 c\u0103 guvernul lor ar trebui s\u0103 sprijine finan\u021barea panourilor solare instalate pe acoperi\u0219uri (81%) \u0219i s\u0103 asigure c\u0103 toate cl\u0103dirile noi dispun de astfel de panouri (68%), m\u0103sur\u0103 sprijinit\u0103 cel mai mult \u00een Italia (84%), Spania (83%), Grecia (77%), Bulgaria (74%), Marea Britanie (70%) \u0219i Rom\u00e2nia (70%).<\/strong>&nbsp;&nbsp;<\/li><li>Trei sferturi (76%) dintre adul\u021bii intervieva\u021bi \u00een cele 10 \u021b\u0103ri sunt preocupa\u021bi de impactul schimb\u0103rilor climatice, \u00een timp ce doar 18% consider\u0103 c\u0103 guvernul lor face tot posibilul pentru combaterea acestei amenin\u021b\u0103ri.<\/li><\/ul>\n\n<div class=\"wp-block-image\"><figure class=\"aligncenter size-full is-resized\"><img loading=\"lazy\" decoding=\"async\" src=\"https:\/\/www.greenpeace.org\/static\/planet4-romania-stateless\/2021\/10\/3f3f913c-proiecte-res.png\" alt=\"\" class=\"wp-image-6734\" width=\"683\" height=\"571\" srcset=\"https:\/\/www.greenpeace.org\/static\/planet4-romania-stateless\/2021\/10\/3f3f913c-proiecte-res-300x251.png 300w, https:\/\/www.greenpeace.org\/static\/planet4-romania-stateless\/2021\/10\/3f3f913c-proiecte-res-406x340.png 406w\" sizes=\"auto, (max-width: 683px) 100vw, 683px\" \/><\/figure><\/div>\n\n<p>\u201eRom\u00e2nia are mult poten\u021bial pentru energie regenerabil\u0103 \u0219i cet\u0103\u021benii s\u0103i vor s\u0103 fac\u0103 parte din tranzi\u021bia c\u0103tre un viitor curat. Ceea ce \u00eent\u00e2rzie acest proces este iner\u021bia autorit\u0103\u021bilor na\u021bionale, care \u00eenc\u0103 nu fac suficient. Este 2021 \u0219i cet\u0103\u021benii \u00eenc\u0103 se lupt\u0103 cu legisla\u021bia \u0219i reglement\u0103rile \u00eenvechite, cu birocra\u021bia mecanismului de sprijin pentru regenerabile \u0219i cu lipsa de informa\u021bie \u0219i dialog. Lucrurile trebuie s\u0103 se schimbe acum \u0219i repede. Continuarea folosirii combustibililor fosili pune \u00een pericol oamenii \u0219i planeta.\u201d a spus Marian M\u00e2ndru, coordonator de campanii la Greenpeace Rom\u00e2nia.<\/p>\n\n<p>\u201eUna dintre condi\u021biile cruciale pentru a r\u0103m\u00e2ne \u00een concordan\u021b\u0103 cu obiectivul climatic de 1,5 grade Celsius este eliminarea treptat\u0103 a combustibililor fosili \u0219i adoptarea rapid\u0103 a surselor regenerabile de energie. Conform scenariului compatibil cu Acordul de la Paris, c\u0103rbunele trebuie s\u0103 fie eliminat treptat p\u00e2n\u0103 \u00een 2030 \u0219i gazele fosile p\u00e2n\u0103 \u00een 2035. Vrem ca politicienii rom\u00e2ni s\u0103 asculte vocea comunit\u0103\u021bii \u0219tiin\u021bifice, dar \u0219i a cet\u0103\u021benilor. Trebuie s\u0103 \u00een\u021beleag\u0103 c\u00e2t de periculos este gazul fosil \u0219i cum accelereaz\u0103 el criza climatic\u0103. Rom\u00e2nia are nevoie de energie curat\u0103 \u0219i cet\u0103\u021benii vor asta. Gazul fosil e o fals\u0103 solu\u021bie pentru tranzi\u021bia energetic\u0103 a Rom\u00e2niei.\u201d a declarat Alin Tanase, coordonator de campanii la Greenpeace Rom\u00e2nia.<\/p>\n\n<p><\/p>\n\n<p class=\"has-text-align-center has-yellow-background-color has-background\"><strong><a href=\"https:\/\/www.greenpeace.org\/romania\/articol\/6724\/peste-180-de-organizatii-europene-de-mediu-lanseaza-un-apel-inainte-de-cop26-e-nevoie-de-o-dezvoltare-fara-precedent-a-energiei-solare-si-eoliene-pentru-a-evita-colapsul-climatic\/\" target=\"_blank\" rel=\"noreferrer noopener\">Peste 180 de organiza\u021bii europene de mediu lanseaz\u0103 un apel \u00eenainte de COP26: e nevoie de o dezvoltare f\u0103r\u0103 precedent a energiei solare \u0219i eoliene pentru a evita colapsul climatic<\/a><\/strong><\/p>\n","protected":false},"excerpt":{"rendered":"<p>Rom\u00e2nii sunt printre cei mai entuzia\u0219ti sus\u021bin\u0103tori ai energiei regenerabile, conform unui sondaj YouGov efectuat \u00een 10 \u021b\u0103ri europene.<\/p>\n","protected":false},"author":34,"featured_media":6728,"comment_status":"open","ping_status":"closed","sticky":false,"template":"","format":"standard","meta":{"ep_exclude_from_search":false,"p4_og_title":"","p4_og_description":"","p4_og_image":"","p4_og_image_id":"","p4_seo_canonical_url":"","p4_campaign_name":"not set","p4_local_project":"not set","p4_basket_name":"not set","p4_department":"","footnotes":""},"categories":[2,31],"tags":[7,68,97],"p4-page-type":[],"class_list":["post-6727","post","type-post","status-publish","format-standard","has-post-thumbnail","hentry","category-clima-si-energie","category-greenpeace","tag-energie-regenerabila","tag-energie","tag-schimbari-climatice"],"_links":{"self":[{"href":"https:\/\/www.greenpeace.org\/romania\/wp-json\/wp\/v2\/posts\/6727","targetHints":{"allow":["GET"]}}],"collection":[{"href":"https:\/\/www.greenpeace.org\/romania\/wp-json\/wp\/v2\/posts"}],"about":[{"href":"https:\/\/www.greenpeace.org\/romania\/wp-json\/wp\/v2\/types\/post"}],"author":[{"embeddable":true,"href":"https:\/\/www.greenpeace.org\/romania\/wp-json\/wp\/v2\/users\/34"}],"replies":[{"embeddable":true,"href":"https:\/\/www.greenpeace.org\/romania\/wp-json\/wp\/v2\/comments?post=6727"}],"version-history":[{"count":16,"href":"https:\/\/www.greenpeace.org\/romania\/wp-json\/wp\/v2\/posts\/6727\/revisions"}],"predecessor-version":[{"id":6773,"href":"https:\/\/www.greenpeace.org\/romania\/wp-json\/wp\/v2\/posts\/6727\/revisions\/6773"}],"wp:featuredmedia":[{"embeddable":true,"href":"https:\/\/www.greenpeace.org\/romania\/wp-json\/wp\/v2\/media\/6728"}],"wp:attachment":[{"href":"https:\/\/www.greenpeace.org\/romania\/wp-json\/wp\/v2\/media?parent=6727"}],"wp:term":[{"taxonomy":"category","embeddable":true,"href":"https:\/\/www.greenpeace.org\/romania\/wp-json\/wp\/v2\/categories?post=6727"},{"taxonomy":"post_tag","embeddable":true,"href":"https:\/\/www.greenpeace.org\/romania\/wp-json\/wp\/v2\/tags?post=6727"},{"taxonomy":"p4-page-type","embeddable":true,"href":"https:\/\/www.greenpeace.org\/romania\/wp-json\/wp\/v2\/p4-page-type?post=6727"}],"curies":[{"name":"wp","href":"https:\/\/api.w.org\/{rel}","templated":true}]}}