{"id":6822,"date":"2021-11-02T17:55:04","date_gmt":"2021-11-02T14:55:04","guid":{"rendered":"https:\/\/www.greenpeace.org\/romania\/?p=6822"},"modified":"2026-04-02T13:04:24","modified_gmt":"2026-04-02T10:04:24","slug":"raspunsul-greenpeace-la-discursul-presedintelui-klaus-iohannis-de-la-cop26-glasgow","status":"publish","type":"post","link":"https:\/\/www.greenpeace.org\/romania\/articol\/6822\/raspunsul-greenpeace-la-discursul-presedintelui-klaus-iohannis-de-la-cop26-glasgow\/","title":{"rendered":"R\u0103spunsul Greenpeace la discursul pre\u0219edintelui Klaus Iohannis de la COP26, Glasgow"},"content":{"rendered":"\n<p><strong>Klaus Iohannis:<\/strong> Din 1989 p\u00e2n\u0103 \u00een 2019, emisiile de gaze cu efect de ser\u0103 ale Rom\u00e2niei au sc\u0103zut cu 64%. Avem una dintre cele mai sc\u0103zute rate de emisii pe cap de locuitor din Uniunea European\u0103. \u00centre 1990 \u0219i 2019, Rom\u00e2nia \u0219i-a redus \u0219i intensitatea emisiilor de CO2 pe unitatea de PIB cu 77%, o rat\u0103 mai mare dec\u00e2t dublul mediei globale. Suntem angaja\u021bi s\u0103 facem \u0219i mai mult! Va fi o provocare s\u0103 reducem \u00een continuare emisiile, mai ales pe m\u0103sur\u0103 ce ne apropiem de net zero. \u00cemi doresc s\u0103 lucr\u0103m \u00eempreun\u0103 pentru a dezvolta, produce \u0219i utiliza noi tehnologii verzi.<\/p>\n\n<p class=\"has-green-500-background-color has-background\"><strong>Greenpeace:<\/strong> Ave\u021bi dreptate, domnule pre\u0219edinte. Emisiile au sc\u0103zut, dar acest lucru nu s-a \u00eent\u00e2mplat \u00een urma eforturilor Rom\u00e2niei pentru a reduce emisiile de gaze cu efect de ser\u0103, ci este &#8211; \u00een mare parte &#8211; rezultatul pr\u0103bu\u0219irii economice post-decembriste. Pute\u021bi s\u0103 ne ar\u0103ta\u021bi un plan care a dus la aceast\u0103 sc\u0103dere?&nbsp; Domnule pre\u0219edinte, <a rel=\"noreferrer noopener\" href=\"http:\/\/www.mmediu.ro\/categorie\/strategia-nationala-privind-schimbarile-climatice-rezumat\/171\" target=\"_blank\">Rom\u00e2nia nu are o strategie na\u021bional\u0103 actualizat\u0103 privind schimb\u0103rile climatice, iar planul de ac\u021biune care \u00eenso\u021be\u0219te aceast\u0103 strategie a expirat anul trecut<\/a> \u0219i nu a fost pus nimic \u00een loc. De asemenea, Rom\u00e2nia nu este un partener european bun, pentru c\u0103 <a rel=\"noreferrer noopener\" href=\"https:\/\/ec.europa.eu\/info\/energy-climate-change-environment\/implementation-eu-countries\/energy-and-climate-governance-and-reporting\/national-long-term-strategies_en\" target=\"_blank\">nu are \u00eenc\u0103 o strategie pe termen lung pentru reducerea gazelor cu efect de ser\u0103<\/a>, a\u0219a cum a promis c\u0103 va face p\u00e2n\u0103 la finalul lui 2020.&nbsp;  Suntem \u00een aer, domnule pre\u0219edinte! \u0218i greul de abia \u00eencepe \u00een cursa de reducere a emisiilor. Nu o s\u0103 v\u0103 mai pute\u021bi l\u0103uda mult cu realiz\u0103rile colaterale ale trecutului. Ave\u021bi un plan pentru ce urmeaz\u0103, pentru obiectivul european net zero 2050? <\/p>\n\n<p><strong>Klaus Iohannis: <\/strong>(&#8230;)<strong> <\/strong>trebuie s\u0103 ne asigur\u0103m c\u0103 nimeni nu este l\u0103sat \u00een urm\u0103 \u00een procesul de tranzi\u021bie ecologic\u0103, c\u0103 sunt create locuri de munc\u0103 \u0219i c\u0103 inegalit\u0103\u021bile sociale sunt reduse.<\/p>\n\n<p class=\"has-green-500-background-color has-background\"><strong>Greenpeace: <\/strong>Faptul c\u0103 \u00eenc\u0103 nu a\u021bi anun\u021bat clar, asumat, un calendar de renun\u021bare la combustibilii fosili (doar \u00een PNRR a\u021bi strecurat o informa\u021bie despre <a href=\"https:\/\/mfe.gov.ro\/pnrr\/\">renun\u021barea la c\u0103rbune<\/a>), z\u0103d\u0103rnice\u0219te \u0219ansele unei tranzi\u021bii echitabile pentru to\u021bi cei afecta\u021bi. Nu se poate face tranzi\u021bie ecologic\u0103 f\u0103r\u0103 asumarea politic\u0103 a unor decizii curajoase.&nbsp;E ceasul al doisprezecelea, nu r\u0103m\u00e2ne\u021bi captiv \u00een mentalitatea fosil\u0103, da\u021bi \u0219ansa de a se crea locuri de munc\u0103 noi, decente, pe termen lung. Limita\u021bi inegalit\u0103\u021bile sociale oferind un mediu curat, energie curat\u0103, slujbe sustenabile. <\/p>\n\n<p><strong>Klaus Iohannis: <\/strong>Rom\u00e2nia sprijin\u0103 pe deplin eforturile de lider ale Uniunii Europene \u00een domeniul schimb\u0103rilor climatice \u0219i se angajeaz\u0103 s\u0103 contribuie la reducerea emisiilor UE cu 55% p\u00e2n\u0103 \u00een 2030. Am atins deja aceast\u0103 rat\u0103 de reducere la nivel na\u021bional \u0219i ne angaj\u0103m s\u0103 reducem \u00een continuare emisiile.<\/p>\n\n<p class=\"has-green-500-background-color has-background\"><strong>Greenpeace: <\/strong>Domnule pre\u0219edinte, am explicat de ce emisiile au sc\u0103zut. Nu s-a \u00eent\u00e2mplat \u00een urma unui efort planificat, care s\u0103 ofere alternative reale comunit\u0103\u021bilor, locuri de munc\u0103 \u0219i bun\u0103stare pe termen lung. V\u0103 rug\u0103m s\u0103 ac\u021biona\u021bi, s\u0103 produce\u021bi planuri coerente pentru a reduce impactul climatic al Rom\u00e2niei \u0219i s\u0103 le pune\u021bi \u00een aplicare cu celeritate, oferind un viitor s\u0103n\u0103tos \u0219i prosper rom\u00e2nilor.&nbsp;<\/p>\n\n<figure class=\"wp-block-image size-full is-resized\"><img loading=\"lazy\" decoding=\"async\" src=\"https:\/\/www.greenpeace.org\/static\/planet4-romania-stateless\/2021\/11\/3b65cb20-gp1sv66d_web_size.jpg\" alt=\"\" class=\"wp-image-6824\" width=\"620\" height=\"465\" srcset=\"https:\/\/www.greenpeace.org\/static\/planet4-romania-stateless\/2021\/11\/3b65cb20-gp1sv66d_web_size.jpg 800w, https:\/\/www.greenpeace.org\/static\/planet4-romania-stateless\/2021\/11\/3b65cb20-gp1sv66d_web_size-300x225.jpg 300w, https:\/\/www.greenpeace.org\/static\/planet4-romania-stateless\/2021\/11\/3b65cb20-gp1sv66d_web_size-768x576.jpg 768w, https:\/\/www.greenpeace.org\/static\/planet4-romania-stateless\/2021\/11\/3b65cb20-gp1sv66d_web_size-453x340.jpg 453w\" sizes=\"auto, (max-width: 620px) 100vw, 620px\" \/><\/figure>\n\n<p><strong>Klaus Iohannis: <\/strong>Nu exist\u0103 o solu\u021bie magic\u0103 \u00eempotriva schimb\u0103rilor climatice. Un set de m\u0103suri interconectate ne poate ajuta s\u0103 ne atingem obiectivele. Pentru aceasta, vom valorifica \u00eens\u0103\u0219i for\u021ba naturii. Rom\u00e2nia are o pondere ridicat\u0103 a energiei regenerabile \u00een mixul energetic, 40% din energia electric\u0103 produs\u0103 \u00een Rom\u00e2nia provenind din surse regenerabile. Ne angaj\u0103m s\u0103 cre\u0219tem acest procent \u00een viitor.<\/p>\n\n<p class=\"has-green-500-background-color has-background\"><strong>Greenpeace: <\/strong>Domnule pre\u0219edinte, dar prin ce magie ve\u021bi reduce emisiile dac\u0103 <a href=\"https:\/\/www.youtube.com\/watch?v=qUv8ZEVni3k\" target=\"_blank\" rel=\"noreferrer noopener\">continua\u021bi s\u0103 sus\u021bine\u021bi exploatarea gazelor fosile<\/a>? Cum vom atinge \u021bintele climatice dac\u0103 vom arde mai multe gaze?Poten\u021bialul de energie regenerabil\u0103 despre care vorbi\u021bi nu este folosit cu adev\u0103rat. Am f\u0103cut pa\u0219i, dar ne-am oprit. Din 2015, nu au mai fost instalate capacit\u0103\u021bi noi pe energie regenerabil\u0103 \u00een sistemul energetic na\u021bional. Din ce motiv? Tocmai <a href=\"https:\/\/www.enpg.ro\/cum-evitam-viitoarele-crize-energetice-prin-deblocarea-investitiilor-in-capacitati-regenerabile\/\" target=\"_blank\" rel=\"noreferrer noopener\">aceasta este solu\u021bia<\/a> pentru cre\u0219terile de pre\u021b ale energiei \u0219i pentru un trai mai bun pentru rom\u00e2ni.<\/p>\n\n<figure class=\"wp-block-image size-full is-resized\"><img loading=\"lazy\" decoding=\"async\" src=\"https:\/\/www.greenpeace.org\/static\/planet4-romania-stateless\/2021\/11\/5dfc5dec-gp0stpbnc_web_size_with_credit_line.jpg\" alt=\"\" class=\"wp-image-6852\" width=\"931\" height=\"621\" srcset=\"https:\/\/www.greenpeace.org\/static\/planet4-romania-stateless\/2021\/11\/5dfc5dec-gp0stpbnc_web_size_with_credit_line.jpg 800w, https:\/\/www.greenpeace.org\/static\/planet4-romania-stateless\/2021\/11\/5dfc5dec-gp0stpbnc_web_size_with_credit_line-300x200.jpg 300w, https:\/\/www.greenpeace.org\/static\/planet4-romania-stateless\/2021\/11\/5dfc5dec-gp0stpbnc_web_size_with_credit_line-768x513.jpg 768w, https:\/\/www.greenpeace.org\/static\/planet4-romania-stateless\/2021\/11\/5dfc5dec-gp0stpbnc_web_size_with_credit_line-510x340.jpg 510w\" sizes=\"auto, (max-width: 931px) 100vw, 931px\" \/><\/figure>\n\n<p><strong>Klaus Iohannis: <\/strong>Vom lupta \u00eempotriva schimb\u0103rilor climatice cu solu\u021bii bazate pe natur\u0103, folosind 57.000 de hectare de p\u0103duri noi prev\u0103zute \u00een Planul nostru Na\u021bional de Redresare \u0219i Rezilien\u021b\u0103 (PNRR) pentru a capta carbonul \u0219i a combate de\u0219ertificarea.<\/p>\n\n<p class=\"has-green-500-background-color has-background\"><strong>Greenpeace: <\/strong> Domnule pre\u0219edinte, \u00een ultimii 30 de ani au fost plantate doar 30.000 de hectare de p\u0103duri noi, \u00een condi\u021biile \u00een care avem <a href=\"https:\/\/www.wall-street.ro\/articol\/Social\/255642\/ministrul-mediului-costel-alexe-are-in-plan-impadurirea-a-cel-putin-500-000-de-hectare-de-terenuri-degradate.html\">500.000 de hectare de terenuri degradate<\/a>. Pentru cele 57.000 de hectare de p\u0103dure din PNRR \u00eenc\u0103 nu exist\u0103 un plan de implementare. <br><br>Conform datelor oficiale, 20 de milioane de metri cubi de lemn dispar anual din p\u0103durile Rom\u00e2niei, pe l\u00e2ng\u0103 cele 18 milioane mc exploatate cu acte. Rom\u00e2nia mai are p\u0103duri pe doar 5% din zonele de c\u00e2mpie. Model\u0103rile climatologilor ne indic\u0103 o sc\u0103dere la jum\u0103tate a precipita\u021biilor \u0219i o cre\u0219tere a temperaturii cu 1,5\u00b0C p\u00e2n\u0103 \u00een 2050, \u00eentr-un scenariu moderat. <br><br>De\u0219i managementul defectuos al p\u0103durilor, t\u0103ierile ilegale \u0219i lipsa de protec\u021bie natural\u0103 pentru zonele de c\u00e2mpie aflate \u00een plin proces de aridizare sunt priorit\u0103\u021bi ce \u021bin de siguran\u021ba na\u021bional\u0103, Consiliul Suprem de Ap\u0103rare a \u021a\u0103rii \u00eenc\u0103 nu a reu\u0219it s\u0103 pun\u0103 \u00een discu\u021bie aceste urgen\u021be. Faptul c\u0103 \u00eenc\u0103 mai avem biodiversitate \u00een Rom\u00e2nia nu se datoreaz\u0103 managementului silvic din ultimii 30 de ani \u0219i nu este un indicator de succes. Trebuie s\u0103 ne uit\u0103m la distrugere ca s\u0103 \u00een\u021belegem c\u00e2t de bine avem grij\u0103 de mediul natural din Rom\u00e2nia. Prin felul \u00een care sunt administrate ariile protejate \u00een prezent, ne asigur\u0103m doar de degradarea acestor ecosisteme extrem de importante \u00een contextul crizei climatice, fie c\u0103 vorbim de exploatarea de lemn sau de poluarea \u0219i exploatarea apelor. Aceast\u0103 degradare nu este expus\u0103 doar de organiza\u021biile de mediu, de cercet\u0103rile biologilor sau de investiga\u021biile jurnali\u0219tilor, ci este descris\u0103 detaliat \u0219i \u00een procedura de infringement pe care Comisia European\u0103 a declan\u0219at-o cu privire la administrarea p\u0103durilor din Rom\u00e2nia.<br><br>\u00cen perioada interbelic\u0103, Rom\u00e2nia a plantat sisteme agro-forestiere, p\u0103duri de protec\u021bie \u00een c\u00e2mpie \u0219i perdele forestiere pe o suprafa\u021b\u0103 de peste 500.000 de hectare. De-a lungul unui secol zbuciumat, acestea au fost rase pentru mai mult teren cultivabil, pentru lemn de foc sau pur \u0219i simplu din prostie. \u00cen timp ce seceta devine noul normal, noi ne l\u0103ud\u0103m cu ini\u021biativa de a planta 57.000 de hectare \u00een cadrul unuia dintre cele mai relevante forumuri pe tema crizei climatice. E jenant, domnule pre\u0219edinte.<\/p>\n\n<p><strong>Klaus Iohannis: <\/strong>De asemenea, trebuie s\u0103 canaliz\u0103m for\u021ba oamenilor \u00een lupta \u00eempotriva schimb\u0103rilor climatice. Educa\u021bia este cheia pentru un comportament prietenos cu mediul. Trebuie s\u0103 promov\u0103m educa\u021bia \u0219i cercetarea privind schimb\u0103rile climatice.<\/p>\n\n<p class=\"has-green-500-background-color has-background\"><strong>Greenpeace:<\/strong> Trebuie. Ce a\u021bi f\u0103cut, concret, \u00een mandatele dumneavoastr\u0103, la capitolul educa\u021bie de mediu? Cu ce impact? Trebuie nu este suficient, mai ales dac\u0103 nu v\u0103 implic\u0103.<\/p>\n\n<p><strong>Klaus Iohannis: <\/strong>Impactul schimb\u0103rilor climatice nu are grani\u021be na\u021bionale. V\u0103 invit s\u0103 ne unim for\u021bele \u00een a proteja mediul, asigur\u00e2ndu-ne c\u0103 l\u0103s\u0103m genera\u021biilor viitoare o planet\u0103 mai verde \u0219i mai sigur\u0103! Nu avem timp de pierdut! Trebuie s\u0103 ac\u021bion\u0103m acum! V\u0103 mul\u021bumesc!<br><\/p>\n\n<p class=\"has-green-500-background-color has-background\"><strong>Greenpeace: <\/strong>Discursurile verzi nu mai ajut\u0103 pe nimeni, ba chiar creeaz\u0103 o impresie fals\u0103 de siguran\u021b\u0103! Domnule pre\u0219edinte, a\u0219tept\u0103m ac\u021biuni urgente din partea statului rom\u00e2n, pe m\u0103sura crizei climatice pe care o resim\u021bim tot mai acut \u00een fiecare an.<\/p>\n\n<p><em>Surs\u0103 discurs: <a rel=\"noreferrer noopener\" href=\"https:\/\/www.digi24.ro\/stiri\/actualitate\/politica\/klaus-iohannis-la-cop26-romania-are-una-dintre-cele-mai-scazute-rate-de-emisii-de-carbon-din-ue-suntem-angajati-sa-facem-mai-mult-1721553\" target=\"_blank\">https:\/\/www.digi24.ro\/stiri\/actualitate\/politica\/klaus-iohannis-la-cop26-romania-are-una-dintre-cele-mai-scazute-rate-de-emisii-de-carbon-din-ue-suntem-angajati-sa-facem-mai-mult-1721553<\/a>&nbsp;<\/em><\/p>\n\n<p><\/p>\n\n<p class=\"has-text-align-center\"><strong>Mai multe despre COP26 <a href=\"https:\/\/www.greenpeace.org\/romania\/articol\/6783\/tot-ce-trebuie-sa-stii-despre-cop26\/\">a<\/a><a href=\"https:\/\/www.greenpeace.org\/romania\/articol\/6783\/tot-ce-trebuie-sa-stii-despre-cop26\/\" target=\"_blank\" rel=\"noreferrer noopener\">i<\/a><a href=\"https:\/\/www.greenpeace.org\/romania\/articol\/6783\/tot-ce-trebuie-sa-stii-despre-cop26\/\">ci <\/a>\u0219i <a href=\"https:\/\/www.greenpeace.org\/romania\/articol\/6804\/cop26-un-test-despre-ce-inseamna-criza-climatica-pentru-politicienii-romani\/\" target=\"_blank\" rel=\"noreferrer noopener\">aici<\/a>.<\/strong><\/p>\n","protected":false},"excerpt":{"rendered":"<p>Rom\u00e2nia nu are o strategie na\u021bional\u0103 actualizat\u0103 privind schimb\u0103rile climatice, iar planul de ac\u021biune care \u00eenso\u021be\u0219te aceast\u0103 strategie a expirat anul trecut \u0219i nu a fost pus nimic \u00een loc. De asemenea, Rom\u00e2nia nu este un partener european bun, pentru c\u0103 nu are \u00eenc\u0103 o strategie pe termen lung pentru reducerea gazelor cu efect de ser\u0103, a\u0219a cum a promis c\u0103 va face p\u00e2n\u0103 la finalul lui 2020.\u00a0  Suntem \u00een aer, domnule pre\u0219edinte! <\/p>\n","protected":false},"author":34,"featured_media":6829,"comment_status":"open","ping_status":"closed","sticky":false,"template":"","format":"standard","meta":{"ep_exclude_from_search":false,"p4_og_title":"","p4_og_description":"","p4_og_image":"","p4_og_image_id":"","p4_seo_canonical_url":"","p4_campaign_name":"not set","p4_local_project":"not set","p4_basket_name":"not set","p4_department":"","footnotes":""},"categories":[2,31],"tags":[36,68,97,133],"p4-page-type":[],"class_list":["post-6822","post","type-post","status-publish","format-standard","has-post-thumbnail","hentry","category-clima-si-energie","category-greenpeace","tag-criza-climatica","tag-energie","tag-schimbari-climatice","tag-cop"],"_links":{"self":[{"href":"https:\/\/www.greenpeace.org\/romania\/wp-json\/wp\/v2\/posts\/6822","targetHints":{"allow":["GET"]}}],"collection":[{"href":"https:\/\/www.greenpeace.org\/romania\/wp-json\/wp\/v2\/posts"}],"about":[{"href":"https:\/\/www.greenpeace.org\/romania\/wp-json\/wp\/v2\/types\/post"}],"author":[{"embeddable":true,"href":"https:\/\/www.greenpeace.org\/romania\/wp-json\/wp\/v2\/users\/34"}],"replies":[{"embeddable":true,"href":"https:\/\/www.greenpeace.org\/romania\/wp-json\/wp\/v2\/comments?post=6822"}],"version-history":[{"count":9,"href":"https:\/\/www.greenpeace.org\/romania\/wp-json\/wp\/v2\/posts\/6822\/revisions"}],"predecessor-version":[{"id":12531,"href":"https:\/\/www.greenpeace.org\/romania\/wp-json\/wp\/v2\/posts\/6822\/revisions\/12531"}],"wp:featuredmedia":[{"embeddable":true,"href":"https:\/\/www.greenpeace.org\/romania\/wp-json\/wp\/v2\/media\/6829"}],"wp:attachment":[{"href":"https:\/\/www.greenpeace.org\/romania\/wp-json\/wp\/v2\/media?parent=6822"}],"wp:term":[{"taxonomy":"category","embeddable":true,"href":"https:\/\/www.greenpeace.org\/romania\/wp-json\/wp\/v2\/categories?post=6822"},{"taxonomy":"post_tag","embeddable":true,"href":"https:\/\/www.greenpeace.org\/romania\/wp-json\/wp\/v2\/tags?post=6822"},{"taxonomy":"p4-page-type","embeddable":true,"href":"https:\/\/www.greenpeace.org\/romania\/wp-json\/wp\/v2\/p4-page-type?post=6822"}],"curies":[{"name":"wp","href":"https:\/\/api.w.org\/{rel}","templated":true}]}}