{"id":6860,"date":"2021-11-05T16:49:00","date_gmt":"2021-11-05T13:49:00","guid":{"rendered":"https:\/\/www.greenpeace.org\/romania\/?p=6860"},"modified":"2026-04-02T13:19:06","modified_gmt":"2026-04-02T10:19:06","slug":"cernobil-inca-arde","status":"publish","type":"post","link":"https:\/\/www.greenpeace.org\/romania\/articol\/6860\/cernobil-inca-arde\/","title":{"rendered":"Cernob\u00eel \u00eenc\u0103 arde"},"content":{"rendered":"\n<p><strong>\u00cen aprilie 2020, incendii forestiere uria\u0219e au f\u0103cut ravagii \u00een zona de excludere. Nu era pentru prima dat\u0103. \u00cen 35 de ani, \u00een zona de excludere au izbucnit incendii de peste 1.500 ori. Dar, din cauza vremii anormal de calde, uscate \u0219i v\u00e2ntoase cauzate de dezechilibrele climatice, a fost cel mai mare incendiu \u00eenregistrat vreodat\u0103 \u00een zona de excludere de la Cernob\u00eel, acoperind o treime din aceast\u0103 zon\u0103 sensibil\u0103 (aproximativ 57.000 de hectare). Fiind una dintre cele mai mari zone naturale s\u0103lbatice din Europa, aceasta va avea nevoie de ani de zile pentru a se reface.<\/strong><\/p>\n\n<div class=\"wp-block-image\"><figure class=\"aligncenter size-full is-resized\"><img loading=\"lazy\" decoding=\"async\" src=\"https:\/\/www.greenpeace.org\/static\/planet4-romania-stateless\/2021\/11\/cdbd32ac-2.jpg\" alt=\"\" class=\"wp-image-6861\" width=\"699\" height=\"392\" srcset=\"https:\/\/www.greenpeace.org\/static\/planet4-romania-stateless\/2021\/11\/cdbd32ac-2.jpg 800w, https:\/\/www.greenpeace.org\/static\/planet4-romania-stateless\/2021\/11\/cdbd32ac-2-300x168.jpg 300w, https:\/\/www.greenpeace.org\/static\/planet4-romania-stateless\/2021\/11\/cdbd32ac-2-768x431.jpg 768w, https:\/\/www.greenpeace.org\/static\/planet4-romania-stateless\/2021\/11\/cdbd32ac-2-510x286.jpg 510w\" sizes=\"auto, (max-width: 699px) 100vw, 699px\" \/><figcaption>Incendiile \u00eencep s\u0103 izbucneasc\u0103 \u00een p\u0103durile \u0219i pe c\u00e2mpiile din regiunea Bryansk, \u00eenc\u0103 puternic contaminate cu radia\u021biile cauzate de dezastrul nuclear de la Cernob\u00eel. \u00cen lipsa unor m\u0103suri guvernamentale \u0219i a unui comportament responsabil din partea localnicilor (care ard iarba uscat\u0103) duc la niveluri \u00eengrijor\u0103toare de poluare atmosferic\u0103. La 30 de ani dup\u0103 dezastrul nuclear, mii de oameni continu\u0103 s\u0103 fie expu\u0219i la radia\u021bii. Pompieri din echipa Greenpeace \u00eencearc\u0103 s\u0103 opreasc\u0103 r\u0103sp\u00e2ndirea acestor incendii, \u00een colaborare cu Departamentul pentru Situa\u021bii de Urgen\u021b\u0103 <br><br>\u00a9 Vladislav Zalevskiy \/ Greenpeace<\/figcaption><\/figure><\/div>\n\n<p>S\u0103pt\u0103m\u00e2ni mai t\u00e2rziu, norii de fum au provocat smog la Kiev, la 250 de kilometri distan\u021b\u0103 \u0219i, de\u0219i nu s-au dep\u0103\u0219it limitele normale, au fost detectate niveluri de radioactivitate mai mari dec\u00e2t de obicei. \u00centre timp, cel pu\u021bin trei dintre cele mai mari incendii au continuat, unul dintre ele fiind situat aproape de locul vechii centrale nucleare, la doar 4 kilometri distan\u021b\u0103 de sarcofag. Sute de pompieri \u0219i p\u0103durari prost echipa\u021bi au fost nevoi\u021bi s\u0103 lucreze \u00een regiunile cele mai contaminate ale zonei \u00een care, potrivit relat\u0103rilor din pres\u0103, radia\u021biile au dep\u0103\u0219it de 16 ori nivelul radia\u021biei de fond.<\/p>\n\n<h4 class=\"has-text-align-center has-green-500-background-color has-background wp-block-heading\"><strong>Ce spun oamenii de \u0219tiin\u021b\u0103? <\/strong><strong><\/strong><\/h4>\n\n<p>\u201eDin p\u0103cate, avem foarte pu\u021bine informa\u021bii despre pericolele radiologice reprezentate de incendiile din zonele contaminate radioactiv\u201d, spune profesorul Valery Ka\u0219parov, directorul Institutului de Cercetare privind Radiologia Agrar\u0103 din Ucraina. \u201eIncendiile reprezint\u0103 cea mai mare problem\u0103, mai ales din punctul de vedere al expunerii la radia\u021bii a pompierilor. Pentru ei pericolul este cel mai mare. Cel mai mare pericol poate fi legat de doza absorbit\u0103, din cauza inhal\u0103rii \u0219i p\u0103trunderii radioizotopilor \u00een pl\u0103m\u00e2ni.\u201d<\/p>\n\n<div class=\"wp-block-image\"><figure class=\"aligncenter size-full is-resized\"><img loading=\"lazy\" decoding=\"async\" src=\"https:\/\/www.greenpeace.org\/static\/planet4-romania-stateless\/2021\/11\/af70a2ef-gp0stpqa0_web_size.jpg\" alt=\"\" class=\"wp-image-6864\" width=\"668\" height=\"375\" srcset=\"https:\/\/www.greenpeace.org\/static\/planet4-romania-stateless\/2021\/11\/af70a2ef-gp0stpqa0_web_size.jpg 800w, https:\/\/www.greenpeace.org\/static\/planet4-romania-stateless\/2021\/11\/af70a2ef-gp0stpqa0_web_size-300x168.jpg 300w, https:\/\/www.greenpeace.org\/static\/planet4-romania-stateless\/2021\/11\/af70a2ef-gp0stpqa0_web_size-768x431.jpg 768w, https:\/\/www.greenpeace.org\/static\/planet4-romania-stateless\/2021\/11\/af70a2ef-gp0stpqa0_web_size-510x286.jpg 510w\" sizes=\"auto, (max-width: 668px) 100vw, 668px\" \/><figcaption> \u00a9 Vladislav Zalevskiy \/ Greenpeace <\/figcaption><\/figure><\/div>\n\n<div class=\"wp-block-image\"><figure class=\"aligncenter size-full is-resized\"><img loading=\"lazy\" decoding=\"async\" src=\"https:\/\/www.greenpeace.org\/static\/planet4-romania-stateless\/2021\/11\/77539016-gp0stppws_web_size.jpg\" alt=\"\" class=\"wp-image-6863\" width=\"669\" height=\"445\" srcset=\"https:\/\/www.greenpeace.org\/static\/planet4-romania-stateless\/2021\/11\/77539016-gp0stppws_web_size.jpg 800w, https:\/\/www.greenpeace.org\/static\/planet4-romania-stateless\/2021\/11\/77539016-gp0stppws_web_size-300x200.jpg 300w, https:\/\/www.greenpeace.org\/static\/planet4-romania-stateless\/2021\/11\/77539016-gp0stppws_web_size-768x512.jpg 768w, https:\/\/www.greenpeace.org\/static\/planet4-romania-stateless\/2021\/11\/77539016-gp0stppws_web_size-510x340.jpg 510w\" sizes=\"auto, (max-width: 669px) 100vw, 669px\" \/><\/figure><\/div>\n\n<h4 class=\"has-text-align-center has-green-500-background-color has-background wp-block-heading\"><strong>Imaginea de ansamblu<\/strong><\/h4>\n\n<p>Chiar \u0219i \u021b\u0103rile care au supravie\u021buit ororilor acestui dezastru pe teritoriul lor continu\u0103 s\u0103 se aga\u021be cu \u00eenc\u0103p\u0103\u021b\u00e2nare de energia nuclear\u0103. O nou\u0103 central\u0103 nuclear\u0103 se construie\u0219te chiar acum \u00een Belarus. Nu numai c\u0103 Rusia construie\u0219te alte unit\u0103\u021bi fixe, dar a lansat o central\u0103 nuclear\u0103 plutitoare \u2013 \u201eAkademik Lomonosov\u201d, gestionat\u0103 de Rosatom, imediat numit\u0103 \u201e<a href=\"https:\/\/www.greenpeace.org\/international\/story\/16149\/32-years-on-chernobyl-on-ice\/\">Cernob\u00eelul plutitor<\/a>\u201d. Peste 30 de \u021b\u0103ri din \u00eentreaga lume \u00eenc\u0103 utilizeaz\u0103 centrale nucleare.<\/p>\n\n<p class=\"has-text-align-center\"><strong><a href=\"https:\/\/www.youtube.com\/watch?v=0uPzbH-KxY8&amp;t=125s\" target=\"_blank\" rel=\"noreferrer noopener\">VIDEO Avem nevoie de un nou Cernob\u00eel?<\/a><\/strong><\/p>\n\n<h4 class=\"has-text-align-center has-green-500-background-color has-background wp-block-heading\"><strong>Ce trebuie s\u0103 se \u00eent\u00e2mple acum?<\/strong><\/h4>\n\n<figure class=\"wp-block-image size-full is-resized\"><img decoding=\"async\" src=\"https:\/\/www.greenpeace.org\/static\/planet4-romania-stateless\/2021\/11\/cb85df2d-18.jpg\" alt=\"\" class=\"wp-image-6862\" width=\"-200\" height=\"-133\" srcset=\"https:\/\/www.greenpeace.org\/static\/planet4-romania-stateless\/2021\/11\/cb85df2d-18.jpg 1024w, https:\/\/www.greenpeace.org\/static\/planet4-romania-stateless\/2021\/11\/cb85df2d-18-300x200.jpg 300w, https:\/\/www.greenpeace.org\/static\/planet4-romania-stateless\/2021\/11\/cb85df2d-18-768x512.jpg 768w, https:\/\/www.greenpeace.org\/static\/planet4-romania-stateless\/2021\/11\/cb85df2d-18-510x340.jpg 510w\" sizes=\"(max-width: 1024px) 100vw, 1024px\" \/><\/figure>\n\n<p> <strong>Criza climatic\u0103 provoac\u0103 secete mai frecvente, ecosistemele s-au schimbat \u0219i fiecare incendiu a avut un impact asupra mediului local.<\/strong>  Sectorul energiei nucleare distrage aten\u021bia publicului de la solu\u021biile reale de care avem nevoie \u00een lupta \u00eempotriva crizei climatice. Guvernele \u0219i companiile din \u00eentreaga lume trebuie s\u0103 \u00eenceteze s\u0103 construiasc\u0103 noi unit\u0103\u021bi nucleare, s\u0103 le opreasc\u0103 pe cele existente \u0219i s\u0103 acorde prioritate investi\u021biilor \u00een energie curat\u0103, regenerabil\u0103.<\/p>\n\n<p><\/p>\n\n<p class=\"has-text-align-center has-green-500-background-color has-background\"><strong>Dac\u0103 vrei s\u0103 afli mai multe<\/strong> <strong>despre campania noastr\u0103 de Clim\u0103 \u0219i energie \u0219i s\u0103 r\u0103m\u00e2i la curent cu tot ceea ce facem, <a href=\"https:\/\/act.greenpeace.org\/page\/56290\/petition\/1\" target=\"_blank\" rel=\"noreferrer noopener\">te po\u021bi abona \u00een c\u00e2\u021biva pa\u0219i simpli la newsletter-ul nostru<\/a><\/strong>.<\/p>\n\n<p><\/p>\n\n<p class=\"has-text-align-center\">\u021ai s-a p\u0103rut util acest material<a href=\"https:\/\/www.greenpeace.org\/romania\/articol\/6643\/cernobil-35-de-ani-mai-tarziu\/\" target=\"_blank\" rel=\"noreferrer noopener\">? Cite\u0219te mai multe<\/a>.<\/p>\n\n<hr class=\"wp-block-separator\"\/>\n\n<p><a><\/a><\/p>\n\n<p><\/p>\n\n<p><\/p>\n","protected":false},"excerpt":{"rendered":"<p>\u00cen aprilie 2020, incendii forestiere uria\u0219e au f\u0103cut ravagii \u00een zona de excludere. Nu era pentru prima dat\u0103. \u00cen 35 de ani, \u00een zona de excludere au izbucnit incendii de peste 1.500 ori. Fiind una dintre cele mai mari zone naturale s\u0103lbatice din Europa, aceasta va avea nevoie de ani de zile pentru a se reface.<\/p>\n","protected":false},"author":34,"featured_media":6865,"comment_status":"open","ping_status":"closed","sticky":false,"template":"","format":"standard","meta":{"ep_exclude_from_search":false,"p4_og_title":"","p4_og_description":"","p4_og_image":"","p4_og_image_id":"","p4_seo_canonical_url":"","p4_campaign_name":"not set","p4_local_project":"not set","p4_basket_name":"not set","p4_department":"","footnotes":""},"categories":[2,31],"tags":[35,36,68,99,132],"p4-page-type":[],"class_list":["post-6860","post","type-post","status-publish","format-standard","has-post-thumbnail","hentry","category-clima-si-energie","category-greenpeace","tag-poluare","tag-criza-climatica","tag-energie","tag-cernobil","tag-campanii-vechi"],"_links":{"self":[{"href":"https:\/\/www.greenpeace.org\/romania\/wp-json\/wp\/v2\/posts\/6860","targetHints":{"allow":["GET"]}}],"collection":[{"href":"https:\/\/www.greenpeace.org\/romania\/wp-json\/wp\/v2\/posts"}],"about":[{"href":"https:\/\/www.greenpeace.org\/romania\/wp-json\/wp\/v2\/types\/post"}],"author":[{"embeddable":true,"href":"https:\/\/www.greenpeace.org\/romania\/wp-json\/wp\/v2\/users\/34"}],"replies":[{"embeddable":true,"href":"https:\/\/www.greenpeace.org\/romania\/wp-json\/wp\/v2\/comments?post=6860"}],"version-history":[{"count":6,"href":"https:\/\/www.greenpeace.org\/romania\/wp-json\/wp\/v2\/posts\/6860\/revisions"}],"predecessor-version":[{"id":12544,"href":"https:\/\/www.greenpeace.org\/romania\/wp-json\/wp\/v2\/posts\/6860\/revisions\/12544"}],"wp:featuredmedia":[{"embeddable":true,"href":"https:\/\/www.greenpeace.org\/romania\/wp-json\/wp\/v2\/media\/6865"}],"wp:attachment":[{"href":"https:\/\/www.greenpeace.org\/romania\/wp-json\/wp\/v2\/media?parent=6860"}],"wp:term":[{"taxonomy":"category","embeddable":true,"href":"https:\/\/www.greenpeace.org\/romania\/wp-json\/wp\/v2\/categories?post=6860"},{"taxonomy":"post_tag","embeddable":true,"href":"https:\/\/www.greenpeace.org\/romania\/wp-json\/wp\/v2\/tags?post=6860"},{"taxonomy":"p4-page-type","embeddable":true,"href":"https:\/\/www.greenpeace.org\/romania\/wp-json\/wp\/v2\/p4-page-type?post=6860"}],"curies":[{"name":"wp","href":"https:\/\/api.w.org\/{rel}","templated":true}]}}