{"id":7607,"date":"2022-06-09T12:04:02","date_gmt":"2022-06-09T09:04:02","guid":{"rendered":"https:\/\/www.greenpeace.org\/romania\/?p=7607"},"modified":"2026-04-02T13:26:16","modified_gmt":"2026-04-02T10:26:16","slug":"greenpeace-romania-lanseaza-raportul-o-resursa-nefolosita-potentialul-fotovoltaic-al-cladirilor-publice-din-romania","status":"publish","type":"post","link":"https:\/\/www.greenpeace.org\/romania\/articol\/7607\/greenpeace-romania-lanseaza-raportul-o-resursa-nefolosita-potentialul-fotovoltaic-al-cladirilor-publice-din-romania\/","title":{"rendered":"Greenpeace Rom\u00e2nia lanseaz\u0103 raportul \u201eO resurs\u0103 nefolosit\u0103 \u2014 Poten\u021bialul fotovoltaic al cl\u0103dirilor publice din Rom\u00e2nia\u201d"},"content":{"rendered":"\n<p><em>Bucure\u0219ti, 9 iunie 2022:<\/em> Greenpeace Rom\u00e2nia lanseaz\u0103 raportul <strong>\u201e<a href=\"https:\/\/act.gp\/Poten\u021bialulC\u0103dirilorPublice\">O resurs\u0103 nefolosit\u0103 \u2014 Poten\u021bialul fotovoltaic al cl\u0103dirilor publice din Rom\u00e2nia<\/a>\u201d<\/strong>, care analizeaz\u0103 datele oferite de prim\u0103rii din 11 ora\u0219e ale Rom\u00e2niei privind poten\u021bialul solar al cl\u0103dirilor publice. Studiul este realizat de c\u0103tre Andrei Ila\u0219, membru fondator al <a href=\"https:\/\/cooperativadeenergie.ro\/\">Cooperativei de Energie<\/a>, la solicitarea \u0219i cu aportul Greenpeace.<\/p>\n\n<p>\u00centr-o perioad\u0103 de crize multiple, statele europene se afl\u0103 \u00een plin proces de tranzi\u021bie energetic\u0103, efectele c\u0103reia vor reprezenta o cotitur\u0103 istoric\u0103 de propor\u021bii majore. Renun\u021barea la dependen\u021ba de combustibili fosili din Rusia \u00een contextul r\u0103zboiului din Ucraina, cre\u0219terea facturilor la energie (care ad\u00e2nce\u0219te s\u0103r\u0103cia energetic\u0103) \u0219i necesitatea reducerii emisiilor de carbon sunt elemente esen\u021biale ale contextului care va crea lumea de m\u00e2ine.<\/p>\n\n<p>REPowerEU, planul Comisiei Europene pentru aceast\u0103 tranzi\u021bie verde, propune un viitor \u00een care energia s\u0103 fie accesibil\u0103, sigur\u0103, sustenabil\u0103 \u0219i \u00een care diversificarea surselor de produc\u021bie s\u0103 primeze. Uniunea European\u0103 vizeaz\u0103 ca p\u00e2n\u0103 \u00een 2027 toate cl\u0103dirile existente, at\u00e2t publice sau private s\u0103 fie dotate cu panouri solare pe acoperi\u0219, cu ajutorul c\u0103rora s\u0103-\u0219i produc\u0103 propria energie electric\u0103<\/p>\n\n<p>Anticip\u00e2nd ini\u021biativa UE, Greenpeace a vrut s\u0103 afle \u00een ce stadiu se afl\u0103 utilizarea acoperi\u0219urilor cl\u0103dirilor publice din Rom\u00e2nia pentru produc\u021bia de energie curat\u0103 \u0219i regenerabil\u0103. \u00cen consecin\u021b\u0103, a solicitat accesul la datele publice de\u021binute de 22 de prim\u0103rii din marile ora\u0219e. Rezultatul nu a fost surprinz\u0103tor: poten\u021bialul fotovoltaic al cl\u0103dirilor publice administrate de acestea este foarte mare, \u00eens\u0103 dorin\u021ba de a-l exploata \u0219i, implicit, de a r\u0103spunde solicit\u0103rilor Greenpeace, e limitat\u0103.&nbsp;<\/p>\n\n<figure class=\"wp-block-image size-large is-resized\"><a href=\"https:\/\/act.gp\/Poten\u021bialulC\u0103dirilorPublice\"><img loading=\"lazy\" decoding=\"async\" src=\"https:\/\/www.greenpeace.org\/static\/planet4-romania-stateless\/2022\/06\/6c7a6483-coperta-landscape-1-1024x576.jpg\" alt=\"\" class=\"wp-image-7611\" width=\"736\" height=\"414\" srcset=\"https:\/\/www.greenpeace.org\/static\/planet4-romania-stateless\/2022\/06\/6c7a6483-coperta-landscape-1-1024x576.jpg 1024w, https:\/\/www.greenpeace.org\/static\/planet4-romania-stateless\/2022\/06\/6c7a6483-coperta-landscape-1-300x169.jpg 300w, https:\/\/www.greenpeace.org\/static\/planet4-romania-stateless\/2022\/06\/6c7a6483-coperta-landscape-1-768x432.jpg 768w, https:\/\/www.greenpeace.org\/static\/planet4-romania-stateless\/2022\/06\/6c7a6483-coperta-landscape-1-1536x864.jpg 1536w, https:\/\/www.greenpeace.org\/static\/planet4-romania-stateless\/2022\/06\/6c7a6483-coperta-landscape-1-2048x1152.jpg 2048w, https:\/\/www.greenpeace.org\/static\/planet4-romania-stateless\/2022\/06\/6c7a6483-coperta-landscape-1-510x287.jpg 510w\" sizes=\"auto, (max-width: 736px) 100vw, 736px\" \/><\/a><figcaption><a href=\"https:\/\/act.gp\/Poten\u021bialulCl\u0103dirilorPublice\" target=\"_blank\" rel=\"noreferrer noopener\">https:\/\/act.gp\/Poten\u021bialulCl\u0103dirilorPublice<\/a><\/figcaption><\/figure>\n\n<p><strong>Concluziile <\/strong><a href=\"https:\/\/act.gp\/Poten\u021bialulC\u0103dirilorPublice\"><strong>raportului<\/strong> <\/a>privind poten\u021bialul fotovoltaic al cl\u0103dirilor publice din Rom\u00e2nia:<\/p>\n\n<ul class=\"wp-block-list\"><li>Suprafa\u021ba total\u0103 utilizabil\u0103 pe acoperi\u0219urile publice din cele 11 ora\u0219e: <strong>peste 1 milion mp<\/strong><\/li><li>Poten\u021bialul energiei fotovoltaice instalate pe cl\u0103dirile din patrimoniul ora\u0219elor analizate <strong>dep\u0103\u0219e\u0219te cu p\u00e2n\u0103 la de trei ori necesarul instalat<\/strong> pentru acoperirea \u00een \u00eentregime a consumului cumulat anual<\/li><li>11 ora\u0219e din Rom\u00e2nia pot economisi <strong>peste 4 milioane euro<\/strong> anual utiliz\u00e2nd doar poten\u021bialul energiei fotovoltaice instalate pe acoperi\u0219urile cl\u0103dirilor din patrimoniul local<\/li><li><strong>Costurile de generare a energiei solare<\/strong> pe acoperi\u0219urile cl\u0103dirilor de\u021binute de administra\u021biile locale variaz\u0103 \u00eentre 71 euro\/MWh \u0219i 79 euro\/MWh, <strong>cu mult sub pre\u021burile actuale ale electricit\u0103\u021bii pe pia\u021ba spot<\/strong>, care graviteaz\u0103 \u00een jurul valorii de 200 EURO\/MW.<\/li><\/ul>\n\n<p><strong>Marian M\u00e2ndru, campaigner pentru clim\u0103 \u0219i energie \u00een cadrul Greenpeace Rom\u00e2nia<\/strong>, declar\u0103: \u201ePoten\u021bialul fotovoltaic al cl\u0103dirilor publice din Rom\u00e2nia este mare \u0219i neexploatat. \u0218i e o pierdere, pentru c\u0103 energia regenerabil\u0103 produs\u0103 local este benefic\u0103 at\u00e2t pentru autorit\u0103\u021bile publice, c\u00e2t \u0219i pentru comunit\u0103\u021bi \u0219i mediu. Criza energetic\u0103 \u0219i climatic\u0103, dar \u0219i condi\u021biile favorabile energiei verzi la nivel european, impun deblocarea rapid\u0103 a acestei resurse. Este \u00een puterea primarilor s\u0103 ac\u021bioneze, s\u0103 evalueze poten\u021bialul de energie fotovoltaic\u0103 \u0219i s\u0103 \u00eenceap\u0103 implementarea proiectelor. De asemenea, se impune crearea unui cadru legislativ ambi\u021bios, cu \u021binte clare \u0219i imediate, care s\u0103 gr\u0103beasc\u0103 acest proces.\u201d<\/p>\n\n<p><strong>Greenpeace face un apel c\u0103tre administra\u021biile publice din \u00eentreaga Rom\u00e2nie:<\/strong> \u201eAjuta\u021bi comunitatea \u0219i implica\u021bi-o \u00een acest proces vital de tranzi\u021bie prin producerea de energie verde! Calcula\u021bi poten\u021bialul fotovoltaic al cl\u0103dirilor pe care le administra\u021bi! Folosi\u021bi energia ieftin\u0103 \u0219i curat\u0103 de pe acoperi\u0219uri! Oferi\u021bi un cadrul legislativ ambi\u021bios, care s\u0103 vin\u0103 \u00een sprijinul acestui proces \u0219i s\u0103-l gr\u0103beasc\u0103 pentru a atinge c\u00e2t mai rapid obiectivul de neutralitate climatic\u0103.\u201d&nbsp;<\/p>\n\n<p><br>Pentru mai multe informa\u021bii:<\/p>\n\n<p>Marian M\u00e2ndru, Campaigner pentru Clim\u0103 \u0219i Energie, Greenpeace Rom\u00e2nia, 0731-346-706 \u2014 marian.mandru@greenpeace.org<\/p>\n\n<p>Laura Bonciu, Digital Creative &amp; Communications Officer, Greenpeace Rom\u00e2nia, 0766-368-298 \u2014 laura.bonciu@greenpeace.org<\/p>\n","protected":false},"excerpt":{"rendered":"<p>Am lansat raportul \u201eO resurs\u0103 nefolosit\u0103 \u2014 Poten\u021bialul fotovoltaic al cl\u0103dirilor publice din Rom\u00e2nia\u201d, care analizeaz\u0103 datele oferite de prim\u0103rii din 11 ora\u0219e ale Rom\u00e2niei privind poten\u021bialul fotovoltaic al cl\u0103dirilor publice.<\/p>\n","protected":false},"author":34,"featured_media":7611,"comment_status":"open","ping_status":"closed","sticky":false,"template":"","format":"standard","meta":{"ep_exclude_from_search":false,"p4_og_title":"","p4_og_description":"","p4_og_image":"","p4_og_image_id":"","p4_seo_canonical_url":"","p4_campaign_name":"not set","p4_local_project":"not set","p4_basket_name":"not set","p4_department":"","footnotes":""},"categories":[2],"tags":[73,68,110,7],"p4-page-type":[],"class_list":["post-7607","post","type-post","status-publish","format-standard","has-post-thumbnail","hentry","category-clima-si-energie","tag-tranzitie-justa-1","tag-energie","tag-energy4peace-1","tag-energie-regenerabila"],"_links":{"self":[{"href":"https:\/\/www.greenpeace.org\/romania\/wp-json\/wp\/v2\/posts\/7607","targetHints":{"allow":["GET"]}}],"collection":[{"href":"https:\/\/www.greenpeace.org\/romania\/wp-json\/wp\/v2\/posts"}],"about":[{"href":"https:\/\/www.greenpeace.org\/romania\/wp-json\/wp\/v2\/types\/post"}],"author":[{"embeddable":true,"href":"https:\/\/www.greenpeace.org\/romania\/wp-json\/wp\/v2\/users\/34"}],"replies":[{"embeddable":true,"href":"https:\/\/www.greenpeace.org\/romania\/wp-json\/wp\/v2\/comments?post=7607"}],"version-history":[{"count":11,"href":"https:\/\/www.greenpeace.org\/romania\/wp-json\/wp\/v2\/posts\/7607\/revisions"}],"predecessor-version":[{"id":7622,"href":"https:\/\/www.greenpeace.org\/romania\/wp-json\/wp\/v2\/posts\/7607\/revisions\/7622"}],"wp:featuredmedia":[{"embeddable":true,"href":"https:\/\/www.greenpeace.org\/romania\/wp-json\/wp\/v2\/media\/7611"}],"wp:attachment":[{"href":"https:\/\/www.greenpeace.org\/romania\/wp-json\/wp\/v2\/media?parent=7607"}],"wp:term":[{"taxonomy":"category","embeddable":true,"href":"https:\/\/www.greenpeace.org\/romania\/wp-json\/wp\/v2\/categories?post=7607"},{"taxonomy":"post_tag","embeddable":true,"href":"https:\/\/www.greenpeace.org\/romania\/wp-json\/wp\/v2\/tags?post=7607"},{"taxonomy":"p4-page-type","embeddable":true,"href":"https:\/\/www.greenpeace.org\/romania\/wp-json\/wp\/v2\/p4-page-type?post=7607"}],"curies":[{"name":"wp","href":"https:\/\/api.w.org\/{rel}","templated":true}]}}