{"id":7703,"date":"2022-07-28T14:08:47","date_gmt":"2022-07-28T11:08:47","guid":{"rendered":"https:\/\/www.greenpeace.org\/romania\/?p=7703"},"modified":"2026-04-02T14:14:11","modified_gmt":"2026-04-02T11:14:11","slug":"protest-greenpeace-in-fata-unui-petrolier-rusesc-seceta-incepe-aici","status":"publish","type":"post","link":"https:\/\/www.greenpeace.org\/romania\/articol\/7703\/protest-greenpeace-in-fata-unui-petrolier-rusesc-seceta-incepe-aici\/","title":{"rendered":"Protest Greenpeace \u00een fa\u021ba unui petrolier rusesc: \u201eSeceta \u00eencepe aici!\u201d&nbsp;"},"content":{"rendered":"\n<figure class=\"wp-block-image size-large\"><img loading=\"lazy\" decoding=\"async\" width=\"1024\" height=\"683\" src=\"https:\/\/www.greenpeace.org\/static\/planet4-romania-stateless\/2022\/07\/77ccdb95-dma06495-1024x683.jpg\" alt=\"\" class=\"wp-image-7704\" srcset=\"https:\/\/www.greenpeace.org\/static\/planet4-romania-stateless\/2022\/07\/77ccdb95-dma06495-1024x683.jpg 1024w, https:\/\/www.greenpeace.org\/static\/planet4-romania-stateless\/2022\/07\/77ccdb95-dma06495-300x200.jpg 300w, https:\/\/www.greenpeace.org\/static\/planet4-romania-stateless\/2022\/07\/77ccdb95-dma06495-768x512.jpg 768w, https:\/\/www.greenpeace.org\/static\/planet4-romania-stateless\/2022\/07\/77ccdb95-dma06495-1536x1024.jpg 1536w, https:\/\/www.greenpeace.org\/static\/planet4-romania-stateless\/2022\/07\/77ccdb95-dma06495-2048x1366.jpg 2048w, https:\/\/www.greenpeace.org\/static\/planet4-romania-stateless\/2022\/07\/77ccdb95-dma06495-510x340.jpg 510w\" sizes=\"auto, (max-width: 1024px) 100vw, 1024px\" \/><\/figure>\n\n<p><em>Marea Neagr\u0103, 28 iulie 2022<\/em> \u2013 Activi\u0219ti Greenpeace Rom\u00e2nia \u00een caiace protesteaz\u0103 \u00een fa\u021ba petrolierului rusesc VF Tanker 2. \u201eSeceta \u00eencepe aici\u201d, \u201eValurile de c\u0103ldur\u0103 \u00eencep aici\u201d \u0219i \u201eHeat waves start here\u201d sunt mesajele prin care ace\u0219tia trag un semnal de alarm\u0103 asupra leg\u0103turii dintre dependen\u021ba de combustibili fosili \u0219i fenomenele meteo extreme cu care ne confrunt\u0103m: secet\u0103 generalizat\u0103, incendii devastatoare, temperaturi sufocante, instabilitate atmosferic\u0103. Activi\u0219tii cer Guvernului Rom\u00e2niei s\u0103 nu mai am\u00e2ne tranzi\u021bia c\u0103tre energie curat\u0103, care nu distruge mediul \u0219i nu alimenteaz\u0103 r\u0103zboaie.<\/p>\n\n<figure class=\"wp-block-image size-large\"><img loading=\"lazy\" decoding=\"async\" width=\"1024\" height=\"683\" src=\"https:\/\/www.greenpeace.org\/static\/planet4-romania-stateless\/2022\/07\/a993a5bd-greenpeace_-razvan-dima2-1024x683.jpg\" alt=\"\" class=\"wp-image-7705\" srcset=\"https:\/\/www.greenpeace.org\/static\/planet4-romania-stateless\/2022\/07\/a993a5bd-greenpeace_-razvan-dima2-1024x683.jpg 1024w, https:\/\/www.greenpeace.org\/static\/planet4-romania-stateless\/2022\/07\/a993a5bd-greenpeace_-razvan-dima2-300x200.jpg 300w, https:\/\/www.greenpeace.org\/static\/planet4-romania-stateless\/2022\/07\/a993a5bd-greenpeace_-razvan-dima2-768x512.jpg 768w, https:\/\/www.greenpeace.org\/static\/planet4-romania-stateless\/2022\/07\/a993a5bd-greenpeace_-razvan-dima2-1536x1024.jpg 1536w, https:\/\/www.greenpeace.org\/static\/planet4-romania-stateless\/2022\/07\/a993a5bd-greenpeace_-razvan-dima2-2048x1366.jpg 2048w, https:\/\/www.greenpeace.org\/static\/planet4-romania-stateless\/2022\/07\/a993a5bd-greenpeace_-razvan-dima2-510x340.jpg 510w\" sizes=\"auto, (max-width: 1024px) 100vw, 1024px\" \/><\/figure>\n\n<p>Oamenii de \u0219tiin\u021b\u0103 avertizeaz\u0103 deja de decenii c\u0103 arderea combustibililor fosili este principala cauz\u0103 a <a href=\"https:\/\/www.greenpeace.org\/romania\/articol\/7371\/e-momentul-sa-actionam-cel-mai-recent-raport-ipcc-solutiile-climatice-propuse\/\">schimb\u0103rilor climatice<\/a> \u0219i c\u0103 acestea duc la cre\u0219terea frecven\u021bei \u0219i intensit\u0103\u021bii valurilor de c\u0103ldur\u0103, la epuizarea resurselor de ap\u0103, la incendii de vegeta\u021bie de amploare, care se extind rapid, distrug ecosisteme \u0219i amenin\u021b\u0103 \u00eentregi comunit\u0103\u021bi.<\/p>\n\n<p>Companiile de combustibili fosili au prioritizat profitul \u00een fa\u021ba grijii pentru oameni \u0219i planet\u0103, construind <a href=\"https:\/\/www.bbc.com\/news\/science-environment-62225696\">campanii elaborate pentru negarea crizei climatice<\/a> \u0219i a responsabilit\u0103\u021bii pe care o au \u00een agravarea ei. Vor continua s\u0103 fac\u0103 asta, s\u0103 dea vina pe \u201eciclurile naturale\u201d \u0219i pe cet\u0103\u021benii obi\u0219nui\u021bi, timp \u00een care cei mai vulnerabili dintre noi \u0219i \u00een acela\u0219i timp cei mai pu\u021bin r\u0103spunz\u0103tori pentru situa\u021bie sufer\u0103 \u00een mod dispropor\u021bionat cele mai grave efecte ale acesteia.<br><br>Trecem printr-o suprapunere letal\u0103 de crize la nivel global: criza sanitar\u0103, r\u0103zboiul din Ucraina, criza refugia\u021bilor, criza energetic\u0103 \u0219i economic\u0103, criza climatic\u0103 \u0219i a naturii, care se amplific\u0103 una pe alta. To\u021bi suntem afecta\u021bi, \u00eens\u0103 nu \u00een mod egal, iar acest lucru se vede tot mai clar \u0219i la nivel local: sud-estul Rom\u00e2niei este lovit de secet\u0103 \u0219i incendii de vegeta\u021bie, sute de localit\u0103\u021bi au r\u0103mas f\u0103r\u0103 ap\u0103, iar de\u0219ertificarea amenin\u021b\u0103 11 milioane de rom\u00e2ni care tr\u0103iesc \u00een zonele de c\u00e2mpie, precum \u0219i siguran\u021ba alimentar\u0103 a celor mai vulnerabili.<br><br>\u00cenc\u0103lzirea global\u0103 nu e numai despre c\u0103ldura excesiv\u0103, ci despre o dereglare major\u0103 a sistemelor noastre climatice, care se afl\u0103 abia \u00een stadiile ini\u021biale. Fereastra de oportunitate \u00een care mai putem ac\u021biona se \u00eenchide pe zi ce trece. Iat\u0103 de ce nu mai putem \u201earde gazul\u201d f\u0103r\u0103 s\u0103 pecetluim soarta a milioane de specii de care depinde via\u021ba pe P\u0103m\u00e2nt \u0219i s\u0103 punem sub semnul \u00eentreb\u0103rii \u00eens\u0103\u0219i civiliza\u021bia uman\u0103.<\/p>\n\n<p><a href=\"https:\/\/ec.europa.eu\/eurostat\/cache\/infographs\/energy\/bloc-2c.html\">Rusia este principalul furnizor al Uniunii Europene<\/a> de petrol, gaze naturale \u0219i c\u0103rbune, care finan\u021beaz\u0103 \u00een mod direct invazia Ucrainei: statele UE au v\u0103rsat de la \u00eenceputul r\u0103zboiului \u0219i p\u00e2n\u0103 acum peste <a href=\"https:\/\/beyond-coal.eu\/russian-fossil-fuel-tracker\/\">72 de miliarde \u20ac<\/a> \u00een buzunarul lui Putin. Asta \u00eenseamn\u0103 vie\u021bi pierdute \u00een fiecare zi \u0219i o ad\u00e2ncire accelerat\u0103 a crizei climatice. \u00cens\u0103, dac\u0103 r\u0103spunsul nostru este \u00eenlocuirea combustibililor fosili proveni\u021bi din regimuri dictatoriale cu al\u021bi combustibili fosili, nu facem dec\u00e2t s\u0103 ne s\u0103p\u0103m \u00een continuare groapa. Fiecare pas c\u0103tre tranzi\u021bia la energie curat\u0103, regenerabil\u0103, precum \u0219i concentrarea pe eficien\u021b\u0103 energetic\u0103 este un pas c\u0103tre securitate \u0219i un viitor mai verde \u0219i mai pa\u0219nic pentru to\u021bi. \u00cen loc s\u0103 aliment\u0103m ma\u0219in\u0103ria de r\u0103zboi \u0219i s\u0103 punem \u0219i mai mult gaz pe foc, ne putem concentra eforturile pe rezilien\u021b\u0103, independen\u021b\u0103 energetic\u0103 \u0219i securitate pe termen lung.<\/p>\n\n<p><strong>Alin T\u0103nase, campaigner Greenpeace Rom\u00e2nia, declar\u0103:<\/strong> \u201eNu vom fi niciodat\u0103 \u00een siguran\u021b\u0103 \u00eentr-o lume dependent\u0103 de combustibili fosili, iar r\u0103spunsul nostru nu poate fi doar schimbarea furnizorilor. Guvernul Rom\u00e2niei trebuie s\u0103 ia m\u0103suri concrete pentru o tranzi\u021bie just\u0103 \u0219i echitabil\u0103 la energie regenerabil\u0103, astfel \u00eenc\u00e2t crizele cu care ne confrunt\u0103m s\u0103 nu se agraveze. E momentul ca guvernan\u021bii rom\u00e2ni s\u0103 prioritizeze viitorul nostru, \u0219i nu profitul companiilor de combustibili fosili. Investi\u021biile \u00een surse regenerabile \u0219i economisirea energiei ar trebui tratate drept prioritate na\u021bional\u0103. Rom\u00e2nia trebuie s\u0103 gr\u0103beasc\u0103 tranzi\u021bia energetic\u0103 prin obiective ambi\u021bioase de energie regenerabil\u0103 \u0219i eficien\u021b\u0103 energetic\u0103 \u0219i s\u0103 stabileasc\u0103 \u021binte clare pentru eliminarea treptat\u0103 a tuturor combustibililor fosili.\u201d<br><br>Greenpeace cere Guvernului Rom\u00e2niei implementarea de urgen\u021b\u0103 a m\u0103surilor de cre\u0219tere a eficien\u021bei energetice at\u00e2t \u00een cl\u0103diri, c\u00e2t \u0219i \u00een industrie, sus\u021binerea activ\u0103 a prosumatorilor \u0219i a democra\u021biei energetice, investi\u021bii \u00een \u00eembun\u0103t\u0103\u021birea infrastructurii pentru energie curat\u0103, precum \u0219i a sistemelor de transport public, plantarea unei re\u021bele na\u021bionale de p\u0103duri de protec\u021bie \u0219i sprijin real pentru cet\u0103\u021benii cei mai vulnerabili la schimb\u0103rile climatice.<\/p>\n\n<p><strong><br><\/strong><em>Misiunea Greenpeace este de a asigura capacitatea p\u0103m\u00e2ntului de a hr\u0103ni via\u021ba \u00een toat\u0103 diversitatea ei. Folosim protestul non-violent \u0219i confruntarea creativ\u0103 pentru a expune probleme globale de mediu \u0219i pentru a promova solu\u021bii care sunt esen\u021biale pentru un viitor verde \u0219i pa\u0219nic.<\/em><\/p>\n\n<p><em><br><br><\/em><strong>Materiale pentru pres\u0103<\/strong>: <a href=\"https:\/\/drive.google.com\/drive\/folders\/1HIS_MnWFlZhMJsHZ3giPyqKxRlJRKQE_ \">https:\/\/drive.google.com\/drive\/folders\/1HIS_MnWFlZhMJsHZ3giPyqKxRlJRKQE_ <\/a><em><br><br><\/em><strong>Contacte pentru pres\u0103:&nbsp;<\/strong><\/p>\n\n<p>Alin T\u0103nase, Campaigner pentru Clim\u0103 \u0219i Energie, Greenpeace Rom\u00e2nia\u00a0<br>0724-210-014, <a href=\"mailto:alin.tanase@greenpeace.org\">alin.tanase@greenpeace.org<\/a><br><br>Laura Bonciu, Digital Creative &amp; Communications Officer, Greenpeace Rom\u00e2nia<br>0766-368-298, laura.bonciu@greenpeace.org  <\/p>\n\n<figure class=\"wp-block-image size-large\"><img loading=\"lazy\" decoding=\"async\" width=\"1024\" height=\"683\" src=\"https:\/\/www.greenpeace.org\/static\/planet4-romania-stateless\/2022\/07\/7a1e1207-greenpeace_-razvan-dima3-1024x683.jpg\" alt=\"\" class=\"wp-image-7706\" srcset=\"https:\/\/www.greenpeace.org\/static\/planet4-romania-stateless\/2022\/07\/7a1e1207-greenpeace_-razvan-dima3-1024x683.jpg 1024w, https:\/\/www.greenpeace.org\/static\/planet4-romania-stateless\/2022\/07\/7a1e1207-greenpeace_-razvan-dima3-300x200.jpg 300w, https:\/\/www.greenpeace.org\/static\/planet4-romania-stateless\/2022\/07\/7a1e1207-greenpeace_-razvan-dima3-768x512.jpg 768w, https:\/\/www.greenpeace.org\/static\/planet4-romania-stateless\/2022\/07\/7a1e1207-greenpeace_-razvan-dima3-1536x1024.jpg 1536w, https:\/\/www.greenpeace.org\/static\/planet4-romania-stateless\/2022\/07\/7a1e1207-greenpeace_-razvan-dima3-2048x1366.jpg 2048w, https:\/\/www.greenpeace.org\/static\/planet4-romania-stateless\/2022\/07\/7a1e1207-greenpeace_-razvan-dima3-510x340.jpg 510w\" sizes=\"auto, (max-width: 1024px) 100vw, 1024px\" \/><\/figure>\n\n<figure class=\"wp-block-image size-large\"><img loading=\"lazy\" decoding=\"async\" width=\"1024\" height=\"683\" src=\"https:\/\/www.greenpeace.org\/static\/planet4-romania-stateless\/2022\/07\/63083fc8-greenpeace_-razvan-dima4-1024x683.jpg\" alt=\"\" class=\"wp-image-7707\" srcset=\"https:\/\/www.greenpeace.org\/static\/planet4-romania-stateless\/2022\/07\/63083fc8-greenpeace_-razvan-dima4-1024x683.jpg 1024w, https:\/\/www.greenpeace.org\/static\/planet4-romania-stateless\/2022\/07\/63083fc8-greenpeace_-razvan-dima4-300x200.jpg 300w, https:\/\/www.greenpeace.org\/static\/planet4-romania-stateless\/2022\/07\/63083fc8-greenpeace_-razvan-dima4-768x512.jpg 768w, https:\/\/www.greenpeace.org\/static\/planet4-romania-stateless\/2022\/07\/63083fc8-greenpeace_-razvan-dima4-1536x1024.jpg 1536w, https:\/\/www.greenpeace.org\/static\/planet4-romania-stateless\/2022\/07\/63083fc8-greenpeace_-razvan-dima4-2048x1366.jpg 2048w, https:\/\/www.greenpeace.org\/static\/planet4-romania-stateless\/2022\/07\/63083fc8-greenpeace_-razvan-dima4-510x340.jpg 510w\" sizes=\"auto, (max-width: 1024px) 100vw, 1024px\" \/><\/figure>\n\n<figure class=\"wp-block-image size-large\"><img loading=\"lazy\" decoding=\"async\" width=\"1024\" height=\"683\" src=\"https:\/\/www.greenpeace.org\/static\/planet4-romania-stateless\/2022\/07\/dee8d72d-greenpeace_-razvan-dima5-1024x683.jpg\" alt=\"\" class=\"wp-image-7708\" srcset=\"https:\/\/www.greenpeace.org\/static\/planet4-romania-stateless\/2022\/07\/dee8d72d-greenpeace_-razvan-dima5-1024x683.jpg 1024w, https:\/\/www.greenpeace.org\/static\/planet4-romania-stateless\/2022\/07\/dee8d72d-greenpeace_-razvan-dima5-300x200.jpg 300w, https:\/\/www.greenpeace.org\/static\/planet4-romania-stateless\/2022\/07\/dee8d72d-greenpeace_-razvan-dima5-768x512.jpg 768w, https:\/\/www.greenpeace.org\/static\/planet4-romania-stateless\/2022\/07\/dee8d72d-greenpeace_-razvan-dima5-1536x1024.jpg 1536w, https:\/\/www.greenpeace.org\/static\/planet4-romania-stateless\/2022\/07\/dee8d72d-greenpeace_-razvan-dima5-2048x1366.jpg 2048w, https:\/\/www.greenpeace.org\/static\/planet4-romania-stateless\/2022\/07\/dee8d72d-greenpeace_-razvan-dima5-510x340.jpg 510w\" sizes=\"auto, (max-width: 1024px) 100vw, 1024px\" \/><\/figure>\n\n<figure class=\"wp-block-image size-large\"><img loading=\"lazy\" decoding=\"async\" width=\"1024\" height=\"683\" src=\"https:\/\/www.greenpeace.org\/static\/planet4-romania-stateless\/2022\/07\/7dca8c7b-greenpeace_-razvan-dima6-1-1024x683.jpg\" alt=\"\" class=\"wp-image-7709\" srcset=\"https:\/\/www.greenpeace.org\/static\/planet4-romania-stateless\/2022\/07\/7dca8c7b-greenpeace_-razvan-dima6-1-1024x683.jpg 1024w, https:\/\/www.greenpeace.org\/static\/planet4-romania-stateless\/2022\/07\/7dca8c7b-greenpeace_-razvan-dima6-1-300x200.jpg 300w, https:\/\/www.greenpeace.org\/static\/planet4-romania-stateless\/2022\/07\/7dca8c7b-greenpeace_-razvan-dima6-1-768x512.jpg 768w, https:\/\/www.greenpeace.org\/static\/planet4-romania-stateless\/2022\/07\/7dca8c7b-greenpeace_-razvan-dima6-1-1536x1024.jpg 1536w, https:\/\/www.greenpeace.org\/static\/planet4-romania-stateless\/2022\/07\/7dca8c7b-greenpeace_-razvan-dima6-1-2048x1366.jpg 2048w, https:\/\/www.greenpeace.org\/static\/planet4-romania-stateless\/2022\/07\/7dca8c7b-greenpeace_-razvan-dima6-1-510x340.jpg 510w\" sizes=\"auto, (max-width: 1024px) 100vw, 1024px\" \/><\/figure>\n","protected":false},"excerpt":{"rendered":"<p>Activi\u0219ti Greenpeace Rom\u00e2nia \u00een caiace protesteaz\u0103 \u00een fa\u021ba petrolierului rusesc VF Tanker 2. \u201eSeceta \u00eencepe aici\u201d, \u201eValurile de c\u0103ldur\u0103 \u00eencep aici\u201d \u0219i \u201eHeat waves start here\u201d sunt mesajele prin care ace\u0219tia trag un semnal de alarm\u0103 asupra leg\u0103turii dintre dependen\u021ba de combustibili fosili \u0219i fenomenele meteo extreme cu care ne confrunt\u0103m: secet\u0103 generalizat\u0103, incendii devastatoare, temperaturi sufocante, instabilitate atmosferic\u0103. Activi\u0219tii cer Guvernului Rom\u00e2niei s\u0103 nu mai am\u00e2ne tranzi\u021bia c\u0103tre energie curat\u0103, care nu distruge mediul \u0219i nu alimenteaz\u0103 r\u0103zboaie.<\/p>\n","protected":false},"author":34,"featured_media":7704,"comment_status":"open","ping_status":"closed","sticky":false,"template":"","format":"standard","meta":{"ep_exclude_from_search":false,"p4_og_title":"","p4_og_description":"","p4_og_image":"","p4_og_image_id":"","p4_seo_canonical_url":"","p4_campaign_name":"not set","p4_local_project":"not set","p4_basket_name":"not set","p4_department":"","footnotes":""},"categories":[2,4],"tags":[102,36],"p4-page-type":[],"class_list":["post-7703","post","type-post","status-publish","format-standard","has-post-thumbnail","hentry","category-clima-si-energie","category-comunitate","tag-gaz-fosil-2","tag-criza-climatica"],"_links":{"self":[{"href":"https:\/\/www.greenpeace.org\/romania\/wp-json\/wp\/v2\/posts\/7703","targetHints":{"allow":["GET"]}}],"collection":[{"href":"https:\/\/www.greenpeace.org\/romania\/wp-json\/wp\/v2\/posts"}],"about":[{"href":"https:\/\/www.greenpeace.org\/romania\/wp-json\/wp\/v2\/types\/post"}],"author":[{"embeddable":true,"href":"https:\/\/www.greenpeace.org\/romania\/wp-json\/wp\/v2\/users\/34"}],"replies":[{"embeddable":true,"href":"https:\/\/www.greenpeace.org\/romania\/wp-json\/wp\/v2\/comments?post=7703"}],"version-history":[{"count":7,"href":"https:\/\/www.greenpeace.org\/romania\/wp-json\/wp\/v2\/posts\/7703\/revisions"}],"predecessor-version":[{"id":7718,"href":"https:\/\/www.greenpeace.org\/romania\/wp-json\/wp\/v2\/posts\/7703\/revisions\/7718"}],"wp:featuredmedia":[{"embeddable":true,"href":"https:\/\/www.greenpeace.org\/romania\/wp-json\/wp\/v2\/media\/7704"}],"wp:attachment":[{"href":"https:\/\/www.greenpeace.org\/romania\/wp-json\/wp\/v2\/media?parent=7703"}],"wp:term":[{"taxonomy":"category","embeddable":true,"href":"https:\/\/www.greenpeace.org\/romania\/wp-json\/wp\/v2\/categories?post=7703"},{"taxonomy":"post_tag","embeddable":true,"href":"https:\/\/www.greenpeace.org\/romania\/wp-json\/wp\/v2\/tags?post=7703"},{"taxonomy":"p4-page-type","embeddable":true,"href":"https:\/\/www.greenpeace.org\/romania\/wp-json\/wp\/v2\/p4-page-type?post=7703"}],"curies":[{"name":"wp","href":"https:\/\/api.w.org\/{rel}","templated":true}]}}