{"id":7759,"date":"2022-09-19T10:10:31","date_gmt":"2022-09-19T07:10:31","guid":{"rendered":"https:\/\/www.greenpeace.org\/romania\/?p=7759"},"modified":"2022-09-19T10:18:10","modified_gmt":"2022-09-19T07:18:10","slug":"greenpeace-incepe-demersurile-legale-impotriva-comisiei-europeana-in-contextul-includerii-gazului-fosil-si-a-energiei-nucleare-in-taxonomia-ue","status":"publish","type":"post","link":"https:\/\/www.greenpeace.org\/romania\/articol\/7759\/greenpeace-incepe-demersurile-legale-impotriva-comisiei-europeana-in-contextul-includerii-gazului-fosil-si-a-energiei-nucleare-in-taxonomia-ue\/","title":{"rendered":"Taxonomia UE: Greenpeace \u00eencepe demersurile legale \u00een contextul includerii gazului fosil \u0219i a energiei nucleare pe lista investi\u021biilor verzi"},"content":{"rendered":"\n<p><strong>Bruxelles, 19 septembrie 2022 <\/strong>&#8211; Opt birouri Greenpeace \u00eencep demersurile legale \u00eempotriva Comisiei Europene \u00een contextul includerii gazului \u0219i a energiei nucleare \u00een taxonomia UE, adic\u0103 \u00een lista de investi\u021bii sustenabile. \u00cen ianuarie 2022, Comisia European\u0103 a decis s\u0103 adauge aceste tehnologii poluatoare \u00een taxonomie, iar \u00een iulie, Parlamentul European a e\u0219uat \u00een a aduna suficiente voturi pentru a bloca acest plan, \u00een ciuda opozi\u021biei din partea cet\u0103\u021benilor UE, exper\u021bilor climatici, institu\u021biilor financiare \u0219i organiza\u021biilor de mediu.&nbsp;<\/p>\n\n<p>Pe 8 septembrie, Greenpeace Germania, Fran\u021ba, Spania, Italia, Belgia, Luxemburg, Europa Central\u0103 \u0219i de Est (din care face parte \u0219i Greenpeace Rom\u00e2nia) \u0219i Greenpeace European Unit au transmis o cerere formal\u0103 Comisiei, pentru revizuire intern\u0103. Greenpeace sus\u021bine c\u0103 includerea gazului fosil \u0219i a energiei nucleare \u00een taxonomia UE contravine regulamentului taxonomiei, Legii Climatice Europene \u0219i obliga\u021biilor UE derivate din Acordul climatic de la Paris din 2015.<\/p>\n\n<p>Comisia poate s\u0103 revizuiasc\u0103 \u0219i s\u0103 r\u0103spund\u0103 argumentelor Greenpeace p\u00e2n\u0103 \u00een februarie. Comisia poate s\u0103 confirme argumentele Greenpeace \u0219i s\u0103 retrag\u0103 actul delegat complementar prin care gazul fosil \u0219i energia nuclear\u0103 au fost ad\u0103ugate \u00een taxonomie. \u00cen caz contrar, Greenpeace va \u00eenainta cazul Cur\u021bii de Justi\u021bie a Uniunii Europene.<\/p>\n\n<p><strong>Ariadna Rodrigo, campaigner Greenpeace EU pentru investi\u021bii financiare sustenabile<\/strong>: \u201e<em>Aceast\u0103 fals\u0103 etichet\u0103 verde este incompatibil\u0103 cu legile UE de mediu \u0219i climatice. Gazul este una dintre principalele cauze ale haosului climatic \u0219i economic, iar \u00een ceea ce prive\u0219te problema de\u0219eurilor radioactive nu exist\u0103 \u00eenc\u0103 o solu\u021bie, riscul accidentelor nucleare fiind prea mare pentru a fi ignorat. Mai mult, \u00een aceast\u0103 iarn\u0103 ne vom confrunta cu o criz\u0103 energetic\u0103, iar cet\u0103\u021benii vor \u00eent\u00e2mpina dificult\u0103\u021bi cu plata facturilor la energie. E inacceptabil faptul c\u0103 aceia\u0219i oameni care au cauzat criza climatic\u0103 \u0219i criza energetic\u0103 sunt acum aceia\u0219i care profit\u0103 de pe urma lor, \u00een timp ce oamenii sufer\u0103. Comisia European\u0103 joac\u0103 \u0219i ea un rol \u0219i \u0219i-a murd\u0103rit m\u00e2inile clasific\u00e2nd gazul \u0219i energia nuclear\u0103 drept verzi. Greenwashingul sectorului gazului fosil \u0219i energiei nucleare a fost motivat politic de la bun \u00eenceput, dar asta nu va ajuta Comisia European\u0103 \u00een proces<\/em>\u201d.<\/p>\n\n<p><br><strong>Alin T\u0103nase, campaigner pentru clim\u0103 \u0219i energie, Greenpeace Rom\u00e2nia:&nbsp;<\/strong><\/p>\n\n<p>\u201e<em>Includerea gazului fosil \u0219i a energiei nucleare \u00een taxonomia UE transmite un mesaj fundamental gre\u0219it \u00een Rom\u00e2nia, mai ales \u00een contextul \u00een care \u021bara noastra are \u00een plan dezvoltarea de noi capacit\u0103\u021bi pe gaz \u0219i nuclear. Aceste noi investi\u021bii nu pot fi considerate verzi \u0219i sustenabile \u0219i ne vor \u00eendep\u0103rta \u0219i mai mult de la atingerea obiectivelor climatice asumate prin Acordul climatic de la Paris. Pentru a proteja clima \u0219i pentru a deveni cu adev\u0103rat independent\u0103 energetic, Rom\u00e2nia trebuie s\u0103 renun\u021be la solu\u021biile false \u0219i s\u0103 se concentreze pe accelerarea investi\u021biilor \u00een sursele regenerabile de energie \u0219i m\u0103suri de eficien\u021b\u0103 energetic\u0103\u201d.<\/em><\/p>\n\n<p>Clasificarea gazului drept o surs\u0103 de energie sustenabil\u0103 neag\u0103 dovezi \u0219tiin\u021bifice climatice fundamentale. \u00cen prezent, gazul este cel mai mare emi\u021b\u0103tor din sectorul energetic din Europa, iar Agen\u021bia Interna\u021bional\u0103 pentru Energie (AIE)&nbsp; a avertizat c\u0103 noi centrale pe gaz vor face de neatins obiectivele climatice asumate prin Acordul de la Paris.<\/p>\n\n<p>Energia nuclear\u0103 produce de\u0219euri radioactive periculoase \u0219i utilizeaz\u0103 cantit\u0103\u021bi uria\u0219e de ap\u0103 proasp\u0103t\u0103, cu un impact negativ devastator asupra biodiversit\u0103\u021bii \u0219i naturii. Mai mult, durata de construc\u021bie nerezonabil de lung\u0103 (\u00eentre 10 \u0219i 15 ani) \u0219i costurile din ce \u00een ce mai mari asociate cu centralele nucleare dovedesc de ce nu putem considera energia nuclear\u0103 drept o solu\u021bie viabil\u0103 la criza climatic\u0103.&nbsp;<\/p>\n\n<p>E necesar\u0103 o tranzi\u021bie energetic\u0103 accelerat\u0103, bazat\u0103 pe energie regenerabil\u0103 \u0219i reducerea consumului de energie pentru a ameliora efectele crizei climatice \u0219i energetice, iar \u00een acest sens, taxonomia ar trebui s\u0103 direc\u021bioneze fonduri sustenabile doar c\u0103tre acestea.<\/p>\n\n<p><strong>Contacte pentru pres\u0103:&nbsp;<\/strong><\/p>\n\n<p>Alin T\u0103nase, <strong>Campaigner pentru<\/strong> <strong>clim\u0103 \u0219i energie, Greenpeace Rom\u00e2nia&nbsp;<\/strong><\/p>\n\n<p>0724-210-014, alin.tanase@greenpeace.org<\/p>\n\n<p>Mihnea Matache, <strong>PR Greenpeace<\/strong>, Greenpeace Rom\u00e2nia<\/p>\n\n<p>0749-135-749, mihnea.matache@greenpeace.org<\/p>\n","protected":false},"excerpt":{"rendered":"<p>Opt birouri Greenpeace \u00eencep demersurile legale \u00eempotriva Comisiei Europene \u00een contextul includerii gazului \u0219i a energiei nucleare \u00een taxonomia UE.<\/p>\n","protected":false},"author":34,"featured_media":7763,"comment_status":"open","ping_status":"closed","sticky":false,"template":"","format":"standard","meta":{"ep_exclude_from_search":false,"p4_og_title":"","p4_og_description":"","p4_og_image":"","p4_og_image_id":"","p4_seo_canonical_url":"","p4_campaign_name":"not set","p4_local_project":"not set","p4_basket_name":"not set","p4_department":"","footnotes":""},"categories":[2],"tags":[36,104],"p4-page-type":[],"class_list":["post-7759","post","type-post","status-publish","format-standard","has-post-thumbnail","hentry","category-clima-si-energie","tag-criza-climatica","tag-greenwashing"],"_links":{"self":[{"href":"https:\/\/www.greenpeace.org\/romania\/wp-json\/wp\/v2\/posts\/7759","targetHints":{"allow":["GET"]}}],"collection":[{"href":"https:\/\/www.greenpeace.org\/romania\/wp-json\/wp\/v2\/posts"}],"about":[{"href":"https:\/\/www.greenpeace.org\/romania\/wp-json\/wp\/v2\/types\/post"}],"author":[{"embeddable":true,"href":"https:\/\/www.greenpeace.org\/romania\/wp-json\/wp\/v2\/users\/34"}],"replies":[{"embeddable":true,"href":"https:\/\/www.greenpeace.org\/romania\/wp-json\/wp\/v2\/comments?post=7759"}],"version-history":[{"count":7,"href":"https:\/\/www.greenpeace.org\/romania\/wp-json\/wp\/v2\/posts\/7759\/revisions"}],"predecessor-version":[{"id":7768,"href":"https:\/\/www.greenpeace.org\/romania\/wp-json\/wp\/v2\/posts\/7759\/revisions\/7768"}],"wp:featuredmedia":[{"embeddable":true,"href":"https:\/\/www.greenpeace.org\/romania\/wp-json\/wp\/v2\/media\/7763"}],"wp:attachment":[{"href":"https:\/\/www.greenpeace.org\/romania\/wp-json\/wp\/v2\/media?parent=7759"}],"wp:term":[{"taxonomy":"category","embeddable":true,"href":"https:\/\/www.greenpeace.org\/romania\/wp-json\/wp\/v2\/categories?post=7759"},{"taxonomy":"post_tag","embeddable":true,"href":"https:\/\/www.greenpeace.org\/romania\/wp-json\/wp\/v2\/tags?post=7759"},{"taxonomy":"p4-page-type","embeddable":true,"href":"https:\/\/www.greenpeace.org\/romania\/wp-json\/wp\/v2\/p4-page-type?post=7759"}],"curies":[{"name":"wp","href":"https:\/\/api.w.org\/{rel}","templated":true}]}}