{"id":79073,"date":"2026-04-28T18:28:36","date_gmt":"2026-04-28T15:28:36","guid":{"rendered":"https:\/\/www.greenpeace.org\/romania\/?p=79073"},"modified":"2026-04-28T18:28:41","modified_gmt":"2026-04-28T15:28:41","slug":"premiera-gaslit","status":"publish","type":"post","link":"https:\/\/www.greenpeace.org\/romania\/articol\/79073\/premiera-gaslit\/","title":{"rendered":"\u201eEI AU PUTEREA BANILOR, DAR NOI AVEM PUTEREA OAMENILOR\u201d &#8211; Premiera filmului documentar GASLIT \u00een Rom\u00e2nia\u00a0"},"content":{"rendered":"\n<p>Pe 27 aprilie, documentarul<em> <\/em><strong>Gaslit<\/strong> a avut premiera \u00een Rom\u00e2nia, \u00een cadrul One World Romania, la Muzeul \u021a\u0103ranului Rom\u00e2n. <\/p>\n<div data-hydrate=\"planet4-blocks\/gallery\" data-attributes=\"{&quot;attributes&quot;:{&quot;multiple_image&quot;:&quot;79111,79097,79105,79104,79108,79107,79100,79109,79098,79103,79102,79101&quot;,&quot;gallery_block_focus_points&quot;:&quot;{\\&quot;79097\\&quot;:\\&quot;50% 50%\\&quot;,\\&quot;79098\\&quot;:\\&quot;50% 50%\\&quot;,\\&quot;79099\\&quot;:\\&quot;50% 50%\\&quot;,\\&quot;79100\\&quot;:\\&quot;50% 50%\\&quot;,\\&quot;79101\\&quot;:\\&quot;50% 50%\\&quot;,\\&quot;79102\\&quot;:\\&quot;50% 50%\\&quot;,\\&quot;79103\\&quot;:\\&quot;50% 50%\\&quot;,\\&quot;79104\\&quot;:\\&quot;50% 50%\\&quot;,\\&quot;79105\\&quot;:\\&quot;50% 50%\\&quot;,\\&quot;79106\\&quot;:\\&quot;50% 50%\\&quot;,\\&quot;79107\\&quot;:\\&quot;50% 50%\\&quot;,\\&quot;79108\\&quot;:\\&quot;60% 36%\\&quot;,\\&quot;79109\\&quot;:\\&quot;50% 50%\\&quot;}&quot;,&quot;image_data&quot;:[{&quot;url&quot;:&quot;https:\\\/\\\/www.greenpeace.org\\\/static\\\/planet4-romania-stateless\\\/2026\\\/04\\\/05dcf717-dma03444.jpg&quot;,&quot;focalPoint&quot;:{&quot;x&quot;:0.5,&quot;y&quot;:0.5},&quot;id&quot;:79111},{&quot;url&quot;:&quot;https:\\\/\\\/www.greenpeace.org\\\/static\\\/planet4-romania-stateless\\\/2026\\\/04\\\/30c18d7f-dma03341.jpg&quot;,&quot;focalPoint&quot;:{&quot;x&quot;:0.5,&quot;y&quot;:0.5},&quot;id&quot;:79097},{&quot;url&quot;:&quot;https:\\\/\\\/www.greenpeace.org\\\/static\\\/planet4-romania-stateless\\\/2026\\\/04\\\/41c05287-dma03328.jpg&quot;,&quot;focalPoint&quot;:{&quot;x&quot;:0.5,&quot;y&quot;:0.5},&quot;id&quot;:79105},{&quot;url&quot;:&quot;https:\\\/\\\/www.greenpeace.org\\\/static\\\/planet4-romania-stateless\\\/2026\\\/04\\\/41c05287-dma03364.jpg&quot;,&quot;focalPoint&quot;:{&quot;x&quot;:0.5,&quot;y&quot;:0.5},&quot;id&quot;:79104},{&quot;url&quot;:&quot;https:\\\/\\\/www.greenpeace.org\\\/static\\\/planet4-romania-stateless\\\/2026\\\/04\\\/41c05287-dma03378.jpg&quot;,&quot;focalPoint&quot;:{&quot;x&quot;:0.5,&quot;y&quot;:0.5},&quot;id&quot;:79108},{&quot;url&quot;:&quot;https:\\\/\\\/www.greenpeace.org\\\/static\\\/planet4-romania-stateless\\\/2026\\\/04\\\/41c05287-dma03402.jpg&quot;,&quot;focalPoint&quot;:{&quot;x&quot;:0.5,&quot;y&quot;:0.5},&quot;id&quot;:79107},{&quot;url&quot;:&quot;https:\\\/\\\/www.greenpeace.org\\\/static\\\/planet4-romania-stateless\\\/2026\\\/04\\\/d02e00a2-dma03486.jpg&quot;,&quot;focalPoint&quot;:{&quot;x&quot;:0.5,&quot;y&quot;:0.5},&quot;id&quot;:79100},{&quot;url&quot;:&quot;https:\\\/\\\/www.greenpeace.org\\\/static\\\/planet4-romania-stateless\\\/2026\\\/04\\\/41c05287-dma03489.jpg&quot;,&quot;focalPoint&quot;:{&quot;x&quot;:0.5,&quot;y&quot;:0.5},&quot;id&quot;:79109},{&quot;url&quot;:&quot;https:\\\/\\\/www.greenpeace.org\\\/static\\\/planet4-romania-stateless\\\/2026\\\/04\\\/d02e00a2-dma03497.jpg&quot;,&quot;focalPoint&quot;:{&quot;x&quot;:0.5,&quot;y&quot;:0.5},&quot;id&quot;:79098},{&quot;url&quot;:&quot;https:\\\/\\\/www.greenpeace.org\\\/static\\\/planet4-romania-stateless\\\/2026\\\/04\\\/41c05287-dma03521.jpg&quot;,&quot;focalPoint&quot;:{&quot;x&quot;:0.5,&quot;y&quot;:0.5},&quot;id&quot;:79103},{&quot;url&quot;:&quot;https:\\\/\\\/www.greenpeace.org\\\/static\\\/planet4-romania-stateless\\\/2026\\\/04\\\/41c05287-dma03538.jpg&quot;,&quot;focalPoint&quot;:{&quot;x&quot;:0.5,&quot;y&quot;:0.5},&quot;id&quot;:79102},{&quot;url&quot;:&quot;https:\\\/\\\/www.greenpeace.org\\\/static\\\/planet4-romania-stateless\\\/2026\\\/04\\\/d02e00a2-dma03548.jpg&quot;,&quot;focalPoint&quot;:{&quot;x&quot;:0.5,&quot;y&quot;:0.5},&quot;id&quot;:79101}],&quot;gallery_block_style&quot;:0,&quot;gallery_block_title&quot;:&quot;&quot;,&quot;gallery_block_description&quot;:&quot;&quot;,&quot;images&quot;:[{&quot;image_src&quot;:&quot;https:\\\/\\\/www.greenpeace.org\\\/static\\\/planet4-romania-stateless\\\/2026\\\/04\\\/05dcf717-dma03444.jpg&quot;,&quot;image_srcset&quot;:&quot;https:\\\/\\\/www.greenpeace.org\\\/static\\\/planet4-romania-stateless\\\/2026\\\/04\\\/05dcf717-dma03444.jpg 1280w, https:\\\/\\\/www.greenpeace.org\\\/static\\\/planet4-romania-stateless\\\/2026\\\/04\\\/05dcf717-dma03444-300x200.jpg 300w, https:\\\/\\\/www.greenpeace.org\\\/static\\\/planet4-romania-stateless\\\/2026\\\/04\\\/05dcf717-dma03444-1024x682.jpg 1024w, https:\\\/\\\/www.greenpeace.org\\\/static\\\/planet4-romania-stateless\\\/2026\\\/04\\\/05dcf717-dma03444-768x512.jpg 768w, https:\\\/\\\/www.greenpeace.org\\\/static\\\/planet4-romania-stateless\\\/2026\\\/04\\\/05dcf717-dma03444-510x340.jpg 510w&quot;,&quot;image_sizes&quot;:false,&quot;alt_text&quot;:&quot;&quot;,&quot;caption&quot;:&quot;&quot;,&quot;focus_image&quot;:&quot;&quot;,&quot;credits&quot;:&quot;&quot;},{&quot;image_src&quot;:&quot;https:\\\/\\\/www.greenpeace.org\\\/static\\\/planet4-romania-stateless\\\/2026\\\/04\\\/30c18d7f-dma03341.jpg&quot;,&quot;image_srcset&quot;:&quot;https:\\\/\\\/www.greenpeace.org\\\/static\\\/planet4-romania-stateless\\\/2026\\\/04\\\/30c18d7f-dma03341.jpg 1280w, https:\\\/\\\/www.greenpeace.org\\\/static\\\/planet4-romania-stateless\\\/2026\\\/04\\\/30c18d7f-dma03341-300x200.jpg 300w, https:\\\/\\\/www.greenpeace.org\\\/static\\\/planet4-romania-stateless\\\/2026\\\/04\\\/30c18d7f-dma03341-1024x682.jpg 1024w, https:\\\/\\\/www.greenpeace.org\\\/static\\\/planet4-romania-stateless\\\/2026\\\/04\\\/30c18d7f-dma03341-768x512.jpg 768w, https:\\\/\\\/www.greenpeace.org\\\/static\\\/planet4-romania-stateless\\\/2026\\\/04\\\/30c18d7f-dma03341-510x340.jpg 510w&quot;,&quot;image_sizes&quot;:false,&quot;alt_text&quot;:&quot;&quot;,&quot;caption&quot;:&quot;&quot;,&quot;focus_image&quot;:&quot;50% 50%&quot;,&quot;credits&quot;:&quot;&quot;},{&quot;image_src&quot;:&quot;https:\\\/\\\/www.greenpeace.org\\\/static\\\/planet4-romania-stateless\\\/2026\\\/04\\\/41c05287-dma03328.jpg&quot;,&quot;image_srcset&quot;:&quot;https:\\\/\\\/www.greenpeace.org\\\/static\\\/planet4-romania-stateless\\\/2026\\\/04\\\/41c05287-dma03328.jpg 1280w, https:\\\/\\\/www.greenpeace.org\\\/static\\\/planet4-romania-stateless\\\/2026\\\/04\\\/41c05287-dma03328-300x200.jpg 300w, https:\\\/\\\/www.greenpeace.org\\\/static\\\/planet4-romania-stateless\\\/2026\\\/04\\\/41c05287-dma03328-1024x682.jpg 1024w, https:\\\/\\\/www.greenpeace.org\\\/static\\\/planet4-romania-stateless\\\/2026\\\/04\\\/41c05287-dma03328-768x512.jpg 768w, https:\\\/\\\/www.greenpeace.org\\\/static\\\/planet4-romania-stateless\\\/2026\\\/04\\\/41c05287-dma03328-510x340.jpg 510w&quot;,&quot;image_sizes&quot;:false,&quot;alt_text&quot;:&quot;&quot;,&quot;caption&quot;:&quot;&quot;,&quot;focus_image&quot;:&quot;50% 50%&quot;,&quot;credits&quot;:&quot;&quot;},{&quot;image_src&quot;:&quot;https:\\\/\\\/www.greenpeace.org\\\/static\\\/planet4-romania-stateless\\\/2026\\\/04\\\/41c05287-dma03364.jpg&quot;,&quot;image_srcset&quot;:&quot;https:\\\/\\\/www.greenpeace.org\\\/static\\\/planet4-romania-stateless\\\/2026\\\/04\\\/41c05287-dma03364.jpg 1280w, https:\\\/\\\/www.greenpeace.org\\\/static\\\/planet4-romania-stateless\\\/2026\\\/04\\\/41c05287-dma03364-300x200.jpg 300w, https:\\\/\\\/www.greenpeace.org\\\/static\\\/planet4-romania-stateless\\\/2026\\\/04\\\/41c05287-dma03364-1024x682.jpg 1024w, https:\\\/\\\/www.greenpeace.org\\\/static\\\/planet4-romania-stateless\\\/2026\\\/04\\\/41c05287-dma03364-768x512.jpg 768w, https:\\\/\\\/www.greenpeace.org\\\/static\\\/planet4-romania-stateless\\\/2026\\\/04\\\/41c05287-dma03364-510x340.jpg 510w&quot;,&quot;image_sizes&quot;:false,&quot;alt_text&quot;:&quot;&quot;,&quot;caption&quot;:&quot;&quot;,&quot;focus_image&quot;:&quot;50% 50%&quot;,&quot;credits&quot;:&quot;&quot;},{&quot;image_src&quot;:&quot;https:\\\/\\\/www.greenpeace.org\\\/static\\\/planet4-romania-stateless\\\/2026\\\/04\\\/41c05287-dma03378.jpg&quot;,&quot;image_srcset&quot;:&quot;https:\\\/\\\/www.greenpeace.org\\\/static\\\/planet4-romania-stateless\\\/2026\\\/04\\\/41c05287-dma03378.jpg 1280w, https:\\\/\\\/www.greenpeace.org\\\/static\\\/planet4-romania-stateless\\\/2026\\\/04\\\/41c05287-dma03378-300x200.jpg 300w, https:\\\/\\\/www.greenpeace.org\\\/static\\\/planet4-romania-stateless\\\/2026\\\/04\\\/41c05287-dma03378-1024x682.jpg 1024w, https:\\\/\\\/www.greenpeace.org\\\/static\\\/planet4-romania-stateless\\\/2026\\\/04\\\/41c05287-dma03378-768x512.jpg 768w, https:\\\/\\\/www.greenpeace.org\\\/static\\\/planet4-romania-stateless\\\/2026\\\/04\\\/41c05287-dma03378-510x340.jpg 510w&quot;,&quot;image_sizes&quot;:false,&quot;alt_text&quot;:&quot;&quot;,&quot;caption&quot;:&quot;&quot;,&quot;focus_image&quot;:&quot;60% 36%&quot;,&quot;credits&quot;:&quot;&quot;},{&quot;image_src&quot;:&quot;https:\\\/\\\/www.greenpeace.org\\\/static\\\/planet4-romania-stateless\\\/2026\\\/04\\\/41c05287-dma03402.jpg&quot;,&quot;image_srcset&quot;:&quot;https:\\\/\\\/www.greenpeace.org\\\/static\\\/planet4-romania-stateless\\\/2026\\\/04\\\/41c05287-dma03402.jpg 1280w, https:\\\/\\\/www.greenpeace.org\\\/static\\\/planet4-romania-stateless\\\/2026\\\/04\\\/41c05287-dma03402-300x200.jpg 300w, https:\\\/\\\/www.greenpeace.org\\\/static\\\/planet4-romania-stateless\\\/2026\\\/04\\\/41c05287-dma03402-1024x682.jpg 1024w, https:\\\/\\\/www.greenpeace.org\\\/static\\\/planet4-romania-stateless\\\/2026\\\/04\\\/41c05287-dma03402-768x512.jpg 768w, https:\\\/\\\/www.greenpeace.org\\\/static\\\/planet4-romania-stateless\\\/2026\\\/04\\\/41c05287-dma03402-510x340.jpg 510w&quot;,&quot;image_sizes&quot;:false,&quot;alt_text&quot;:&quot;&quot;,&quot;caption&quot;:&quot;&quot;,&quot;focus_image&quot;:&quot;50% 50%&quot;,&quot;credits&quot;:&quot;&quot;},{&quot;image_src&quot;:&quot;https:\\\/\\\/www.greenpeace.org\\\/static\\\/planet4-romania-stateless\\\/2026\\\/04\\\/d02e00a2-dma03486.jpg&quot;,&quot;image_srcset&quot;:&quot;https:\\\/\\\/www.greenpeace.org\\\/static\\\/planet4-romania-stateless\\\/2026\\\/04\\\/d02e00a2-dma03486.jpg 1280w, https:\\\/\\\/www.greenpeace.org\\\/static\\\/planet4-romania-stateless\\\/2026\\\/04\\\/d02e00a2-dma03486-300x200.jpg 300w, https:\\\/\\\/www.greenpeace.org\\\/static\\\/planet4-romania-stateless\\\/2026\\\/04\\\/d02e00a2-dma03486-1024x682.jpg 1024w, https:\\\/\\\/www.greenpeace.org\\\/static\\\/planet4-romania-stateless\\\/2026\\\/04\\\/d02e00a2-dma03486-768x512.jpg 768w, https:\\\/\\\/www.greenpeace.org\\\/static\\\/planet4-romania-stateless\\\/2026\\\/04\\\/d02e00a2-dma03486-510x340.jpg 510w&quot;,&quot;image_sizes&quot;:false,&quot;alt_text&quot;:&quot;&quot;,&quot;caption&quot;:&quot;&quot;,&quot;focus_image&quot;:&quot;50% 50%&quot;,&quot;credits&quot;:&quot;&quot;},{&quot;image_src&quot;:&quot;https:\\\/\\\/www.greenpeace.org\\\/static\\\/planet4-romania-stateless\\\/2026\\\/04\\\/41c05287-dma03489.jpg&quot;,&quot;image_srcset&quot;:&quot;https:\\\/\\\/www.greenpeace.org\\\/static\\\/planet4-romania-stateless\\\/2026\\\/04\\\/41c05287-dma03489.jpg 1280w, https:\\\/\\\/www.greenpeace.org\\\/static\\\/planet4-romania-stateless\\\/2026\\\/04\\\/41c05287-dma03489-300x200.jpg 300w, https:\\\/\\\/www.greenpeace.org\\\/static\\\/planet4-romania-stateless\\\/2026\\\/04\\\/41c05287-dma03489-1024x682.jpg 1024w, https:\\\/\\\/www.greenpeace.org\\\/static\\\/planet4-romania-stateless\\\/2026\\\/04\\\/41c05287-dma03489-768x512.jpg 768w, https:\\\/\\\/www.greenpeace.org\\\/static\\\/planet4-romania-stateless\\\/2026\\\/04\\\/41c05287-dma03489-510x340.jpg 510w&quot;,&quot;image_sizes&quot;:false,&quot;alt_text&quot;:&quot;&quot;,&quot;caption&quot;:&quot;&quot;,&quot;focus_image&quot;:&quot;50% 50%&quot;,&quot;credits&quot;:&quot;&quot;},{&quot;image_src&quot;:&quot;https:\\\/\\\/www.greenpeace.org\\\/static\\\/planet4-romania-stateless\\\/2026\\\/04\\\/d02e00a2-dma03497.jpg&quot;,&quot;image_srcset&quot;:&quot;https:\\\/\\\/www.greenpeace.org\\\/static\\\/planet4-romania-stateless\\\/2026\\\/04\\\/d02e00a2-dma03497.jpg 1280w, https:\\\/\\\/www.greenpeace.org\\\/static\\\/planet4-romania-stateless\\\/2026\\\/04\\\/d02e00a2-dma03497-300x200.jpg 300w, https:\\\/\\\/www.greenpeace.org\\\/static\\\/planet4-romania-stateless\\\/2026\\\/04\\\/d02e00a2-dma03497-1024x682.jpg 1024w, https:\\\/\\\/www.greenpeace.org\\\/static\\\/planet4-romania-stateless\\\/2026\\\/04\\\/d02e00a2-dma03497-768x512.jpg 768w, https:\\\/\\\/www.greenpeace.org\\\/static\\\/planet4-romania-stateless\\\/2026\\\/04\\\/d02e00a2-dma03497-510x340.jpg 510w&quot;,&quot;image_sizes&quot;:false,&quot;alt_text&quot;:&quot;&quot;,&quot;caption&quot;:&quot;&quot;,&quot;focus_image&quot;:&quot;50% 50%&quot;,&quot;credits&quot;:&quot;&quot;},{&quot;image_src&quot;:&quot;https:\\\/\\\/www.greenpeace.org\\\/static\\\/planet4-romania-stateless\\\/2026\\\/04\\\/41c05287-dma03521.jpg&quot;,&quot;image_srcset&quot;:&quot;https:\\\/\\\/www.greenpeace.org\\\/static\\\/planet4-romania-stateless\\\/2026\\\/04\\\/41c05287-dma03521.jpg 1280w, https:\\\/\\\/www.greenpeace.org\\\/static\\\/planet4-romania-stateless\\\/2026\\\/04\\\/41c05287-dma03521-300x200.jpg 300w, https:\\\/\\\/www.greenpeace.org\\\/static\\\/planet4-romania-stateless\\\/2026\\\/04\\\/41c05287-dma03521-1024x682.jpg 1024w, https:\\\/\\\/www.greenpeace.org\\\/static\\\/planet4-romania-stateless\\\/2026\\\/04\\\/41c05287-dma03521-768x512.jpg 768w, https:\\\/\\\/www.greenpeace.org\\\/static\\\/planet4-romania-stateless\\\/2026\\\/04\\\/41c05287-dma03521-510x340.jpg 510w&quot;,&quot;image_sizes&quot;:false,&quot;alt_text&quot;:&quot;&quot;,&quot;caption&quot;:&quot;&quot;,&quot;focus_image&quot;:&quot;50% 50%&quot;,&quot;credits&quot;:&quot;&quot;},{&quot;image_src&quot;:&quot;https:\\\/\\\/www.greenpeace.org\\\/static\\\/planet4-romania-stateless\\\/2026\\\/04\\\/41c05287-dma03538.jpg&quot;,&quot;image_srcset&quot;:&quot;https:\\\/\\\/www.greenpeace.org\\\/static\\\/planet4-romania-stateless\\\/2026\\\/04\\\/41c05287-dma03538.jpg 1280w, https:\\\/\\\/www.greenpeace.org\\\/static\\\/planet4-romania-stateless\\\/2026\\\/04\\\/41c05287-dma03538-300x200.jpg 300w, https:\\\/\\\/www.greenpeace.org\\\/static\\\/planet4-romania-stateless\\\/2026\\\/04\\\/41c05287-dma03538-1024x682.jpg 1024w, https:\\\/\\\/www.greenpeace.org\\\/static\\\/planet4-romania-stateless\\\/2026\\\/04\\\/41c05287-dma03538-768x512.jpg 768w, https:\\\/\\\/www.greenpeace.org\\\/static\\\/planet4-romania-stateless\\\/2026\\\/04\\\/41c05287-dma03538-510x340.jpg 510w&quot;,&quot;image_sizes&quot;:false,&quot;alt_text&quot;:&quot;&quot;,&quot;caption&quot;:&quot;&quot;,&quot;focus_image&quot;:&quot;50% 50%&quot;,&quot;credits&quot;:&quot;&quot;},{&quot;image_src&quot;:&quot;https:\\\/\\\/www.greenpeace.org\\\/static\\\/planet4-romania-stateless\\\/2026\\\/04\\\/d02e00a2-dma03548.jpg&quot;,&quot;image_srcset&quot;:&quot;https:\\\/\\\/www.greenpeace.org\\\/static\\\/planet4-romania-stateless\\\/2026\\\/04\\\/d02e00a2-dma03548.jpg 1280w, https:\\\/\\\/www.greenpeace.org\\\/static\\\/planet4-romania-stateless\\\/2026\\\/04\\\/d02e00a2-dma03548-300x200.jpg 300w, https:\\\/\\\/www.greenpeace.org\\\/static\\\/planet4-romania-stateless\\\/2026\\\/04\\\/d02e00a2-dma03548-1024x682.jpg 1024w, https:\\\/\\\/www.greenpeace.org\\\/static\\\/planet4-romania-stateless\\\/2026\\\/04\\\/d02e00a2-dma03548-768x512.jpg 768w, https:\\\/\\\/www.greenpeace.org\\\/static\\\/planet4-romania-stateless\\\/2026\\\/04\\\/d02e00a2-dma03548-510x340.jpg 510w&quot;,&quot;image_sizes&quot;:false,&quot;alt_text&quot;:&quot;&quot;,&quot;caption&quot;:&quot;&quot;,&quot;focus_image&quot;:&quot;50% 50%&quot;,&quot;credits&quot;:&quot;&quot;}]}}\">\n<\/div>\n<p>Realizat de Greenpeace USA, filmul o urm\u0103re\u0219te pe Jane Fonda, cunoscut\u0103 actri\u021b\u0103 \u0219i activist\u0103,&nbsp; \u00een sudul Statelor Unite, \u00een comunit\u0103\u021bi aflate \u00een prima linie a expansiunii industriei combustibililor fosili.<\/p>\n\n<p>Pentru ca gazul s\u0103 fie extras, procesat \u0219i exportat c\u0103tre pie\u021bele globale, inclusiv c\u0103tre Europa, aceste comunit\u0103\u021bi suport\u0103 costuri uria\u0219e: aer poluat, ap\u0103 contaminat\u0103, ecosisteme distruse \u0219i o cre\u0219tere alarmant\u0103 a cazurilor de cancer sau a problemelor respiratorii.<\/p>\n\n<p>Aceste locuri sunt adesea numite \u201ezone de sacrificiu\u201d, adic\u0103 spa\u021bii \u00een care vie\u021bile oamenilor devin secundare \u00een fa\u021ba intereselor economice.&nbsp;<\/p>\n\n<p>Dar <strong>Gaslit <\/strong>nu este doar despre distrugere.<\/p>\n\n<p>Este \u0219i despre rezisten\u021b\u0103.<\/p>\n\n<p>Filmul surprinde oameni care refuz\u0103 s\u0103 accepte aceast\u0103 realitate ca fiind inevitabil\u0103. Comunit\u0103\u021bi care se organizeaz\u0103, protesteaz\u0103 \u0219i lupt\u0103 pentru dreptul lor la un mediu s\u0103n\u0103tos, \u00een fa\u021ba unor companii cu resurse financiare uria\u0219e.<\/p>\n\n<figure class=\"wp-block-image size-large\"><img loading=\"lazy\" decoding=\"async\" width=\"1024\" height=\"682\" src=\"https:\/\/www.greenpeace.org\/static\/planet4-romania-stateless\/2026\/04\/71877b72-dma03502-1024x682.jpg\" alt=\"\" class=\"wp-image-79114\" srcset=\"https:\/\/www.greenpeace.org\/static\/planet4-romania-stateless\/2026\/04\/71877b72-dma03502-1024x682.jpg 1024w, https:\/\/www.greenpeace.org\/static\/planet4-romania-stateless\/2026\/04\/71877b72-dma03502-300x200.jpg 300w, https:\/\/www.greenpeace.org\/static\/planet4-romania-stateless\/2026\/04\/71877b72-dma03502-768x512.jpg 768w, https:\/\/www.greenpeace.org\/static\/planet4-romania-stateless\/2026\/04\/71877b72-dma03502-510x340.jpg 510w, https:\/\/www.greenpeace.org\/static\/planet4-romania-stateless\/2026\/04\/71877b72-dma03502.jpg 1280w\" sizes=\"auto, (max-width: 1024px) 100vw, 1024px\" \/><\/figure>\n\n<p>La finalul documentarului, Jane Fonda transmite un mesaj simplu, dar puternic: aceast\u0103 criz\u0103 nu este una individual\u0103, ci colectiv\u0103, iar <strong>r\u0103spunsul trebuie s\u0103 fie la fel.<\/strong><\/p>\n\n<p>De\u0219i industria combustibililor fosili are puterea banilor, <strong>comunit\u0103\u021bile au puterea oamenilor.<\/strong><\/p>\n\n<p>Dup\u0103 proiec\u021bie, sesiunea de Q&amp;A al\u0103turi de reprezentan\u021bii Greenpeace Romania a continuat discu\u021bia din film \u0219i a adus-o mai aproape de realitatea local\u0103. \u00centreb\u0103rile din sal\u0103 au ar\u0103tat un interes real pentru implicare \u0219i pentru \u00een\u021belegerea modului \u00een care fiecare dintre noi poate contribui.<\/p>\n\n<p>R\u0103spunsul nu este complicat, dar necesit\u0103 consecven\u021b\u0103: organizare, solidaritate \u0219i implicare civic\u0103.<\/p>\n\n<p>\u00centr-un context global, \u00een care deciziile legate de energie continu\u0103 s\u0103 afecteze comunit\u0103\u021bi \u00eentregi, inclusiv dincolo de grani\u021bele noastre, astfel de pove\u0219ti ne reamintesc c\u0103 schimbarea este posibil\u0103, dar nu vine de la sine.<\/p>\n\n<p>Ea \u00eencepe cu oameni care aleg s\u0103 nu r\u0103m\u00e2n\u0103 spectatori.<\/p>\n\n<div class=\"wp-block-buttons is-content-justification-center is-layout-flex wp-container-core-buttons-is-layout-16018d1d wp-block-buttons-is-layout-flex\">\n<div class=\"wp-block-button\"><a class=\"wp-block-button__link has-text-align-center wp-element-button\" href=\"https:\/\/share-eu1.hsforms.com\/1Qr_OKuBFQeyZYEFBoZGNsQf0ukj\">M\u0102 ABONEZ LA NEWSLEETER-UL GREENPEACE ROM\u00c2NIA \u0218I R\u0102M\u00c2N APROAPE DE CAUZ\u0102<\/a><\/div>\n<\/div>\n\n<p><\/p>\n","protected":false},"excerpt":{"rendered":"<p>Pe 27 aprilie, documentarul Gaslit a avut premiera \u00een Rom\u00e2nia, \u00een cadrul One World Romania, la Muzeul \u021a\u0103ranului Rom\u00e2n.<\/p>\n","protected":false},"author":34,"featured_media":79084,"comment_status":"open","ping_status":"closed","sticky":false,"template":"","format":"standard","meta":{"ep_exclude_from_search":false,"p4_og_title":"","p4_og_description":"","p4_og_image":"","p4_og_image_id":"","p4_seo_canonical_url":"","p4_campaign_name":"","p4_local_project":"","p4_basket_name":"","p4_department":"","footnotes":""},"categories":[2],"tags":[102],"p4-page-type":[],"class_list":["post-79073","post","type-post","status-publish","format-standard","has-post-thumbnail","hentry","category-clima-si-energie","tag-gaz-fosil-2"],"_links":{"self":[{"href":"https:\/\/www.greenpeace.org\/romania\/wp-json\/wp\/v2\/posts\/79073","targetHints":{"allow":["GET"]}}],"collection":[{"href":"https:\/\/www.greenpeace.org\/romania\/wp-json\/wp\/v2\/posts"}],"about":[{"href":"https:\/\/www.greenpeace.org\/romania\/wp-json\/wp\/v2\/types\/post"}],"author":[{"embeddable":true,"href":"https:\/\/www.greenpeace.org\/romania\/wp-json\/wp\/v2\/users\/34"}],"replies":[{"embeddable":true,"href":"https:\/\/www.greenpeace.org\/romania\/wp-json\/wp\/v2\/comments?post=79073"}],"version-history":[{"count":5,"href":"https:\/\/www.greenpeace.org\/romania\/wp-json\/wp\/v2\/posts\/79073\/revisions"}],"predecessor-version":[{"id":79116,"href":"https:\/\/www.greenpeace.org\/romania\/wp-json\/wp\/v2\/posts\/79073\/revisions\/79116"}],"wp:featuredmedia":[{"embeddable":true,"href":"https:\/\/www.greenpeace.org\/romania\/wp-json\/wp\/v2\/media\/79084"}],"wp:attachment":[{"href":"https:\/\/www.greenpeace.org\/romania\/wp-json\/wp\/v2\/media?parent=79073"}],"wp:term":[{"taxonomy":"category","embeddable":true,"href":"https:\/\/www.greenpeace.org\/romania\/wp-json\/wp\/v2\/categories?post=79073"},{"taxonomy":"post_tag","embeddable":true,"href":"https:\/\/www.greenpeace.org\/romania\/wp-json\/wp\/v2\/tags?post=79073"},{"taxonomy":"p4-page-type","embeddable":true,"href":"https:\/\/www.greenpeace.org\/romania\/wp-json\/wp\/v2\/p4-page-type?post=79073"}],"curies":[{"name":"wp","href":"https:\/\/api.w.org\/{rel}","templated":true}]}}