{"id":7928,"date":"2022-11-04T12:13:25","date_gmt":"2022-11-04T09:13:25","guid":{"rendered":"https:\/\/www.greenpeace.org\/romania\/?p=7928"},"modified":"2026-04-02T13:18:44","modified_gmt":"2026-04-02T10:18:44","slug":"smr-la-doicesti-prea-riscant-prea-scump-prea-tarziu","status":"publish","type":"post","link":"https:\/\/www.greenpeace.org\/romania\/articol\/7928\/smr-la-doicesti-prea-riscant-prea-scump-prea-tarziu\/","title":{"rendered":"SMR la Doice\u0219ti: prea riscant, prea scump, prea t\u00e2rziu"},"content":{"rendered":"\n<p><strong>Localitatea Doice\u0219ti a fost desemnat\u0103, f\u0103r\u0103 o consultare real\u0103 a comunit\u0103\u021bii locale, drept amplasament pentru reactoare nucleare de tip SMR. Greenpeace reac\u021bioneaz\u0103 la aceast\u0103 situa\u021bie, prezent\u00e2nd la Doice\u0219ti r\u0103spunsuri la \u00eentreb\u0103rile primite de la localnici, fundamentate pe informa\u021bii primite de la exper\u021bi interna\u021bionali, \u00een cadrul unei consult\u0103ri publice organizate \u00een strad\u0103, \u00een fa\u021ba Casei de Cultur\u0103 din Doice\u0219ti. Energia nuclear\u0103 nu este o solu\u021bie pentru criza energetic\u0103 \u0219i nici pentru cea climatic\u0103.<\/strong><\/p>\n\n<p><strong>Doice\u0219ti, 3 noiembrie<\/strong> &#8211; De\u0219i au trecut luni de zile de la anun\u021barea alegerii localit\u0103\u021bii Doice\u0219ti ca amplasament pentru reactoarele modulare de mici dimensiuni (SMR), localnicii nu au avut \u0219ansa s\u0103-\u0219i clarifice nel\u0103muririle \u0219i s\u0103 \u00ee\u0219i exprime atitudinea fa\u021b\u0103 de acest proiect. Din acest motiv, activi\u0219tii Greenpeace au fost prezen\u021bi la Doice\u0219ti, venind \u00een sprijinul comunit\u0103\u021bii cu <a href=\"https:\/\/www.greenpeace.org\/romania\/articol\/7918\/va-deveni-doicestiul-fara-o-consultare-publica-reala-noul-pol-nuclear-al-romaniei\/\">puncte de vedere<\/a> \u0219i <a href=\"https:\/\/www.youtube.com\/watch?v=n6uNLUAD_sE\">informa\u021bii de la exper\u021bi interna\u021bionali<\/a> \u00een energie nuclear\u0103 \u0219i cu un mesaj ferm: \u201e<strong>STOP NUCLEAR<\/strong>\u201d.<\/p>\n\n<p>Interesul Rom\u00e2niei cu privire la tehnologia SMR a fost manifestat \u00eenc\u0103 de anul trecut.&nbsp; Inten\u021bia autorit\u0103\u021bilor este de a plasa reactoarele \u00een incinta fostei termocentrale de la Doice\u0219ti, chiar \u00een interiorul localit\u0103\u021bii, la mic\u0103 distan\u021b\u0103 de casele oamenilor.<\/p>\n\n<figure class=\"wp-block-image size-large\"><img loading=\"lazy\" decoding=\"async\" width=\"1024\" height=\"683\" src=\"https:\/\/www.greenpeace.org\/static\/planet4-romania-stateless\/2022\/11\/be6eb433-img_6047-1024x683.jpg\" alt=\"\" class=\"wp-image-7933\" srcset=\"https:\/\/www.greenpeace.org\/static\/planet4-romania-stateless\/2022\/11\/be6eb433-img_6047-1024x683.jpg 1024w, https:\/\/www.greenpeace.org\/static\/planet4-romania-stateless\/2022\/11\/be6eb433-img_6047-300x200.jpg 300w, https:\/\/www.greenpeace.org\/static\/planet4-romania-stateless\/2022\/11\/be6eb433-img_6047-768x512.jpg 768w, https:\/\/www.greenpeace.org\/static\/planet4-romania-stateless\/2022\/11\/be6eb433-img_6047-1536x1024.jpg 1536w, https:\/\/www.greenpeace.org\/static\/planet4-romania-stateless\/2022\/11\/be6eb433-img_6047-510x340.jpg 510w, https:\/\/www.greenpeace.org\/static\/planet4-romania-stateless\/2022\/11\/be6eb433-img_6047.jpg 2048w\" sizes=\"auto, (max-width: 1024px) 100vw, 1024px\" \/><\/figure>\n\n<p>Demersurile Greenpeace vin \u0219i \u00een contextul \u00een care oficialii Nuclearelectrica au evitat s\u0103 r\u0103spund\u0103 la \u00eentreb\u0103rile media \u0219i ale autorit\u0103\u021bilor locale din regiune cu privire la riscurile la care sunt supu\u0219i localnicii. \u00centr-o conferin\u021b\u0103 de pres\u0103 din 15 iunie 2022 de la Doice\u0219ti, la care nu au fost invita\u021bi \u0219i cet\u0103\u021benii localit\u0103\u021bii, directorul general Nuclearelectrica, Cosmin Ghi\u021b\u0103, <a href=\"https:\/\/www.youtube.com\/watch?v=tldJFE_v5og\">a omis s\u0103 ofere un r\u0103spuns clar<\/a> \u00een leg\u0103tur\u0103 cu zona de excludere pentru reactoarele care urmeaz\u0103 s\u0103 fie amplasate. Nici p\u00e2n\u0103 ast\u0103zi, Nuclearelectrica nu a f\u0103cut public\u0103 aceast\u0103 informa\u021bie.<\/p>\n\n<figure class=\"wp-block-image size-large\"><img loading=\"lazy\" decoding=\"async\" width=\"1024\" height=\"683\" src=\"https:\/\/www.greenpeace.org\/static\/planet4-romania-stateless\/2022\/11\/1ddf32cb-img_6249-1024x683.jpg\" alt=\"\" class=\"wp-image-7935\" srcset=\"https:\/\/www.greenpeace.org\/static\/planet4-romania-stateless\/2022\/11\/1ddf32cb-img_6249-1024x683.jpg 1024w, https:\/\/www.greenpeace.org\/static\/planet4-romania-stateless\/2022\/11\/1ddf32cb-img_6249-300x200.jpg 300w, https:\/\/www.greenpeace.org\/static\/planet4-romania-stateless\/2022\/11\/1ddf32cb-img_6249-768x512.jpg 768w, https:\/\/www.greenpeace.org\/static\/planet4-romania-stateless\/2022\/11\/1ddf32cb-img_6249-1536x1024.jpg 1536w, https:\/\/www.greenpeace.org\/static\/planet4-romania-stateless\/2022\/11\/1ddf32cb-img_6249-510x340.jpg 510w, https:\/\/www.greenpeace.org\/static\/planet4-romania-stateless\/2022\/11\/1ddf32cb-img_6249.jpg 2048w\" sizes=\"auto, (max-width: 1024px) 100vw, 1024px\" \/><\/figure>\n\n<p>Pe l\u00e2ng\u0103 riscurile pe care le presupune amplasarea discutabil\u0103 a reactoarelor, acest proiect necesit\u0103 costuri imense de implementare \u0219i mentenan\u021b\u0103, costuri care nu sunt justificate atunci c\u00e2nd le raport\u0103m la capacitatea de produc\u021bie a acestor instala\u021bii. Mai mult, aceast\u0103 tehnologie este \u00eenc\u0103 \u00een curs de dezvoltare \u0219i implementarea ei este anevoioas\u0103. Practic, nu exist\u0103 niciun reactor de tip SMR nic\u0103ieri \u00een lume; proiectul de central\u0103 nuclear\u0103 propus de compania <a href=\"https:\/\/www.nuscalepower.com\/\">NuScale<\/a>, compania care comercializeaz\u0103 reactoarele, nu a ajuns nici m\u0103car la stadiul de prototip func\u021bional.<\/p>\n\n<p>\u00cen completarea argumentelor tehnice, se pune \u0219i problema viziunii strategice de a extinde capacitatea nuclear\u0103 de produc\u021bie de energie \u00een contextul unui climat politic din ce \u00een ce mai instabil. R\u0103zboiul din Ucraina a demonstrat c\u0103 nu poate fi garantat\u0103 stabilitatea politic\u0103 pentru \u00eentregul interval de mai multe decenii \u00een care func\u021bioneaz\u0103 centralele nucleare, \u0219i nici pentru mo\u0219tenirea foarte \u00eendelungat\u0103 a de\u0219eurile radioactive.<\/p>\n\n<figure class=\"wp-block-image size-large\"><img loading=\"lazy\" decoding=\"async\" width=\"1024\" height=\"683\" src=\"https:\/\/www.greenpeace.org\/static\/planet4-romania-stateless\/2022\/11\/593bac1d-img_6278-1024x683.jpg\" alt=\"\" class=\"wp-image-7934\" srcset=\"https:\/\/www.greenpeace.org\/static\/planet4-romania-stateless\/2022\/11\/593bac1d-img_6278-1024x683.jpg 1024w, https:\/\/www.greenpeace.org\/static\/planet4-romania-stateless\/2022\/11\/593bac1d-img_6278-300x200.jpg 300w, https:\/\/www.greenpeace.org\/static\/planet4-romania-stateless\/2022\/11\/593bac1d-img_6278-768x512.jpg 768w, https:\/\/www.greenpeace.org\/static\/planet4-romania-stateless\/2022\/11\/593bac1d-img_6278-1536x1024.jpg 1536w, https:\/\/www.greenpeace.org\/static\/planet4-romania-stateless\/2022\/11\/593bac1d-img_6278-510x340.jpg 510w, https:\/\/www.greenpeace.org\/static\/planet4-romania-stateless\/2022\/11\/593bac1d-img_6278.jpg 2048w\" sizes=\"auto, (max-width: 1024px) 100vw, 1024px\" \/><\/figure>\n\n<p>Riscurile numeroase \u0219i \u00eensemnate punctate de speciali\u0219ti, costurile uria\u0219e, faptul c\u0103 proiectul a \u00eenceput s\u0103 fie implementat f\u0103r\u0103 s\u0103 se fi f\u0103cut o consultare public\u0103 \u00een mai multe loca\u021bii posibile, ridic\u0103 multe semne de \u00eentrebare cu privire la aparatul institu\u021bional care va fi responsabil de construirea \u0219i operarea \u00een siguran\u021b\u0103 a acestor reactoare nucleare.<\/p>\n\n<p><strong>Jan Haverkamp<\/strong>, expert \u00een energie nuclear\u0103 \u0219i politici energetice la Greenpeace, a declarat: <em>\u201eInvesti\u021biile nucleare reprezint\u0103 o diversiune de la priorit\u0103\u021bile actuale. Am v\u0103zut acest fenomen mai ales acum, \u00een timpul crizei energetice cauzate de invazia rus\u0103 \u00een Ucraina, observ\u00e2nd cum energia este folosit\u0103 ca arm\u0103 \u00een acest r\u0103zboi de c\u0103tre Rusia fa\u021b\u0103 de restul Europei. \u00cen loc s\u0103 ajute cet\u0103\u021benii s\u0103 fac\u0103 fa\u021b\u0103 pre\u021burilor ridicate, sprijinindu-i activ prin m\u0103suri de eficien\u021b\u0103 energetic\u0103, \u00een loc s\u0103 se concentreze pe reducerea risipei de energie \u00een industrie, pe adaptarea cererii la disponibilitate \u0219i s\u0103 fac\u0103 investi\u021bii \u00een surse de energie regenerabil\u0103 exploatabile rapid, politicienii vorbesc despre energia nuclear\u0103. Aceasta arat\u0103 c\u0103 au interese personale mai mari \u00een proiecte megalomane dec\u00e2t \u00een bun\u0103starea cet\u0103\u021benilor sau \u00een situa\u021bia de urgen\u021b\u0103 climatic\u0103.\u201d<\/em><\/p>\n\n<p>Contacte media:<\/p>\n\n<p><strong>Jan Haverkamp<\/strong>, expert \u00een energie nuclear\u0103 \u0219i politici energetice, Greenpeace <a href=\"mailto:jan.haverkamp@greenpeace.org\">jan.haverkamp@greenpeace.org<\/a>, +31 621 334 619<\/p>\n\n<p><strong>Mihnea Matache<\/strong>, PR \u0219i Comunicare, Greenpeace Rom\u00e2nia <a href=\"mailto:mihnea.matache@greenpeace.org\">mihnea.matache@greenpeace.org<\/a>,&nbsp; 0749-135-749<\/p>\n\n<p><strong>Marian M\u00e2ndru<\/strong>, campaigner Clim\u0103 \u0219i Energie, Greenpeace Rom\u00e2nia<a href=\"mailto:marian.mandru@greenpeace.org\">marian.mandru@greenpeace.org<\/a>,&nbsp; 0731-346-706<\/p>\n","protected":false},"excerpt":{"rendered":"<p>Localitatea Doice\u0219ti a fost desemnat\u0103, f\u0103r\u0103 o consultare real\u0103 a comunit\u0103\u021bii locale, drept amplasament pentru reactoare nucleare de tip SMR. Greenpeace reac\u021bioneaz\u0103 la aceast\u0103 situa\u021bie, prezent\u00e2nd r\u0103spunsuri la \u00eentreb\u0103rile localnicilor.<\/p>\n","protected":false},"author":34,"featured_media":7932,"comment_status":"open","ping_status":"closed","sticky":false,"template":"","format":"standard","meta":{"ep_exclude_from_search":false,"p4_og_title":"","p4_og_description":"","p4_og_image":"","p4_og_image_id":"","p4_seo_canonical_url":"","p4_campaign_name":"not set","p4_local_project":"not set","p4_basket_name":"not set","p4_department":"","footnotes":""},"categories":[31],"tags":[36,7,132],"p4-page-type":[],"class_list":["post-7928","post","type-post","status-publish","format-standard","has-post-thumbnail","hentry","category-greenpeace","tag-criza-climatica","tag-energie-regenerabila","tag-campanii-vechi"],"_links":{"self":[{"href":"https:\/\/www.greenpeace.org\/romania\/wp-json\/wp\/v2\/posts\/7928","targetHints":{"allow":["GET"]}}],"collection":[{"href":"https:\/\/www.greenpeace.org\/romania\/wp-json\/wp\/v2\/posts"}],"about":[{"href":"https:\/\/www.greenpeace.org\/romania\/wp-json\/wp\/v2\/types\/post"}],"author":[{"embeddable":true,"href":"https:\/\/www.greenpeace.org\/romania\/wp-json\/wp\/v2\/users\/34"}],"replies":[{"embeddable":true,"href":"https:\/\/www.greenpeace.org\/romania\/wp-json\/wp\/v2\/comments?post=7928"}],"version-history":[{"count":5,"href":"https:\/\/www.greenpeace.org\/romania\/wp-json\/wp\/v2\/posts\/7928\/revisions"}],"predecessor-version":[{"id":8404,"href":"https:\/\/www.greenpeace.org\/romania\/wp-json\/wp\/v2\/posts\/7928\/revisions\/8404"}],"wp:featuredmedia":[{"embeddable":true,"href":"https:\/\/www.greenpeace.org\/romania\/wp-json\/wp\/v2\/media\/7932"}],"wp:attachment":[{"href":"https:\/\/www.greenpeace.org\/romania\/wp-json\/wp\/v2\/media?parent=7928"}],"wp:term":[{"taxonomy":"category","embeddable":true,"href":"https:\/\/www.greenpeace.org\/romania\/wp-json\/wp\/v2\/categories?post=7928"},{"taxonomy":"post_tag","embeddable":true,"href":"https:\/\/www.greenpeace.org\/romania\/wp-json\/wp\/v2\/tags?post=7928"},{"taxonomy":"p4-page-type","embeddable":true,"href":"https:\/\/www.greenpeace.org\/romania\/wp-json\/wp\/v2\/p4-page-type?post=7928"}],"curies":[{"name":"wp","href":"https:\/\/api.w.org\/{rel}","templated":true}]}}