{"id":79753,"date":"2026-06-26T14:31:43","date_gmt":"2026-06-26T11:31:43","guid":{"rendered":"https:\/\/www.greenpeace.org\/romania\/?p=79753"},"modified":"2026-06-29T13:07:26","modified_gmt":"2026-06-29T10:07:26","slug":"cati-delfini-mai-sunt-in-marea-neagra","status":"publish","type":"post","link":"https:\/\/www.greenpeace.org\/romania\/articol\/79753\/cati-delfini-mai-sunt-in-marea-neagra\/","title":{"rendered":"C\u00e2\u021bi delfini mai sunt \u00een Marea Neagr\u0103? Radiografia unui declin dramatic"},"content":{"rendered":"\n<p class=\"wp-block-paragraph\">Marea Neagr\u0103 ascunde un univers fascinant, dar care se mic\u0219oreaz\u0103 \u00een t\u0103cere. \u00cen timp ce ne bucur\u0103m de apari\u021biile lor spectaculoase din timpul verii, realitatea din ad\u00e2ncuri este una alarmant\u0103: delfinii trec prin momente critice, prinse \u00eentre un declin istoric greu de monitorizat \u0219i noi amenin\u021b\u0103ri.&nbsp;<\/p>\n\n<p class=\"wp-block-paragraph\"><strong><em><a href=\"https:\/\/www.greenpeace.org\/romania\/articol\/79747\/ghidul-delfinilor-din-marea-neagra-cine-sunt-si-cum-ii-recunosti-pe-locuitorii-de-sub-valuri\/\" data-type=\"link\" data-id=\"https:\/\/www.greenpeace.org\/romania\/articol\/79747\/ghidul-delfinilor-din-marea-neagra-cine-sunt-si-cum-ii-recunosti-pe-locuitorii-de-sub-valuri\/\">Cite\u0219te \u0219i: Ghidul delfinilor din Marea Neagr\u0103: cum recuno\u0219ti cele trei specii de sub valuri<\/a><\/em><\/strong><\/p>\n\n<p class=\"wp-block-paragraph\">C\u00e2\u021bi delfini mai sunt \u00een Marea Neagr\u0103?<\/p>\n\n<p class=\"wp-block-paragraph\">Estim\u0103rile difer\u0103 \u00een func\u021bie de metod\u0103 \u0219i de an. Cele mai citate evalu\u0103ri recente indic\u0103 faptul c\u0103 popula\u021bia total\u0103 de cetacee din Marea Neagr\u0103 este de ordinul sutelor de mii de indivizi.&nbsp;<\/p>\n\n<p class=\"wp-block-paragraph\"><a href=\"https:\/\/kyivindependent.com\/more-than-5-000-dolphins-die-in-black-sea-as-a-result-of-russias-war\/\">Unele surse utilizate de cercet\u0103tori \u0219i autorit\u0103\u021bi de mediu<\/a> indic\u0103 aproximativ <strong>250.000 de cetacee \u00een \u00eentreaga Mare Neagr\u0103<\/strong>, majoritatea fiind <strong>delfini comuni \u0219i marsuini.&nbsp;<\/strong><\/p>\n\n<p class=\"wp-block-paragraph\">Dup\u0103 \u00eenceperea r\u0103zboiului din Ucraina, \u00eens\u0103, <a href=\"https:\/\/www.theguardian.com\/world\/2026\/mar\/26\/a-toxic-punch-fears-russia-war-black-sea-dolphins\">au fost raportate numeroase cazuri de delfini g\u0103si\u021bi mor\u021bi pe \u021b\u0103rm.<\/a> Exist\u0103 indicii c\u0103 <strong>zgomotul militar, minele, poluarea \u0219i perturbarea ecosistemului<\/strong> au avut efecte negative, \u00eens\u0103 cercet\u0103torii subliniaz\u0103 c\u0103 estimarea exact\u0103 a mortalit\u0103\u021bii este \u00eenc\u0103 incert\u0103 din cauza dificult\u0103\u021bilor de monitorizare.&nbsp;<\/p>\n\n<p class=\"wp-block-paragraph\"><strong>Ce \u0219tim despre num\u0103rul delfinilor din apele Rom\u00e2niei?&nbsp;<\/strong><\/p>\n\n<p class=\"wp-block-paragraph\">\u00cen apele rom\u00e2ne\u0219ti, \u00eei vedem frecvent de la \u00eenceputul prim\u0103verii p\u00e2n\u0103 la \u00eenceputul toamnei, \u00een special \u00eentre Constan\u021ba \u0219i Mangalia, \u00een zona Agigea, la gurile Dun\u0103rii \u0219i \u00een Delt\u0103. Vin oriunde g\u0103sesc hran\u0103 din abunden\u021b\u0103, adic\u0103 acolo unde pot g\u0103si hamsii, \u0219prot sau stavrid.<\/p>\n\n<p class=\"wp-block-paragraph\">Prezen\u021ba lor regulat\u0103 este o veste bun\u0103, \u00eens\u0103 <strong>presiunea pur uman\u0103<\/strong> cre\u0219te de la an la an. Cel mai dureros indicator este num\u0103rul e\u0219u\u0103rilor: <a href=\"https:\/\/green-report.ro\/de-ce-scade-populatia-delfinilor-in-marea-neagra\/\"><strong>peste 1.200 de cetacee au fost g\u0103site moarte pe litoralul rom\u00e2nesc \u00een ultimii 13 ani,<\/strong><\/a> iar un sfert dintre ele au prezentat urme clare de prindere accidental\u0103 \u00een plasele de pescuit.<\/p>\n\n<p class=\"wp-block-paragraph\">Ast\u0103zi, supravie\u021buirea lor este amenin\u021bat\u0103 direct de:<\/p>\n\n<p class=\"wp-block-paragraph\"><strong>Plase de pescuit \u0219i braconaj <\/strong>&#8211; principala cauz\u0103 a e\u0219u\u0103rilor locale.<\/p>\n\n<p class=\"wp-block-paragraph\"><strong>Poluare masiv\u0103 <\/strong>&#8211; at\u00e2t chimic\u0103, c\u00e2t \u0219i prin sufocarea cu microplastice.<\/p>\n\n<p class=\"wp-block-paragraph\"><strong>Trafic \u0219i zgomot submarin<\/strong> &#8211; care le distrug sistemul vital de orientare \u0219i comunicare.<\/p>\n\n<p class=\"wp-block-paragraph\"><strong>R\u0103zboiul din Ucraina<\/strong> &#8211; minele marine, poluarea militar\u0103 \u0219i sonarele perturb\u0103 grav \u00eentregul ecosistem din nordul m\u0103rii.&nbsp;<\/p>\n\n<p class=\"wp-block-paragraph\">De\u0219i cifrele exacte sunt greu de stabilit din cauza monitoriz\u0103rii dificile \u00een zonele de conflict, num\u0103rul delfinilor mor\u021bi g\u0103si\u021bi pe plaje a crescut alarmant.<\/p>\n\n<div class=\"wp-block-buttons is-layout-flex wp-block-buttons-is-layout-flex\">\n<div class=\"wp-block-button\"><a class=\"wp-block-button__link has-white-color has-blue-green-800-background-color has-text-color has-background has-link-color wp-element-button\" href=\"https:\/\/www.greenpeace.org\/romania\/petitions\/handraiser-delfini\/\">AL\u0102TUR\u0102-TE \u0218I TU ACUM OAMENILOR CARE CRED C\u0102 DELFINII AU DREPTUL LA VIA\u021a\u0102 \u00ceN PROPRIUL LOR HABITAT.<\/a><\/div>\n<\/div>\n","protected":false},"excerpt":{"rendered":"<p>Marea Neagr\u0103 ascunde un univers fascinant, dar care se mic\u0219oreaz\u0103 \u00een t\u0103cere. \u00cen timp ce ne bucur\u0103m de apari\u021biile lor spectaculoase din timpul verii, realitatea din ad\u00e2ncuri este una alarmant\u0103:&hellip;<\/p>\n","protected":false},"author":34,"featured_media":79739,"comment_status":"open","ping_status":"closed","sticky":false,"template":"","format":"standard","meta":{"ep_exclude_from_search":false,"p4_og_title":"","p4_og_description":"","p4_og_image":"","p4_og_image_id":"","p4_seo_canonical_url":"","p4_campaign_name":"","p4_local_project":"","p4_basket_name":"","p4_department":"","footnotes":""},"categories":[2],"tags":[125],"p4-page-type":[],"class_list":["post-79753","post","type-post","status-publish","format-standard","has-post-thumbnail","hentry","category-clima-si-energie","tag-marea-neagra-gaz-fosil"],"_links":{"self":[{"href":"https:\/\/www.greenpeace.org\/romania\/wp-json\/wp\/v2\/posts\/79753","targetHints":{"allow":["GET"]}}],"collection":[{"href":"https:\/\/www.greenpeace.org\/romania\/wp-json\/wp\/v2\/posts"}],"about":[{"href":"https:\/\/www.greenpeace.org\/romania\/wp-json\/wp\/v2\/types\/post"}],"author":[{"embeddable":true,"href":"https:\/\/www.greenpeace.org\/romania\/wp-json\/wp\/v2\/users\/34"}],"replies":[{"embeddable":true,"href":"https:\/\/www.greenpeace.org\/romania\/wp-json\/wp\/v2\/comments?post=79753"}],"version-history":[{"count":1,"href":"https:\/\/www.greenpeace.org\/romania\/wp-json\/wp\/v2\/posts\/79753\/revisions"}],"predecessor-version":[{"id":79755,"href":"https:\/\/www.greenpeace.org\/romania\/wp-json\/wp\/v2\/posts\/79753\/revisions\/79755"}],"wp:featuredmedia":[{"embeddable":true,"href":"https:\/\/www.greenpeace.org\/romania\/wp-json\/wp\/v2\/media\/79739"}],"wp:attachment":[{"href":"https:\/\/www.greenpeace.org\/romania\/wp-json\/wp\/v2\/media?parent=79753"}],"wp:term":[{"taxonomy":"category","embeddable":true,"href":"https:\/\/www.greenpeace.org\/romania\/wp-json\/wp\/v2\/categories?post=79753"},{"taxonomy":"post_tag","embeddable":true,"href":"https:\/\/www.greenpeace.org\/romania\/wp-json\/wp\/v2\/tags?post=79753"},{"taxonomy":"p4-page-type","embeddable":true,"href":"https:\/\/www.greenpeace.org\/romania\/wp-json\/wp\/v2\/p4-page-type?post=79753"}],"curies":[{"name":"wp","href":"https:\/\/api.w.org\/{rel}","templated":true}]}}