{"id":7978,"date":"2022-11-16T15:54:29","date_gmt":"2022-11-16T12:54:29","guid":{"rendered":"https:\/\/www.greenpeace.org\/romania\/?p=7978"},"modified":"2022-11-16T16:51:07","modified_gmt":"2022-11-16T13:51:07","slug":"distrugerea-naturii-cum-sunt-decimate-viata-si-biodiversitatea-in-europa","status":"publish","type":"post","link":"https:\/\/www.greenpeace.org\/romania\/articol\/7978\/distrugerea-naturii-cum-sunt-decimate-viata-si-biodiversitatea-in-europa\/","title":{"rendered":"Distrugerea naturii: cum sunt decimate via\u021ba \u0219i biodiversitatea \u00een Europa"},"content":{"rendered":"\n<p>Cel mai nou raport Greenpeace prezint\u0103 unele dintre cele mai devastatoare pierderi de biodiversitate din Europa.&nbsp;<\/p>\n\n<div class=\"wp-block-group is-layout-flow wp-block-group-is-layout-flow\">\n<p><strong>Poluarea<\/strong> unor \u00eentinderi importante de ap\u0103 din Bulgaria, Danemarca, Germania \u0219i Spania. <\/p>\n\n\n\n<p><strong>T\u0103ierile agresive<\/strong> \u0219i la ras din Suedia, Rom\u00e2nia, Polonia \u0219i Germania.<\/p>\n\n\n\n<p><strong>Planuri pentru abatoare<\/strong> care pun \u00een pericol mediul \u00een Elve\u021bia.<\/p>\n\n\n\n<p><strong>Poluarea cu azot<\/strong> de la cre\u0219terea animalelor \u00een \u021a\u0103rile de Jos.<\/p>\n\n\n\n<p><strong>Demolarea violent\u0103<\/strong> a spa\u021biilor verzi din zonele urbane din Belgia.<\/p>\n<\/div>\n\n<figure class=\"wp-block-image size-large\"><img loading=\"lazy\" decoding=\"async\" width=\"1024\" height=\"576\" src=\"https:\/\/www.greenpeace.org\/static\/planet4-romania-stateless\/2022\/11\/ac108aaf-forest.16x9-1024x576.png\" alt=\"\" class=\"wp-image-7979\" srcset=\"https:\/\/www.greenpeace.org\/static\/planet4-romania-stateless\/2022\/11\/ac108aaf-forest.16x9-1024x576.png 1024w, https:\/\/www.greenpeace.org\/static\/planet4-romania-stateless\/2022\/11\/ac108aaf-forest.16x9-300x169.png 300w, https:\/\/www.greenpeace.org\/static\/planet4-romania-stateless\/2022\/11\/ac108aaf-forest.16x9-768x432.png 768w, https:\/\/www.greenpeace.org\/static\/planet4-romania-stateless\/2022\/11\/ac108aaf-forest.16x9-510x287.png 510w, https:\/\/www.greenpeace.org\/static\/planet4-romania-stateless\/2022\/11\/ac108aaf-forest.16x9.png 1080w\" sizes=\"auto, (max-width: 1024px) 100vw, 1024px\" \/><\/figure>\n\n<p>Toate aceste state sunt membre ale Uniunii Europene \u0219i se presupune c\u0103 sunt lideri \u00een lupta cu schimb\u0103rile climatice \u0219i conservarea biodiversit\u0103\u021bii \u0219i a vie\u021bii \u00een sine. Dac\u0103 a\u0219a se comport\u0103 statele membre UE cu natura, cu ce drept cer tocmai ele ac\u021biune din partea restului lumii?&nbsp;<\/p>\n\n<p>De-a lungul Europei comunit\u0103\u021bile locale se lupt\u0103 pentru a-\u0219i proteja casele \u0219i tot ce le \u00eenconjoar\u0103, inclusiv ecosistemele care ne men\u021bin via\u021ba tuturor. Acum e momentul ca guvernele \u0219i politicienii s\u0103 fac\u0103 partea lor de treab\u0103 \u0219i s\u0103 lucreze pentru noi \u0219i binele nostru. <\/p>\n\n<p>R\u0103ul trebuie t\u0103iat de la r\u0103d\u0103cin\u0103 \u0219i practicile care distrug natura cu efecte \u00eendelungate trebuie s\u0103 \u00eenceteze!<\/p>\n\n<p>Citi\u021bi raportul integral <a href=\"https:\/\/greenpeace.at\/uploads\/2022\/11\/gpeu_failingnature_final.pdf\" data-type=\"URL\" data-id=\"https:\/\/greenpeace.at\/uploads\/2022\/11\/gpeu_failingnature_final.pdf\">aici<\/a>: <a href=\"https:\/\/greenpeace.at\/uploads\/2022\/11\/gpeu_failingnature_final.pdf \">https:\/\/greenpeace.at\/uploads\/2022\/11\/gpeu_failingnature_final.pdf <\/a><\/p>\n\n<figure class=\"wp-block-image size-large\"><a href=\"https:\/\/greenpeace.at\/uploads\/2022\/11\/gpeu_failingnature_final.pdf \"><img loading=\"lazy\" decoding=\"async\" width=\"724\" height=\"1024\" src=\"https:\/\/www.greenpeace.org\/static\/planet4-romania-stateless\/2022\/11\/2a8a3f16-1-724x1024.png\" alt=\"\" class=\"wp-image-7980\" srcset=\"https:\/\/www.greenpeace.org\/static\/planet4-romania-stateless\/2022\/11\/2a8a3f16-1-724x1024.png 724w, https:\/\/www.greenpeace.org\/static\/planet4-romania-stateless\/2022\/11\/2a8a3f16-1-212x300.png 212w, https:\/\/www.greenpeace.org\/static\/planet4-romania-stateless\/2022\/11\/2a8a3f16-1-768x1086.png 768w, https:\/\/www.greenpeace.org\/static\/planet4-romania-stateless\/2022\/11\/2a8a3f16-1-1086x1536.png 1086w, https:\/\/www.greenpeace.org\/static\/planet4-romania-stateless\/2022\/11\/2a8a3f16-1-966x1366.png 966w, https:\/\/www.greenpeace.org\/static\/planet4-romania-stateless\/2022\/11\/2a8a3f16-1-240x340.png 240w, https:\/\/www.greenpeace.org\/static\/planet4-romania-stateless\/2022\/11\/2a8a3f16-1.png 1414w\" sizes=\"auto, (max-width: 724px) 100vw, 724px\" \/><\/a><\/figure>\n\n<figure class=\"wp-block-image size-large\"><a href=\"https:\/\/greenpeace.at\/uploads\/2022\/11\/gpeu_failingnature_final.pdf \"><img loading=\"lazy\" decoding=\"async\" width=\"724\" height=\"1024\" src=\"https:\/\/www.greenpeace.org\/static\/planet4-romania-stateless\/2022\/11\/604dbb89-2-724x1024.png\" alt=\"\" class=\"wp-image-7981\" srcset=\"https:\/\/www.greenpeace.org\/static\/planet4-romania-stateless\/2022\/11\/604dbb89-2-724x1024.png 724w, https:\/\/www.greenpeace.org\/static\/planet4-romania-stateless\/2022\/11\/604dbb89-2-212x300.png 212w, https:\/\/www.greenpeace.org\/static\/planet4-romania-stateless\/2022\/11\/604dbb89-2-768x1086.png 768w, https:\/\/www.greenpeace.org\/static\/planet4-romania-stateless\/2022\/11\/604dbb89-2-1086x1536.png 1086w, https:\/\/www.greenpeace.org\/static\/planet4-romania-stateless\/2022\/11\/604dbb89-2-966x1366.png 966w, https:\/\/www.greenpeace.org\/static\/planet4-romania-stateless\/2022\/11\/604dbb89-2-240x340.png 240w, https:\/\/www.greenpeace.org\/static\/planet4-romania-stateless\/2022\/11\/604dbb89-2.png 1414w\" sizes=\"auto, (max-width: 724px) 100vw, 724px\" \/><\/a><\/figure>\n\n<figure class=\"wp-block-image size-large\"><a href=\"https:\/\/greenpeace.at\/uploads\/2022\/11\/gpeu_failingnature_final.pdf \"><img loading=\"lazy\" decoding=\"async\" width=\"724\" height=\"1024\" src=\"https:\/\/www.greenpeace.org\/static\/planet4-romania-stateless\/2022\/11\/0538cdd3-3-724x1024.png\" alt=\"\" class=\"wp-image-7982\" srcset=\"https:\/\/www.greenpeace.org\/static\/planet4-romania-stateless\/2022\/11\/0538cdd3-3-724x1024.png 724w, https:\/\/www.greenpeace.org\/static\/planet4-romania-stateless\/2022\/11\/0538cdd3-3-212x300.png 212w, https:\/\/www.greenpeace.org\/static\/planet4-romania-stateless\/2022\/11\/0538cdd3-3-768x1086.png 768w, https:\/\/www.greenpeace.org\/static\/planet4-romania-stateless\/2022\/11\/0538cdd3-3-1086x1536.png 1086w, https:\/\/www.greenpeace.org\/static\/planet4-romania-stateless\/2022\/11\/0538cdd3-3-966x1366.png 966w, https:\/\/www.greenpeace.org\/static\/planet4-romania-stateless\/2022\/11\/0538cdd3-3-240x340.png 240w, https:\/\/www.greenpeace.org\/static\/planet4-romania-stateless\/2022\/11\/0538cdd3-3.png 1414w\" sizes=\"auto, (max-width: 724px) 100vw, 724px\" \/><\/a><\/figure>\n\n<div data-tf-sidetab=\"k6DgZOC7\" data-tf-width=\"320\" data-tf-height=\"400\" data-tf-button-color=\"#FA6B05\" data-tf-button-text=\"Quiz despre Carpa\u021bi\" data-tf-iframe-props=\"title=Tu c\u00e2te lucruri \u0219tii despre Carpa\u021bi?\" data-tf-medium=\"snippet\" data-tf-hidden=\"hubspot_utk=xxxxx,hubspot_page_name=xxxxx,hubspot_page_url=xxxxx,utm_source=xxxxx\" style=\"all:unset;\"><\/div><script src=\"\/\/embed.typeform.com\/next\/embed.js\"><\/script>\n","protected":false},"excerpt":{"rendered":"<p>Cel mai nou raport Greenpeace prezint\u0103 unele dintre cele mai devastatoare pierderi de biodiversitate din Europa, dar \u0219i inac\u021biunea autorit\u0103\u021bilor \u00een acest sector.<\/p>\n","protected":false},"author":34,"featured_media":7980,"comment_status":"open","ping_status":"closed","sticky":false,"template":"","format":"standard","meta":{"ep_exclude_from_search":false,"p4_og_title":"","p4_og_description":"","p4_og_image":"","p4_og_image_id":"","p4_seo_canonical_url":"","p4_campaign_name":"not set","p4_local_project":"not set","p4_basket_name":"not set","p4_department":"","footnotes":""},"categories":[3],"tags":[26,19,115,36,107,45,8,97,95],"p4-page-type":[],"class_list":["post-7978","post","type-post","status-publish","format-standard","has-post-thumbnail","hentry","category-paduri","tag-activism","tag-biodiversitate","tag-climatejustice-1","tag-criza-climatica","tag-impreunapentrupaduri","tag-paduri","tag-participare-civica-2","tag-schimbari-climatice","tag-taieri-ilegale"],"_links":{"self":[{"href":"https:\/\/www.greenpeace.org\/romania\/wp-json\/wp\/v2\/posts\/7978","targetHints":{"allow":["GET"]}}],"collection":[{"href":"https:\/\/www.greenpeace.org\/romania\/wp-json\/wp\/v2\/posts"}],"about":[{"href":"https:\/\/www.greenpeace.org\/romania\/wp-json\/wp\/v2\/types\/post"}],"author":[{"embeddable":true,"href":"https:\/\/www.greenpeace.org\/romania\/wp-json\/wp\/v2\/users\/34"}],"replies":[{"embeddable":true,"href":"https:\/\/www.greenpeace.org\/romania\/wp-json\/wp\/v2\/comments?post=7978"}],"version-history":[{"count":5,"href":"https:\/\/www.greenpeace.org\/romania\/wp-json\/wp\/v2\/posts\/7978\/revisions"}],"predecessor-version":[{"id":7987,"href":"https:\/\/www.greenpeace.org\/romania\/wp-json\/wp\/v2\/posts\/7978\/revisions\/7987"}],"wp:featuredmedia":[{"embeddable":true,"href":"https:\/\/www.greenpeace.org\/romania\/wp-json\/wp\/v2\/media\/7980"}],"wp:attachment":[{"href":"https:\/\/www.greenpeace.org\/romania\/wp-json\/wp\/v2\/media?parent=7978"}],"wp:term":[{"taxonomy":"category","embeddable":true,"href":"https:\/\/www.greenpeace.org\/romania\/wp-json\/wp\/v2\/categories?post=7978"},{"taxonomy":"post_tag","embeddable":true,"href":"https:\/\/www.greenpeace.org\/romania\/wp-json\/wp\/v2\/tags?post=7978"},{"taxonomy":"p4-page-type","embeddable":true,"href":"https:\/\/www.greenpeace.org\/romania\/wp-json\/wp\/v2\/p4-page-type?post=7978"}],"curies":[{"name":"wp","href":"https:\/\/api.w.org\/{rel}","templated":true}]}}