{"id":805,"date":"2017-06-21T00:00:00","date_gmt":"2017-06-20T21:00:00","guid":{"rendered":"https:\/\/master.k8s.p4.greenpeace.org\/romania\/articol\/805\/cum-salvam-padurile-virgine\/"},"modified":"2021-03-01T10:59:40","modified_gmt":"2021-03-01T07:59:40","slug":"cum-salvam-padurile-virgine","status":"publish","type":"post","link":"https:\/\/www.greenpeace.org\/romania\/articol\/805\/cum-salvam-padurile-virgine\/","title":{"rendered":"Cum salv\u0103m p\u0103durile virgine?"},"content":{"rendered":"<div class=\"leader\" style=\"font-weight: bold;margin-bottom: 12px\">\n\t Natura este punctul forte, ea d\u0103 chipul m\u00e2ndriei noastre, de-aici \u00eencepem s\u0103 ne descriem oric\u0103rui curios. Natura, la noi, este pur\u0103, maiestuoas\u0103, spectaculoas\u0103 \u0219i ne\u00eembl\u00e2nzit\u0103.\n<\/div>\n<div>\n<p><strong>Cum salv\u0103m bogatele p\u0103duri ale Rom\u00e2niei?<\/strong><\/p>\n<p>Ne place s\u0103 credem c\u0103 Rom\u00e2nia este o \u021bar\u0103 frumoas\u0103. Natura este punctul forte, ea d\u0103 chipul m\u00e2ndriei noastre, de-aici \u00eencepem s\u0103 ne descriem oric\u0103rui curios. Natura, la noi, este pur\u0103, maiestuoas\u0103, spectaculoas\u0103 \u0219i ne\u00eembl\u00e2nzit\u0103. S\u0103lbatic\u0103 precum c\u0103ut\u0103tura \u021b\u0103ranului d\u00e2rz care, erou arhetipal, a \u0219tiut s-o iubeasc\u0103 \u0219i s-o foloseasc\u0103 pentru a-\u0219i asigura supravie\u021buirea, permanen\u021ba \u00eentr-o lume schimb\u0103toare, bezmetic\u0103 \u0219i frivol\u0103. P\u0103durile sunt vaste \u0219i de necuprins, asemenea etosului nostru hiperbolizat. Codrul ne este frate, ne ascunde istoriei \u0219i ne define\u0219te vitalitatea de popor cu voca\u021bie anistoric\u0103. Rom\u00e2nii sunt dincolo de contingen\u021bele unei previzibile deveniri mundane. Ceva transcendent, un <em>je-ne-se-cua<\/em> constitutiv ne men\u021bine excep\u021bionali, speciali, diferi\u021bi \u00een bine. A\u0219a s\u0103 fie?<\/p>\n<p>Avem p\u0103duri, cam 7 milioane de hectare. E mult? Nu, e pu\u021bin! E abia <a href=\"http:\/\/roifn.ro\/site\/rezultate-ifn-1\/\">29%<\/a>\u00a0<a title=\"\" name=\"_ftnref1\" href=\"file:\/\/\/C:\/Users\/Irina%20Bandrabur\/Desktop\/p%C4%83duri%20virgine%20web%20gp.docx#_ftn1\">[1]<\/a> din surafa\u021ba \u021b\u0103rii. Asta \u00een condi\u021biile \u00een care, \u00een mod natural \u0219i istoric ar fi loc cam de 80%, adic\u0103 de vreo 19 milioane de hectare. Acum nu trebuie s\u0103 ced\u0103m extremelor, dar nici slavei de\u0219arte. Dac\u0103 ajungem undeva la 40 \u2013 45%<a title=\"\" name=\"_ftnref2\" href=\"file:\/\/\/C:\/Users\/Irina%20Bandrabur\/Desktop\/p%C4%83duri%20virgine%20web%20gp.docx#_ftn2\">[2]<\/a> c\u00e2t au s-a socotit a fi optimul este&#8230;, ei bine, optim.<\/p>\n<p>Bun! or fi pu\u021bine, dar sunt cele mai frumoase \u0219i bogate din Europa! Corect, dar tot corect ar fi s\u0103 nu pretindem \u00eent\u00e2ietate \u00een domeniul conserv\u0103rii mediului c\u00e2nd, de fapt, cu totul altceva le-a p\u0103strat. Le-avem nu pentru c\u0103 am \u0219tiut s\u0103 le \u00een\u021belegem, pre\u021buim \u0219i s\u0103 le protej\u0103m, ci pentru c\u0103 am fost ori lipsi\u021bi de puterea de a decide asupra lor, ori prea s\u0103raci ca s\u0103 le t\u0103iem. E greu s\u0103 vinzi lemn c\u00e2nd nu ai dreptul s\u0103 faci comer\u021b \u0219i e greu s\u0103 construie\u0219ti drumuri forestiere c\u00e2nd nu ai bani nici s\u0103 traversezi strada pe care nu ai avut buget s\u0103 o construie\u0219ti.<\/p>\n<p><strong>Despre ce vorbim?<\/strong><\/p>\n<p>P\u0103durile virgine ale Rom\u00e2niei, c\u0103ci despre ele este vorba, sunt ultimele r\u0103mase \u00een Europa. Mai exact spus, Rom\u00e2nia are ultimele \u0219i cele mai vaste p\u0103duri virgine nedescoperite \u0219i neprotejate dintre toate \u021b\u0103rile Uniunii Europene. Adic\u0103, le avem, cam dou\u0103 treimi. Suntem ferici\u021bii posesori a unor mari \u00eentinderi de natur\u0103 pur\u0103, \u00eens\u0103 nu \u0219tim exact unde sunt aceste p\u0103duri \u0219i nici nu ne-am obosit s\u0103 le recunoa\u0219tem valoarea, adic\u0103 se le protej\u0103m. Iar\u0103\u0219i, este cam ipocrit s\u0103 te m\u00e2ndre\u0219ti cu ceea ce ai doar teoretic. \u0218i dac\u0103-ar fi doar at\u00e2t, dar unde mai pui c\u0103 de la ultimul inventar par\u021bial din 2001<a title=\"\" name=\"_ftnref3\" href=\"file:\/\/\/C:\/Users\/Irina%20Bandrabur\/Desktop\/p%C4%83duri%20virgine%20web%20gp.docx#_ftn3\">[3]<\/a> care, de bine de r\u0103u, ne-a dat o idee despre a\u0219ezarea \u0219i \u00eentinderea acestor p\u0103duri, a \u00eenceput o curs\u0103 contra cronometru a exploat\u0103rii pentru a nu le \u201epreda\u201d conserv\u0103rii? La ce ne trebuie nou\u0103 p\u0103duri virgine, ziceau unii, c\u00e2nd avem nevoie de lemn, de bani \u0219i de dezvoltare local\u0103? Aceea\u0219i mentalitate de \u021bar\u0103 preindustrial\u0103, acea\u0219i ignobil\u0103 obsesie a c\u0103p\u0103tuielii, aceea\u0219i josnic\u0103 pref\u0103c\u0103torie. Dac\u0103 vrem pesimism fundamentat \u0219tiin\u021bific, sau dac\u0103 suntem doar dependen\u021bi de adrenalin\u0103 \u0219i pr\u0103p\u0103stio\u0219i, ne putem uita rapid la evolu\u021bia istoric\u0103 a suprafe\u021bei acoperite cu p\u0103duri virgine. Datele ne permit s\u0103 estim\u0103m c\u0103 ne-am b\u0103gat toporul, fier\u0103str\u0103ul \u0219i drujba \u00een ele destul de consistent. De la aproximativ 3 mil. hectare \u00een sec. XIX am ajuns la 2 mil. spre 1900, apoi la 800 000 hectare la \u00eenceputul perioadei comuniste \u0219i spre 400 000 hectare \u00een 1984. Am trecut de la liberalizarea comer\u021bului, prin 2 \u00eempropriet\u0103riri succesive, prin r\u0103zboaie, SOVROM-uri \u0219i retroced\u0103ri ale capitalismului de cumetrie pentru a sf\u00e2r\u0219i cu o administra\u021bie lipsit\u0103 de viziune \u0219i cu interese impure. A\u0219a se face c\u0103, revenind la inventarul nostru, dinntr-un minim de 220 000 de hectare documentate \u00een 2001 nu \u0219tim dac\u0103 ast\u0103zi au mai r\u0103mas jum\u0103tate.<\/p>\n<p><strong>Dar cum s-a ajuns aici?<\/strong><\/p>\n<p>\u00cenainte de 2008, c\u00e2nd s-a introdus o vag\u0103 men\u021biune despre aceste p\u0103duri \u00een noul Cod Silvic, unele au fost protejate de s\u0103r\u0103cie, de inaccesibilitatea terenului \u2013 iar\u0103\u0219i, recuno\u0219tin\u021b\u0103 naturii! \u2013 de dragostea \u0219i zelul c\u00e2torva silvicultori \u0219i altele de fragilul nostru sistem de arii protejate. \u00cen cadrul Conven\u021biei Carpatice, un soi de parteneriat pentru dezvoltare durabil\u0103 semnat de statele traversate de Mun\u021bii Carpa\u021bi, s-a convenit c\u0103 protejarea biodiversit\u0103\u021bii \u0219i, prin urmare, salvarea p\u0103durilor virgine este o prioritate<a title=\"\" name=\"_ftnref4\" href=\"file:\/\/\/C:\/Users\/Irina%20Bandrabur\/Desktop\/p%C4%83duri%20virgine%20web%20gp.docx#_ftn4\">[4]<\/a>. Cu toate c\u0103 Rom\u00e2nia este parte a acestei conven\u021bii \u0219i a ratificat-o, nu ne-am asumat pe deplin \u00een\u021belesul ei. O norm\u0103 din 2012<a title=\"\" name=\"_ftnref5\" href=\"file:\/\/\/C:\/Users\/Irina%20Bandrabur\/Desktop\/p%C4%83duri%20virgine%20web%20gp.docx#_ftn5\">[5]<\/a> \u00eencerca s\u0103 transpun\u0103, par\u021bial \u0219i interesat, obliga\u021bia asumat\u0103 de a ne salva p\u0103durile virgine \u0219i cvasivirgine. Sun\u0103 cunoscut, nu?, meteahn\u0103 veche a formelor f\u0103r\u0103 fond.<\/p>\n<p>Prin 2015 a venit vremea s\u0103 ne moderniz\u0103m iar\u0103\u0219i legisla\u021bia. Printr-o mobilizare f\u0103r\u0103 precedent a nou descoperitei societ\u0103\u021bi civile s-a impus o revizuire responsabil\u0103 a legilor. Astfel \u00eemputernicite, ONG-urile de mediu, printre care \u0219i Greenpeace Rom\u00e2nia, au formulat o list\u0103 de revendic\u0103ri pentru o administrare responsabil\u0103 a p\u0103durilor<a title=\"\" name=\"_ftnref6\" href=\"file:\/\/\/C:\/Users\/Irina%20Bandrabur\/Desktop\/p%C4%83duri%20virgine%20web%20gp.docx#_ftn6\">[6]<\/a>. Un loc important l-a avut protejarea tuturor p\u0103durilor cu structuri primare prin \u00eenfiin\u021barea unui <em>Catalog Na\u021bional al P\u0103durilor Virgine \u0219i Cvasivirgine din Rom\u00e2nia<\/em>. \u00cen iulie 2016, dup\u0103 implicarea noastr\u0103 direct\u0103 \u00een redactarea acestui normativ, s-a \u00eenfiin\u021bat mult doritul Catalog<a title=\"\" name=\"_ftnref7\" href=\"file:\/\/\/C:\/Users\/Irina%20Bandrabur\/Desktop\/p%C4%83duri%20virgine%20web%20gp.docx#_ftn7\">[7]<\/a>. Acest Catalog este nu numai un depozitar al acestor p\u0103duri, adic\u0103 o eviden\u021b\u0103, ci \u0219i o metodologie de identificare \u0219i o norm\u0103 de administrare. Luna urm\u0103toare, august, l-am pus la \u00eencercare. Am stat \u00een p\u0103dure timp de o lun\u0103 cu peste 90 de voluntari din 14 \u021b\u0103ri \u0219i am documentat trei p\u0103duri virgine<a title=\"\" name=\"_ftnref8\" href=\"file:\/\/\/C:\/Users\/Irina%20Bandrabur\/Desktop\/p%C4%83duri%20virgine%20web%20gp.docx#_ftn8\">[8]<\/a>. Procesul s-a dovedit a fi anevoios, a\u0219a c\u0103 am motivat redeschiderea legii pentru \u00eembun\u0103t\u0103\u021bire \u0219i am contribuit la remediarea problemelor. De la finalul anului 2016 avem o lege func\u021bional\u0103 \u0219i capabil\u0103 s\u0103 asigure cadrul pentru protejarea p\u0103durilor virgine<a title=\"\" name=\"_ftnref9\" href=\"file:\/\/\/C:\/Users\/Irina%20Bandrabur\/Desktop\/p%C4%83duri%20virgine%20web%20gp.docx#_ftn9\">[9]<\/a>.<\/p>\n<p>Dar dac\u0103 legea-i dreapt\u0103 \u0219i omu-i str\u00e2mb nu ajungem nic\u0103ieri. Dou\u0103 dintre p\u0103durile inventariate de Greenpeace Rom\u00e2nia \u00eempreun\u0103 cu voluntarii nu au fost nici acum incluse \u00een Catalog, iar acesta din urm\u0103 a devenit un fi\u0219ier excel incomplet \u0219i abandonat pe un web-site dezafectat al fostului Minister al Mediului, Apelor \u0219i P\u0103durilor<a title=\"\" name=\"_ftnref10\" href=\"file:\/\/\/C:\/Users\/Irina%20Bandrabur\/Desktop\/p%C4%83duri%20virgine%20web%20gp.docx#_ftn10\">[10]<\/a>. S-au inclus acolo c\u00e2teva p\u0103duri care erau oricum protejate \u0219i s-a f\u0103cut uitat\u0103 treaba.<\/p>\n<p><strong>A\u0219adar ce r\u0103m\u00e2ne de f\u0103cut?<\/strong><\/p>\n<p>F\u0103r\u0103 s\u0103 lungim travaliul inutil, ajun\u0219i fiind \u00een actualitate, \u0219i f\u0103r\u0103 s\u0103 mai d\u0103m curs ironiei amare miz\u00e2nd dezangajat pe rezisten\u021ba prin umor, spunem ap\u0103sat c\u0103 mai sunt de f\u0103cut 4 pa\u0219i. F\u0103r\u0103 ace\u0219tia este imposibil\u0103 salvarea ultimelor p\u0103duri virgine din zona temperat\u0103 a Europei. Cine va purta vina acestei pierderi, cine va r\u0103spunde? Dar dincolo de asta, ne-am putea ierta vreodat\u0103 lipsa de responsabilitate? Ne-am putea privi, senini, mo\u0219tenirea?<\/p>\n<ol>\n<li>Este nevoie de impunerea \u00een teren a moratoriului pe orice fel de interven\u021bie \u00een aceste p\u0103duri, indiferent de proprietar. Ordinul care instituie <em>Catalogul<\/em> prevede principiul precau\u021biei, adic\u0103 un moratoriu \u00een 4 pa\u0219i care s\u0103 protejeze de t\u0103iere p\u0103durile virgine \u0219i cele poten\u021bial virgine. De asemenea legea contraven\u021biilor silvice trebuie s\u0103 prevad\u0103 pedepse pentru distrugerea p\u0103durilor virgine. Deasupra tuturor este imperativ ca proprietarii, administratorii, fie ei priva\u021bi sau Romsilva, s\u0103 respecte aceste prevederi legale, ca Garda Forestier\u0103 s\u0103 verifice aplicarea lor \u0219i ca Ministerul Apelor \u0219i P\u0103durilor s\u0103 monitorizeze \u00eentregul proces.<\/li>\n<\/ol>\n<ol>\n<li>Este nevoie s\u0103 fie introduse de urgen\u021b\u0103 \u00een <em>Catalog<\/em> toate p\u0103durile nominalizate pentru includerea \u00een lista patrimoniului mondial UNESCO. Cu at\u00e2t mai mult cu c\u00e2t acestea au fost deja documentate, dar \u0219i pentru c\u0103 soarta dosarului de includere este incert\u0103.<\/li>\n<\/ol>\n<ol>\n<li>Este nevoie ca Ministerul Apelor \u0219i P\u0103durilor s\u0103 ini\u021bieze de urgen\u021b\u0103 \u0219i s\u0103 coordoneze un proiect na\u021bional de inventariere a tuturor p\u0103durilor virgine \u0219i cvasivirgine care ne-au mai r\u0103mas pentru includerea \u00een <em>Catalog<\/em>.<\/li>\n<\/ol>\n<ol>\n<li>Este nevoie ca to\u021bi proprietarii priva\u021bi de p\u0103duri virgine \u0219i cvasivirgine, indiferent de suprafa\u021b\u0103, s\u0103 primeasc\u0103 compensa\u021bii juste pentru a fi cointeresa\u021bi \u00een salvarea acestora \u0219i pentru a li se r\u0103scump\u0103ra pierderea de venituri ca urmare a interdic\u021biei de a le t\u0103ia. Poate fi de bun sim\u021b ca, mai t\u00e2rziu s\u0103 se discute inclusiv de oportunitatea ca toate p\u0103durile incluse \u00een Catalog s\u0103 fie de\u021binute de stat, adic\u0103 s\u0103 fie \u0219i juridic un bun al \u00eentregii societ\u0103\u021bi, o proprietate public\u0103.<\/li>\n<\/ol>\n<p>Al\u0103tur\u0103-te Greenpeace Rom\u00e2nia \u0219i celorlalte ONG-uri de mediu \u0219i <a href=\"https:\/\/act.greenpeace.org\/ea-action\/action?ea.client.id=1850&amp;ea.campaign.id=53806\">semneaz\u0103 peti\u021bia<\/a> pentru salvarea ultimelor p\u0103duri virgine ale Europei.<\/p>\n<p><strong>Bonus: <\/strong><\/p>\n<p>Prin 2007 Slovacia \u0219i Ucraina s-au g\u00e2ndit c\u0103, de vreme ce p\u0103durile de fag sunt emblematice pentru Europa care le-a fost cas\u0103 predilect\u0103 dup\u0103 ultima glacia\u021biune, ce-ar fi s\u0103 conving\u0103 UNESCO s\u0103 le recunoasc\u0103 oficial valoarea. Efortului lor \u00eencununat de suces li s-a al\u0103turat \u00een 2011 Germania. Alte \u021b\u0103ri au \u00een\u021beles miza \u0219i au format un grup de ini\u021biativ\u0103 condus de Austria. Rom\u00e2niei, care de\u021bine cea mai mare \u00eentindere de p\u0103duri de fag, cam 2 mil. de hectare, i s-a propus s\u0103 participe. Nimeni dintre oficialit\u0103\u021bile statului nu a r\u0103spuns. Greenpeace \u0219i-a asumat sarcina de a reprezenta Rom\u00e2nia, iar ulterior s-a al\u0103turat \u0219i WWF. Uite-a\u0219a se face c\u0103 prin finan\u021barea ini\u021bial\u0103 a ONG-urilor de mediu am propus \u0219i noi peste 20 000 de hectare pentru includerea \u00een lista patrimoniului mondial UNESCO<a title=\"\" name=\"_ftnref11\" href=\"file:\/\/\/C:\/Users\/Irina%20Bandrabur\/Desktop\/p%C4%83duri%20virgine%20web%20gp.docx#_ftn11\">[11]<\/a>.<\/p>\n<p>Procesul este de lung\u0103 durat\u0103 \u0219i autoritatea responsabil\u0103 nu-\u0219i asum\u0103 rolul cu consecven\u021b\u0103. Spre exemplu, \u00een perioada de tranzi\u021bie de la un Guvern la altul din debutul lui 2017, un moment critic pentru c\u0103 se derula evaluarea IUCN (Uniunea Interna\u021bional\u0103 pentru Conservarea Naturii),\u00a0 nu a existat niciun departament, niciun delegat din partea autorit\u0103\u021bilor rom\u00e2ne care s\u0103 fie responsabil de dosar, astfel c\u0103 expertul Iovu-Adrian Biri\u0219 a participat la lucr\u0103ri din banii proprii pentru a nu compromite candidatura!<\/p>\n<p>Din nefericire, dar ca un deznod\u0103m\u00e2nt previzibil la dramoleta dosarului UNESCO, IUCN a recomandat \u00een mai 2017 am\u00e2narea accept\u0103rii dosarului. Din nou, lipsa de viziune, de responsabilitate institu\u021bional\u0103, precum \u0219i caren\u021ba de responsabilitate \u00een administrarea p\u0103durilor Rom\u00e2niei, inclusiv a celor excep\u021bionale \u0219i de patrimoniu pentru noi to\u021bi \u0219i Europa, ne cost\u0103. Viitor, p\u0103zea, te anihil\u0103m!<\/p>\n<div><br clear=\"all\"><\/p>\n<hr align=\"left\" size=\"1\" width=\"33%\">\n<div id=\"ftn1\">\n<p><a title=\"\" name=\"_ftn1\" href=\"file:\/\/\/C:\/Users\/Irina%20Bandrabur\/Desktop\/p%C4%83duri%20virgine%20web%20gp.docx#_ftnref1\">[1]<\/a> http:\/\/roifn.ro\/site\/rezultate-ifn-1\/<\/p>\n<\/div>\n<div id=\"ftn2\">\n<p><a title=\"\" name=\"_ftn2\" href=\"file:\/\/\/C:\/Users\/Irina%20Bandrabur\/Desktop\/p%C4%83duri%20virgine%20web%20gp.docx#_ftnref2\">[2]<\/a> Victor Giurgiu, Considera\u0163ii asupra st\u0103rii p\u0103durilor Rom\u00e2niei \u2013 partea I: declinul suprafe\u0163ei p\u0103durilor \u015fi marginalizarea \u00eemp\u0103duririlor, Revista P\u0103durilor, nr. 2\/2010<\/p>\n<\/div>\n<div id=\"ftn3\">\n<p><a title=\"\" name=\"_ftn3\" href=\"file:\/\/\/C:\/Users\/Irina%20Bandrabur\/Desktop\/p%C4%83duri%20virgine%20web%20gp.docx#_ftnref3\">[3]<\/a> Inventarierea \u015fi strategia gestion\u0103rii durabile \u015fi protej\u0103rii p\u0103durilor virgine din Rom\u00e2nia &#8211;<\/p>\n<p>proiectul Pin-Matra\/2001\/018<\/p>\n<\/div>\n<div id=\"ftn4\">\n<p><a title=\"\" name=\"_ftn4\" href=\"file:\/\/\/C:\/Users\/Irina%20Bandrabur\/Desktop\/p%C4%83duri%20virgine%20web%20gp.docx#_ftnref4\">[4]<\/a>http:\/\/www.carpathianconvention.org\/tl_files\/carpathiancon\/Downloads\/01%20The%20Convention\/1.1.1.1_CarpathianConvention.pdf<\/p>\n<\/div>\n<div id=\"ftn5\">\n<p><a title=\"\" name=\"_ftn5\" href=\"file:\/\/\/C:\/Users\/Irina%20Bandrabur\/Desktop\/p%C4%83duri%20virgine%20web%20gp.docx#_ftnref5\">[5]<\/a> Ordin nr. 3397 din 10\/09\/2012 &#8211; Ordin privind stabilirea criteriilor \u015fi indicatorilor de identificare a p\u0103durilor virgine \u015fi cvasivirgine \u00een Rom\u00e2nia<\/p>\n<\/div>\n<div id=\"ftn6\">\n<p><a title=\"\" name=\"_ftn6\" href=\"file:\/\/\/C:\/Users\/Irina%20Bandrabur\/Desktop\/p%C4%83duri%20virgine%20web%20gp.docx#_ftnref6\">[6]<\/a> http:\/\/www.greenpeace.org\/romania\/ro\/campanii\/paduri\/Activitati\/forumul-padurilor-declaratie\/<\/p>\n<\/div>\n<div id=\"ftn7\">\n<p><a title=\"\" name=\"_ftn7\" href=\"file:\/\/\/C:\/Users\/Irina%20Bandrabur\/Desktop\/p%C4%83duri%20virgine%20web%20gp.docx#_ftnref7\">[7]<\/a> http:\/\/www.greenpeace.org\/romania\/ro\/campanii\/paduri\/Activitati\/catalog-national-paduri-virgine\/<\/p>\n<\/div>\n<div id=\"ftn8\">\n<p><a title=\"\" name=\"_ftn8\" href=\"file:\/\/\/C:\/Users\/Irina%20Bandrabur\/Desktop\/p%C4%83duri%20virgine%20web%20gp.docx#_ftnref8\">[8]<\/a> http:\/\/www.greenpeace.org\/romania\/ro\/campanii\/paduri\/tabara\/tabara-padurii-la-final\/<\/p>\n<\/div>\n<div id=\"ftn9\">\n<p><a title=\"\" name=\"_ftn9\" href=\"file:\/\/\/C:\/Users\/Irina%20Bandrabur\/Desktop\/p%C4%83duri%20virgine%20web%20gp.docx#_ftnref9\">[9]<\/a> http:\/\/lege5.ro\/Gratuit\/ge2dkojxgazq\/ordinul-nr-2525-2016-privind-constituirea-catalogului-national-al-padurilor-virgine-si-cvasivirgine-din-romania<\/p>\n<\/div>\n<div id=\"ftn10\">\n<p><a title=\"\" name=\"_ftn10\" href=\"file:\/\/\/C:\/Users\/Irina%20Bandrabur\/Desktop\/p%C4%83duri%20virgine%20web%20gp.docx#_ftnref10\">[10]<\/a> <a href=\"http:\/\/www.mmediu.ro\/articol\/prezentarea-catalogului-national-al-padurilor-virgine-si-cvasivirgine-din-romania\/2069\">http:\/\/www.mmediu.ro\/articol\/prezentarea-catalogului-national-al-padurilor-virgine-si-cvasivirgine-din-romania\/2069<\/a><\/p>\n<\/div>\n<div id=\"ftn11\">\n<p><a title=\"\" name=\"_ftn11\" href=\"file:\/\/\/C:\/Users\/Irina%20Bandrabur\/Desktop\/p%C4%83duri%20virgine%20web%20gp.docx#_ftnref11\">[11]<\/a> http:\/\/whc.unesco.org\/en\/tentativelists\/6023\/<\/p>\n<\/div>\n<\/div>\n<\/div>\n","protected":false},"excerpt":{"rendered":"<div>\n\t Natura este punctul forte, ea d\u0103 chipul m\u00e2ndriei noastre, de-aici \u00eencepem s\u0103 ne descriem oric\u0103rui curios. Natura, la noi, este pur\u0103, maiestuoas\u0103, spectaculoas\u0103 \u0219i ne\u00eembl\u00e2nzit\u0103.\n<\/div>\n","protected":false},"author":34,"featured_media":0,"comment_status":"closed","ping_status":"closed","sticky":false,"template":"","format":"standard","meta":{"ep_exclude_from_search":false,"p4_og_title":"","p4_og_description":"","p4_og_image":"","p4_og_image_id":"","p4_seo_canonical_url":"","p4_campaign_name":"","p4_local_project":"","p4_basket_name":"","p4_department":"","footnotes":""},"categories":[3],"tags":[26,19],"p4-page-type":[30],"class_list":["post-805","post","type-post","status-publish","format-standard","hentry","category-paduri","tag-activism","tag-biodiversitate","p4-page-type-articol"],"_links":{"self":[{"href":"https:\/\/www.greenpeace.org\/romania\/wp-json\/wp\/v2\/posts\/805","targetHints":{"allow":["GET"]}}],"collection":[{"href":"https:\/\/www.greenpeace.org\/romania\/wp-json\/wp\/v2\/posts"}],"about":[{"href":"https:\/\/www.greenpeace.org\/romania\/wp-json\/wp\/v2\/types\/post"}],"author":[{"embeddable":true,"href":"https:\/\/www.greenpeace.org\/romania\/wp-json\/wp\/v2\/users\/34"}],"replies":[{"embeddable":true,"href":"https:\/\/www.greenpeace.org\/romania\/wp-json\/wp\/v2\/comments?post=805"}],"version-history":[{"count":1,"href":"https:\/\/www.greenpeace.org\/romania\/wp-json\/wp\/v2\/posts\/805\/revisions"}],"predecessor-version":[{"id":806,"href":"https:\/\/www.greenpeace.org\/romania\/wp-json\/wp\/v2\/posts\/805\/revisions\/806"}],"wp:attachment":[{"href":"https:\/\/www.greenpeace.org\/romania\/wp-json\/wp\/v2\/media?parent=805"}],"wp:term":[{"taxonomy":"category","embeddable":true,"href":"https:\/\/www.greenpeace.org\/romania\/wp-json\/wp\/v2\/categories?post=805"},{"taxonomy":"post_tag","embeddable":true,"href":"https:\/\/www.greenpeace.org\/romania\/wp-json\/wp\/v2\/tags?post=805"},{"taxonomy":"p4-page-type","embeddable":true,"href":"https:\/\/www.greenpeace.org\/romania\/wp-json\/wp\/v2\/p4-page-type?post=805"}],"curies":[{"name":"wp","href":"https:\/\/api.w.org\/{rel}","templated":true}]}}