{"id":8075,"date":"2023-01-09T12:04:42","date_gmt":"2023-01-09T09:04:42","guid":{"rendered":"https:\/\/www.greenpeace.org\/romania\/?p=8075"},"modified":"2023-01-30T11:18:44","modified_gmt":"2023-01-30T08:18:44","slug":"studiu-aragazele-pe-gaz-metan-incalca-regulat-limitele-de-poluare-a-aerului","status":"publish","type":"post","link":"https:\/\/www.greenpeace.org\/romania\/articol\/8075\/studiu-aragazele-pe-gaz-metan-incalca-regulat-limitele-de-poluare-a-aerului\/","title":{"rendered":"<strong>Studiu: Aragazele pe gaz metan \u00eencalc\u0103 regulat limitele de poluare a aerului<\/strong>"},"content":{"rendered":"\n<p>Un raport al Organiza\u021biei pentru Cercet\u0103ri \u0218tiin\u021bifice Aplicate (<a href=\"http:\/\/www.tno.nl\/en\">TNO<\/a>) pentru grupul nonprofit pentru eficien\u021b\u0103 energetic\u0103 <a href=\"https:\/\/www.clasp.ngo\/\">CLASP<\/a> \u0219i Alian\u021ba European\u0103 pentru S\u0103n\u0103tate Public\u0103 (<a href=\"https:\/\/epha.org\/\">EPHA<\/a>) sugereaz\u0103 faptul c\u0103 g\u0103titul cu gaz metan \u00eentr-o buc\u0103t\u0103rie obi\u0219nuit\u0103, f\u0103r\u0103 un sistem de aerisire mecanic\u0103, conduce la poluarea locuin\u021bei cu dioxid de azot (NO<sub>2<\/sub>) care dep\u0103\u0219e\u0219te <a href=\"https:\/\/apps.who.int\/iris\/handle\/10665\/345329\">recomand\u0103rile<\/a> Organiza\u021biei Mondiale a S\u0103n\u0103t\u0103\u021bii legate de calitatea aerului \u0219i <a href=\"https:\/\/environment.ec.europa.eu\/topics\/air\/air-quality_en\">standardele<\/a> UE cu privire la poluarea aerului la exterior.<\/p>\n\n<p>Teste de laborator efectuate de TNO au ar\u0103tat c\u0103 aragazele pe baz\u0103 de gaz metan produc monoxid de carbon, particule \u00een suspensie \u0219i al\u021bi poluan\u021bi care pot avea efecte severe asupra s\u0103n\u0103t\u0103\u021bii, \u00een special asupra copiilor. \u00cen ultimele 12 luni, num\u0103rul copiilor din UE cu simptome de astm provocate de g\u0103titul cu gaz metan este estimat a fi de peste 700.000, sau 12% din totalul cazurilor de astm la copii din UE, potrivit raportului.<\/p>\n\n<p><strong>Alin T\u0103nase, coordonator de campanii Greenpeace Rom\u00e2nia, a declarat:<\/strong> <em>\u201eToate aragazele pe baz\u0103 de gaz metan elibereaz\u0103 substan\u021be poluante d\u0103un\u0103toare pentru s\u0103n\u0103tatea uman\u0103 \u0219i mediul \u00eenconjur\u0103tor. Pe langa dioxidul de carbon, un gaz cu efect de ser\u0103 eliberat \u00een urma arderii gazului metan care accelereaza criza climatic\u0103, g\u0103titul cu gaz metan duce \u0219i la poluarea interiorului locuin\u021bei cu dioxid de azot, monoxid de carbon, particule \u00een suspensie \u0219i metan nears care pot persista \u00een spa\u021biile \u00eenchise timp de ore dup\u0103 utilizarea aragazului.\u201d<\/em><\/p>\n\n<p><br>TNO a efectuat o simulare a g\u0103titului mesei cu gaz metan pe o perioad\u0103 de o s\u0103pt\u0103m\u00e2n\u0103 folosind tehnici de g\u0103tit obi\u0219nuite \u00een condi\u021bii de buc\u0103t\u0103rie obi\u0219nuit\u0103, f\u0103r\u0103 aerisire din exterior. \u00cen toate simul\u0103rile \u00een care nu a fost utilizat\u0103 aerisirea mecanic\u0103, valoarea limit\u0103 orar\u0103 UE de 200 \u00b5g\/m3 NO2 \u00een aer exterior a fost dep\u0103\u0219it\u0103 \u00een interior peste limita permis\u0103 de 18 ore pe an. Dimensiunea buc\u0103t\u0103riei influen\u021beaz\u0103 aceste valori, iar aerisirea reduce poluarea, \u00eens\u0103 sistemele de aerisire mecanic\u0103 sunt adeseori ineficiente, insuficiente sau prea pu\u021bin utilizate, se men\u021bioneaz\u0103 \u00een raport.<\/p>\n\n<p><strong>Temeri privind criza energetic\u0103 din iarn\u0103 care ar putea \u00eenr\u0103ut\u0103\u021bi problemele legate de poluare \u00een interiorul locuin\u021bei<\/strong><\/p>\n\n<p>Mai mult de 100 milioane de cet\u0103\u021beni ai UE g\u0103tesc cu aragaze pe baza de gaz metan, incluz\u00e2nd mai mult de jum\u0103tate din gospod\u0103riile din Italia, Fran\u021ba, Spania, Olanda, Rom\u00e2nia \u0219i Ungaria. Organiza\u021biile pentru s\u0103n\u0103tate se tem c\u0103 situa\u021bia ar putea deveni extrem de grav\u0103 din cauza crizei energetice din aceast\u0103 iarn\u0103, deoarece oamenii reduc aerisirea pentru a face economie la c\u0103ldur\u0103 \u0219i la bani.<\/p>\n\n<p><strong>CEO-ul CLASP, Christine Egan, a declarat: <\/strong><em><em>\u201e<\/em>Oamenii petrec majoritatea timpului la interior. Calitatea aerului \u00een spa\u021bii \u00eenchise poate avea un impact major asupra s\u0103n\u0103t\u0103\u021bii \u0219i st\u0103rii noastre de bine. Pu\u021bine persoane sunt con\u0219tiente de riscurile utiliz\u0103rii aragazelor pe gaz metan \u2013 \u00een timpul ce g\u0103tim, putem fi expu\u0219i la tot at\u00e2t de mul\u021bi poluan\u021bi ca \u0219i \u00een cazul fumatului pasiv. Aparatele de g\u0103tit pe baz\u0103 de gaz metan ar trebui s\u0103 fie comercializate \u00eempreun\u0103 cu etichete de con\u0219tientizare despre riscurile asupra s\u0103n\u0103t\u0103\u021bii, cum este cazul pachetelor de \u021big\u0103ri. Oficialii UE au obliga\u021bia de a lua \u00een considerare aceste riscuri asupra s\u0103n\u0103t\u0103\u021bii.\u201d<br><\/em><\/p>\n\n<p>Asocia\u021bia Medical\u0103 American\u0103 a <a href=\"https:\/\/www.ama-assn.org\/system\/files\/a22-refcmte-d-report-annotated.pdf\">subliniat<\/a> recent c\u0103 aragazele care folosesc gaz metan sporesc poluarea aerului \u00een gospod\u0103rie precum \u0219i riscul de astm \u0219i severitatea acestuia la copii,. <a href=\"https:\/\/www.researchgate.net\/publication\/24361383_Association_of_Early-life_Exposure_to_Household_Gas_Appliances_and_Indoor_Nitrogen_Dioxide_With_Cognition_and_Attention_Behavior_in_Preschoolers\">Cercet\u0103ri<\/a> anterioare au f\u0103cut leg\u0103tura \u00eentre utilizarea gazului metan \u0219i tulburarea de hiperactivitate \u0219i deficit de aten\u021bie (ADHD) la copiii de v\u00e2rst\u0103 mic\u0103. Un <a href=\"https:\/\/pubmed.ncbi.nlm.nih.gov\/31797459\/\">studiu<\/a> recent sugereaz\u0103 faptul c\u0103 g\u0103titul cu gaz metan \u00een timpul sarcinii poate avea ca rezultat hiperactivitatea la copiii mici. S-a dovedit c\u0103 poluarea de la aragazele pe baz\u0103 de gaz metan are un impact negativ \u0219i asupra sistemului respirator \u0219i nervos al adul\u021bilor.<\/p>\n\n<p><strong>Directorul general al<\/strong> <strong>EPHA, Dr. Milka Sokolovi\u0107, a afirmat: <\/strong><em><em>\u201e<\/em>Avem temeri legate de poluarea aerului care ar putea fi extrem de serioas\u0103 \u00een aceast\u0103 iarn\u0103 \u00een gospod\u0103riile care utilizeaz\u0103 aparate de g\u0103tit cu gaz metan, deoarece persoanele reduc aerisirea \u0219i evit\u0103 deschiderea geamurilor pentru a economisi bani \u0219i c\u0103ldur\u0103 \u00een timpul crizei energetice. Din cauza aerisirii insuficiente, este din ce \u00een ce mai important s\u0103 identific\u0103m sursele de poluare la interior, precum aragazele pe gaz metan. Copiii \u0219i persoanele cu afec\u021biuni respiratorii preexistente prezint\u0103 risc maxim \u00een ceea ce prive\u0219te impactul negativ asupra s\u0103n\u0103t\u0103\u021bii. Av\u00e2nd \u00een vedere toate daunele asupra s\u0103n\u0103t\u0103\u021bii \u0219i mediului \u00eenconjur\u0103tor ca urmare a arderii combustibililor fosili \u00een casele noastre, guvernele au responsabilitatea de a stabili structuri care s\u0103 sus\u021bin\u0103 \u00eenlocuirea consumului de gaz \u0219i s\u0103 ne orienteze c\u0103tre g\u0103titul electric nepoluant. Actuala revizuire a reglement\u0103rilor cu privire la aparatele pentru g\u0103tit ofer\u0103 UE oportunitatea de a demonstra c\u0103 respect\u0103 scopul \u0219i viziunea ini\u021biativei Zero Poluare.\u201d<\/em><\/p>\n\n<p>Oficialii UE sunt obliga\u021bi prin <a href=\"https:\/\/eur-lex.europa.eu\/LexUriServ\/LexUriServ.do?uri=CELEX:12012E\/TXT:en:PDF#page=86\">Tratatul de Func\u0163ionare a Uniunii Europene<\/a> s\u0103 ia \u00een considerare aspectele legate de s\u0103n\u0103tate atunci c\u00e2nd stabilesc reglement\u0103ri, fapt <a href=\"https:\/\/www.clientearth.org\/projects\/access-to-justice-for-a-greener-europe\/updates\/court-of-justice-of-the-eu-backs-brussels-citizens-right-to-clean-air\/\">confirmat<\/a> recent de c\u0103tre Curtea European\u0103 de Justi\u021bie. \u00cens\u0103 <a href=\"https:\/\/ec.europa.eu\/info\/energy-climate-change-environment\/standards-tools-and-labels\/products-labelling-rules-and-requirements\/energy-label-and-ecodesign\/energy-efficient-products\/cooking-appliances_en\">standardele<\/a> actuale cu privire la g\u0103titul \u00een gospod\u0103rii nu fac acest lucru, au afirmat CLASP \u0219i EPHA. Aparatele de g\u0103tit cu gaz metan ar trebui s\u0103 fie eliminate prin reglement\u0103rile Ecodesign, au afirmat grupurile.<br>Raportul este disponibil <a href=\"https:\/\/drive.google.com\/file\/d\/19pEfQZD6tKO4tIXpUjYD9f95ysxzmckk\/view?usp=sharing\">aici<\/a>.<\/p>\n","protected":false},"excerpt":{"rendered":"<p>Teste de laborator efectuate de TNO au ar\u0103tat c\u0103 aragazele pe baz\u0103 de gaz metan produc monoxid de carbon, particule \u00een suspensie \u0219i al\u021bi poluan\u021bi care pot avea efecte severe asupra s\u0103n\u0103t\u0103\u021bii.<\/p>\n","protected":false},"author":34,"featured_media":8076,"comment_status":"open","ping_status":"closed","sticky":false,"template":"","format":"standard","meta":{"ep_exclude_from_search":false,"p4_og_title":"","p4_og_description":"","p4_og_image":"","p4_og_image_id":"","p4_seo_canonical_url":"","p4_campaign_name":"not set","p4_local_project":"not set","p4_basket_name":"not set","p4_department":"","footnotes":""},"categories":[2,31],"tags":[102,68,97,117],"p4-page-type":[],"class_list":["post-8075","post","type-post","status-publish","format-standard","has-post-thumbnail","hentry","category-clima-si-energie","category-greenpeace","tag-gaz-fosil-2","tag-energie","tag-schimbari-climatice","tag-clima-1"],"_links":{"self":[{"href":"https:\/\/www.greenpeace.org\/romania\/wp-json\/wp\/v2\/posts\/8075","targetHints":{"allow":["GET"]}}],"collection":[{"href":"https:\/\/www.greenpeace.org\/romania\/wp-json\/wp\/v2\/posts"}],"about":[{"href":"https:\/\/www.greenpeace.org\/romania\/wp-json\/wp\/v2\/types\/post"}],"author":[{"embeddable":true,"href":"https:\/\/www.greenpeace.org\/romania\/wp-json\/wp\/v2\/users\/34"}],"replies":[{"embeddable":true,"href":"https:\/\/www.greenpeace.org\/romania\/wp-json\/wp\/v2\/comments?post=8075"}],"version-history":[{"count":3,"href":"https:\/\/www.greenpeace.org\/romania\/wp-json\/wp\/v2\/posts\/8075\/revisions"}],"predecessor-version":[{"id":8301,"href":"https:\/\/www.greenpeace.org\/romania\/wp-json\/wp\/v2\/posts\/8075\/revisions\/8301"}],"wp:featuredmedia":[{"embeddable":true,"href":"https:\/\/www.greenpeace.org\/romania\/wp-json\/wp\/v2\/media\/8076"}],"wp:attachment":[{"href":"https:\/\/www.greenpeace.org\/romania\/wp-json\/wp\/v2\/media?parent=8075"}],"wp:term":[{"taxonomy":"category","embeddable":true,"href":"https:\/\/www.greenpeace.org\/romania\/wp-json\/wp\/v2\/categories?post=8075"},{"taxonomy":"post_tag","embeddable":true,"href":"https:\/\/www.greenpeace.org\/romania\/wp-json\/wp\/v2\/tags?post=8075"},{"taxonomy":"p4-page-type","embeddable":true,"href":"https:\/\/www.greenpeace.org\/romania\/wp-json\/wp\/v2\/p4-page-type?post=8075"}],"curies":[{"name":"wp","href":"https:\/\/api.w.org\/{rel}","templated":true}]}}