{"id":810,"date":"2017-04-28T00:00:00","date_gmt":"2017-04-27T21:00:00","guid":{"rendered":"https:\/\/master.k8s.p4.greenpeace.org\/romania\/articol\/810\/o-victorie-pentru-aerul-curat-in-europa-in-ciuda-opozitiei-germaniei-si-a-celorlalte-tari-blocate-in-era-carbunelui\/"},"modified":"2019-11-06T12:04:25","modified_gmt":"2019-11-06T09:04:25","slug":"o-victorie-pentru-aerul-curat-in-europa-in-ciuda-opozitiei-germaniei-si-a-celorlalte-tari-blocate-in-era-carbunelui","status":"publish","type":"post","link":"https:\/\/www.greenpeace.org\/romania\/comunicat-presa\/810\/o-victorie-pentru-aerul-curat-in-europa-in-ciuda-opozitiei-germaniei-si-a-celorlalte-tari-blocate-in-era-carbunelui\/","title":{"rendered":"O victorie pentru aerul curat \u00een Europa, \u00een ciuda opozi\u021biei Germaniei \u0219i a celorlalte \u021b\u0103ri blocate \u00een era c\u0103rbunelui"},"content":{"rendered":"<div class=\"leader\" style=\"font-weight: bold; margin-bottom: 12px;\">Uniunea European\u0103 a aprobat ast\u0103zi, \u00een urma unui vot foarte str\u00e2ns, noi limite de poluare, ce ar putea reduce emisiile toxice ale termocentralelor europene.<\/div>\n<div>\n<p><strong>Conform noilor limite, reducerea emisiilor de la termocentralele pe c\u0103rbune ar putea salva anual peste 20 000 de vie\u021bi, pe \u00eentregul continent. Rezultatul votului a fost unul favorabil, \u00een ciuda opozi\u021biei f\u0103r\u0103 precedent din partea Germaniei \u0219i a celorlalte \u021b\u0103ri ce folosesc c\u0103rbune, inclusiv Rom\u00e2nia.<\/strong><strong> [1]<\/strong><\/p>\n<p>\u00cen lumina votului de ast\u0103zi, unul dintre negociatorii pe acest subiect, Christian Schaible, policy manager EEB (Biroul European de Mediu), declar\u0103: \u201e<strong><em>Este finalmente o veste bun\u0103 \u00een direc\u021bia reducerii polu\u0103rii. Exist\u0103 tehnici testate \u0219i confirmate pentru filtrarea \u0219i reducerea emisiilor nocive, \u00eens\u0103 decizia pentru punerea lor \u00een aplicare este de multe ori l\u0103sat\u0103 la latitudinea operatorilor de termocentrale, ce aleg solu\u021bia cea mai ieftin\u0103. Decizia de ast\u0103zi ne va asigura c\u0103 termocentralele cele mai poluatoare fie investesc \u00een reducerea emisiilor, fie vor fi \u00eenchise.<\/em><\/strong>\u201d<\/p>\n<p>\u00cen urma votului de ast\u0103zi, Statele Membre sunt obligate s\u0103 impun\u0103 limite mai stricte \u00een privin\u021ba poluan\u021bilor la 2900 de grupuri energetice apar\u021bin\u00e2nd termocentralelor din UE. Perioada de conformare la noile limite va expira \u00een anul 2021, iar substan\u021bele vizate sunt oxizii de azot, oxizii de sulf, pulberile \u00een suspensie \u0219i, \u00een premier\u0103, au fost introduse limite pentru mercur [2].<\/p>\n<p>Limitele vor viza at\u00e2t termocentralele pe c\u0103rbune, c\u00e2t \u0219i pe cele ce folosesc gaz, p\u0103cur\u0103 \u0219i al\u021bi combustibili fosili, inclusiv platformele petroliere marine.<\/p>\n<p>Peste 125.000 de europeni au semnat o peti\u021bie prin care cereau mini\u0219trilor de s\u0103n\u0103tate \u0219i de mediu s\u0103 ia m\u0103suri pentru reducerea emisiilor. Peti\u021bia a fost depus\u0103 la Bruxelles \u00een aceast\u0103 diminea\u021b\u0103 [3].<\/p>\n<p><span style=\"text-decoration: underline;\">Referin\u021be:<\/span><\/p>\n<p>[1] Raportul \u2018<a href=\"http:\/\/www.eeb.org\/index.cfm\/news-events\/news\/lifting-europe-s-dark-cloud-how-cutting-coal-saves-lives\/\" target=\"_blank\" rel=\"noopener noreferrer\">Lifting Europe\u2019s Dark Cloud: How cutting coal saves lives<\/a>\u2018 despre impactul pozitiv al noilor limite asupra celor 257 de termocentrale din UE.<\/p>\n<p>[2]\u00a0<a href=\"https:\/\/docs.google.com\/document\/d\/1cZW_UXBAodf0QSP9ovkg_V2Z852IHGNm5qGOplPXe6c\/edit?usp=sharing\" target=\"_blank\" rel=\"noopener noreferrer\">LCP BREF Q&amp;A<\/a>.<\/p>\n<p>[3] Peti\u021bia \u2018<a href=\"https:\/\/act.wemove.eu\/campaigns\/clean-up-air-pollution\" target=\"_blank\" rel=\"noopener noreferrer\">Clean up Europe\u2019s toxic air<\/a>\u2018<\/p>\n<\/div>\n","protected":false},"excerpt":{"rendered":"<p>Uniunea European\u0103 a aprobat ast\u0103zi, \u00een urma unui vot foarte str\u00e2ns, noi limite de poluare, ce ar putea reduce emisiile toxice ale termocentralelor europene. <\/p>\n","protected":false},"author":34,"featured_media":1303,"comment_status":"closed","ping_status":"closed","sticky":false,"template":"","format":"standard","meta":{"ep_exclude_from_search":false,"p4_og_title":"","p4_og_description":"","p4_og_image":"","p4_og_image_id":"","p4_seo_canonical_url":"","p4_campaign_name":"","p4_local_project":"","p4_basket_name":"","p4_department":"","footnotes":""},"categories":[2],"tags":[],"p4-page-type":[29],"class_list":["post-810","post","type-post","status-publish","format-standard","has-post-thumbnail","hentry","category-clima-si-energie","p4-page-type-comunicat-presa"],"_links":{"self":[{"href":"https:\/\/www.greenpeace.org\/romania\/wp-json\/wp\/v2\/posts\/810","targetHints":{"allow":["GET"]}}],"collection":[{"href":"https:\/\/www.greenpeace.org\/romania\/wp-json\/wp\/v2\/posts"}],"about":[{"href":"https:\/\/www.greenpeace.org\/romania\/wp-json\/wp\/v2\/types\/post"}],"author":[{"embeddable":true,"href":"https:\/\/www.greenpeace.org\/romania\/wp-json\/wp\/v2\/users\/34"}],"replies":[{"embeddable":true,"href":"https:\/\/www.greenpeace.org\/romania\/wp-json\/wp\/v2\/comments?post=810"}],"version-history":[{"count":3,"href":"https:\/\/www.greenpeace.org\/romania\/wp-json\/wp\/v2\/posts\/810\/revisions"}],"predecessor-version":[{"id":1422,"href":"https:\/\/www.greenpeace.org\/romania\/wp-json\/wp\/v2\/posts\/810\/revisions\/1422"}],"wp:featuredmedia":[{"embeddable":true,"href":"https:\/\/www.greenpeace.org\/romania\/wp-json\/wp\/v2\/media\/1303"}],"wp:attachment":[{"href":"https:\/\/www.greenpeace.org\/romania\/wp-json\/wp\/v2\/media?parent=810"}],"wp:term":[{"taxonomy":"category","embeddable":true,"href":"https:\/\/www.greenpeace.org\/romania\/wp-json\/wp\/v2\/categories?post=810"},{"taxonomy":"post_tag","embeddable":true,"href":"https:\/\/www.greenpeace.org\/romania\/wp-json\/wp\/v2\/tags?post=810"},{"taxonomy":"p4-page-type","embeddable":true,"href":"https:\/\/www.greenpeace.org\/romania\/wp-json\/wp\/v2\/p4-page-type?post=810"}],"curies":[{"name":"wp","href":"https:\/\/api.w.org\/{rel}","templated":true}]}}