{"id":835,"date":"2016-01-22T00:00:00","date_gmt":"2016-01-21T21:00:00","guid":{"rendered":"https:\/\/master.k8s.p4.greenpeace.org\/romania\/articol\/835\/perspective-globale-pentru-energie-durabila-2015\/"},"modified":"2019-11-06T12:04:30","modified_gmt":"2019-11-06T09:04:30","slug":"perspective-globale-pentru-energie-durabila-2015","status":"publish","type":"post","link":"https:\/\/www.greenpeace.org\/romania\/raport\/835\/perspective-globale-pentru-energie-durabila-2015\/","title":{"rendered":"Perspective globale pentru energie durabil\u0103 2015"},"content":{"rendered":"<div class=\"leader\" style=\"font-weight: bold; margin-bottom: 12px;\">Acesta este anul \u00een care lupta \u00eempotriva schimb\u0103rilor climatice ar putea lua o \u00eentors\u0103tur\u0103 dramatic\u0103.<\/div>\n<div>\n<p>Conferin\u021ba de la Paris, din decembrie 2015, ofer\u0103 liderilor politici \u0219i de afaceri oportunitatea de a \u0219lua deciziile critice necesare dac\u0103 vrem s\u0103 p\u0103str\u0103m cre\u0219terea temperaturii medii la cel mult 1,5 sau 2 grade C.<\/p>\n<div class=\"issuuembed\" style=\"width: 525px; height: 371px;\" data-configid=\"6192533\/32953475\"><\/div>\n<p><script type=\"text\/javascript\" src=\"https:\/\/e.issuu.com\/embed.js\" async=\"true\"><\/script><\/p>\n<p><script type=\"text\/javascript\" src=\"https:\/\/e.issuu.com\/embed.js\"><\/script><\/p>\n<\/div>\n","protected":false},"excerpt":{"rendered":"<p>Acesta este anul \u00een care lupta \u00eempotriva schimb\u0103rilor climatice ar putea lua o \u00eentors\u0103tur\u0103 dramatic\u0103.<\/p>\n","protected":false},"author":34,"featured_media":606,"comment_status":"closed","ping_status":"closed","sticky":false,"template":"","format":"standard","meta":{"ep_exclude_from_search":false,"p4_og_title":"","p4_og_description":"","p4_og_image":"","p4_og_image_id":"","p4_seo_canonical_url":"","p4_campaign_name":"","p4_local_project":"","p4_basket_name":"","p4_department":"","footnotes":""},"categories":[2],"tags":[7,18],"p4-page-type":[28],"class_list":["post-835","post","type-post","status-publish","format-standard","has-post-thumbnail","hentry","category-clima-si-energie","tag-energie-regenerabila","tag-carbune","p4-page-type-raport"],"_links":{"self":[{"href":"https:\/\/www.greenpeace.org\/romania\/wp-json\/wp\/v2\/posts\/835","targetHints":{"allow":["GET"]}}],"collection":[{"href":"https:\/\/www.greenpeace.org\/romania\/wp-json\/wp\/v2\/posts"}],"about":[{"href":"https:\/\/www.greenpeace.org\/romania\/wp-json\/wp\/v2\/types\/post"}],"author":[{"embeddable":true,"href":"https:\/\/www.greenpeace.org\/romania\/wp-json\/wp\/v2\/users\/34"}],"replies":[{"embeddable":true,"href":"https:\/\/www.greenpeace.org\/romania\/wp-json\/wp\/v2\/comments?post=835"}],"version-history":[{"count":3,"href":"https:\/\/www.greenpeace.org\/romania\/wp-json\/wp\/v2\/posts\/835\/revisions"}],"predecessor-version":[{"id":1478,"href":"https:\/\/www.greenpeace.org\/romania\/wp-json\/wp\/v2\/posts\/835\/revisions\/1478"}],"wp:featuredmedia":[{"embeddable":true,"href":"https:\/\/www.greenpeace.org\/romania\/wp-json\/wp\/v2\/media\/606"}],"wp:attachment":[{"href":"https:\/\/www.greenpeace.org\/romania\/wp-json\/wp\/v2\/media?parent=835"}],"wp:term":[{"taxonomy":"category","embeddable":true,"href":"https:\/\/www.greenpeace.org\/romania\/wp-json\/wp\/v2\/categories?post=835"},{"taxonomy":"post_tag","embeddable":true,"href":"https:\/\/www.greenpeace.org\/romania\/wp-json\/wp\/v2\/tags?post=835"},{"taxonomy":"p4-page-type","embeddable":true,"href":"https:\/\/www.greenpeace.org\/romania\/wp-json\/wp\/v2\/p4-page-type?post=835"}],"curies":[{"name":"wp","href":"https:\/\/api.w.org\/{rel}","templated":true}]}}