{"id":8394,"date":"2023-02-01T11:57:00","date_gmt":"2023-02-01T08:57:00","guid":{"rendered":"https:\/\/www.greenpeace.org\/romania\/?p=8394"},"modified":"2023-02-15T12:08:48","modified_gmt":"2023-02-15T09:08:48","slug":"ajuta-ne-sa-ne-pastram-independenta","status":"publish","type":"post","link":"https:\/\/www.greenpeace.org\/romania\/articol\/8394\/ajuta-ne-sa-ne-pastram-independenta\/","title":{"rendered":"<strong>Ajut\u0103-ne s\u0103 ne p\u0103str\u0103m independen\u021ba<\/strong>"},"content":{"rendered":"\n<p>Nu ne putem proteja planeta pe termen lung cu toate activit\u0103\u021bile care implic\u0103 asta dac\u0103 suntem dependen\u021bi de dona\u021bii unice. E prea pu\u021bin. Pentru a planifica campanii eficiente prin care schimb\u0103m sisteme avem nevoie de o baz\u0103 solid\u0103 \u0219i de \u00eencredere de dona\u021bii lunare permanente. Este acel tip de sprijin care ne men\u021bine independen\u021ba \u0219i ne permite s\u0103 fim strategici \u00een ac\u021biunile noastre.<\/p>\n\n<p>Februarie este o lun\u0103 extrem de important\u0103 pentru noi. Este momentul \u00een care ne planific\u0103m campaniile pentru anul \u00een curs. Dar planificarea este dificil\u0103 atunci c\u00e2nd resursele financiare sunt nesigure. <strong>De aceea, luna aceasta, ne-am propus s\u0103 aducem la bordul Greenpeace 42 noi donatori lunari. Nu este un num\u0103r pe care l-am ales \u00eent\u00e2mpl\u0103tor, ci un num\u0103r care credem c\u0103 ne va oferi stabilitatea de care avem nevoie pentru a continua campaniile pe care le avem \u00een curs.<\/strong><\/p>\n\n<figure class=\"wp-block-image size-full\"><img loading=\"lazy\" decoding=\"async\" width=\"800\" height=\"533\" src=\"https:\/\/www.greenpeace.org\/static\/planet4-romania-stateless\/2023\/02\/0aff0427-gp1svdes_web_size.jpg\" alt=\"\" class=\"wp-image-8396\" srcset=\"https:\/\/www.greenpeace.org\/static\/planet4-romania-stateless\/2023\/02\/0aff0427-gp1svdes_web_size.jpg 800w, https:\/\/www.greenpeace.org\/static\/planet4-romania-stateless\/2023\/02\/0aff0427-gp1svdes_web_size-300x200.jpg 300w, https:\/\/www.greenpeace.org\/static\/planet4-romania-stateless\/2023\/02\/0aff0427-gp1svdes_web_size-768x512.jpg 768w, https:\/\/www.greenpeace.org\/static\/planet4-romania-stateless\/2023\/02\/0aff0427-gp1svdes_web_size-510x340.jpg 510w\" sizes=\"auto, (max-width: 800px) 100vw, 800px\" \/><\/figure>\n\n<div class=\"wp-block-buttons is-layout-flex wp-block-buttons-is-layout-flex\">\n<div class=\"wp-block-button aligncenter\"><a class=\"wp-block-button__link has-green-500-background-color has-background wp-element-button\" href=\"https:\/\/cee.donate.greenpeace.org\/ro\/campaigns\" target=\"_blank\" rel=\"noreferrer noopener\">SUS\u021aINE-NE CU O DONA\u021aIE LUNAR\u0102<\/a><\/div>\n<\/div>\n\n<p>\u0218tim c\u0103 nu-i u\u0219or, \u00eens\u0103 e o miz\u0103 extrem de important\u0103 pentru planeta noastr\u0103. Schimb\u0103rile climatice se afl\u0103 \u00eentr-un punct de cotitur\u0103 periculos. Nu mai t\u00e2rziu de s\u0103pt\u0103m\u00e2na trecut\u0103 am dep\u0103\u0219it recordurile de temperaturi pentru luna ianuarie (din istoria m\u0103sur\u0103torilor meteorologice dela noi din \u021bar\u0103), cu 22,4 grade. Popula\u021biile de animale s\u0103lbatice \u2013 precum emblematicul r\u00e2s\u2013 sunt \u00een sc\u0103dere rapid\u0103. Oceanele noastre se sufoc\u0103 cu cantit\u0103\u021bi tot mai mari de de\u0219euri de plastic. P\u0103durile noastre sunt distruse. Greenpeace abordeaz\u0103 direct aceste crize \u00een \u00eentreaga lume.<\/p>\n\n<figure class=\"wp-block-image size-full\"><img loading=\"lazy\" decoding=\"async\" width=\"800\" height=\"533\" src=\"https:\/\/www.greenpeace.org\/static\/planet4-romania-stateless\/2023\/02\/83b8a604-gp0stugh0_web_size.jpg\" alt=\"\" class=\"wp-image-8395\" srcset=\"https:\/\/www.greenpeace.org\/static\/planet4-romania-stateless\/2023\/02\/83b8a604-gp0stugh0_web_size.jpg 800w, https:\/\/www.greenpeace.org\/static\/planet4-romania-stateless\/2023\/02\/83b8a604-gp0stugh0_web_size-300x200.jpg 300w, https:\/\/www.greenpeace.org\/static\/planet4-romania-stateless\/2023\/02\/83b8a604-gp0stugh0_web_size-768x512.jpg 768w, https:\/\/www.greenpeace.org\/static\/planet4-romania-stateless\/2023\/02\/83b8a604-gp0stugh0_web_size-510x340.jpg 510w\" sizes=\"auto, (max-width: 800px) 100vw, 800px\" \/><\/figure>\n\n<p><strong>Pentru costul unei cafele pe s\u0103pt\u0103m\u00e2n\u0103, po\u021bi face parte dintr-o mi\u0219care global\u0103 care ac\u021bioneaz\u0103 pentru a opri schimb\u0103rile climatice, a proteja p\u0103durile \u0219i a ap\u0103ra specii \u0219i ecosisteme nepre\u021buite, dar pe cale de dispari\u021bie. Sper c\u0103 te vei g\u00e2ndi s\u0103 te al\u0103turi acestei mi\u0219c\u0103ri globale pentru a ne proteja planeta devenind un sus\u021bin\u0103tor lunar Greenpeace pentru doar 60 LEI pe lun\u0103.<\/strong><\/p>\n\n<p>Greenpeace o organiza\u021bie unic\u0103 pentru c\u0103 nu accept\u0103 finan\u021b\u0103ri de la corpora\u021bii sau guverne. Exist\u0103 pu\u021bine ONG-uri precum Greenpeace care pot vorbi liber \u0219i s\u0103 abordeze cu adev\u0103rat cauzele principale ale problemelor globale de mediu.<\/p>\n\n<p>Puterea unei mi\u0219c\u0103ri independente ca a noastr\u0103 poate fi de neoprit. Cu sus\u021bin\u0103tori \u0219i birouri din \u00eentreaga lume, putem r\u0103spunde la cele mai mari amenin\u021b\u0103ri de mediu, oriunde s-ar afla. <\/p>\n\n<div class=\"wp-block-buttons is-layout-flex wp-block-buttons-is-layout-flex\">\n<div class=\"wp-block-button aligncenter\"><a class=\"wp-block-button__link has-green-500-background-color has-background wp-element-button\" href=\"https:\/\/cee.donate.greenpeace.org\/ro\/campaigns\" target=\"_blank\" rel=\"noreferrer noopener\">VREI S\u0102 NE SUS\u021aII?<\/a><\/div>\n<\/div>\n","protected":false},"excerpt":{"rendered":"<p>Pentru a planifica campanii eficiente prin care schimb\u0103m sisteme avem nevoie de o baz\u0103 solid\u0103 \u0219i de \u00eencredere de dona\u021bii lunare permanente. Este acel tip de sprijin care ne men\u021bine independen\u021ba \u0219i ne permite s\u0103 fim strategici \u00een ac\u021biunile noastre.<\/p>\n","protected":false},"author":34,"featured_media":8397,"comment_status":"open","ping_status":"closed","sticky":false,"template":"","format":"standard","meta":{"ep_exclude_from_search":false,"p4_og_title":"","p4_og_description":"","p4_og_image":"","p4_og_image_id":"","p4_seo_canonical_url":"","p4_campaign_name":"not set","p4_local_project":"not set","p4_basket_name":"not set","p4_department":"","footnotes":""},"categories":[2,4,31,3],"tags":[26,19,97],"p4-page-type":[],"class_list":["post-8394","post","type-post","status-publish","format-standard","has-post-thumbnail","hentry","category-clima-si-energie","category-comunitate","category-greenpeace","category-paduri","tag-activism","tag-biodiversitate","tag-schimbari-climatice"],"_links":{"self":[{"href":"https:\/\/www.greenpeace.org\/romania\/wp-json\/wp\/v2\/posts\/8394","targetHints":{"allow":["GET"]}}],"collection":[{"href":"https:\/\/www.greenpeace.org\/romania\/wp-json\/wp\/v2\/posts"}],"about":[{"href":"https:\/\/www.greenpeace.org\/romania\/wp-json\/wp\/v2\/types\/post"}],"author":[{"embeddable":true,"href":"https:\/\/www.greenpeace.org\/romania\/wp-json\/wp\/v2\/users\/34"}],"replies":[{"embeddable":true,"href":"https:\/\/www.greenpeace.org\/romania\/wp-json\/wp\/v2\/comments?post=8394"}],"version-history":[{"count":1,"href":"https:\/\/www.greenpeace.org\/romania\/wp-json\/wp\/v2\/posts\/8394\/revisions"}],"predecessor-version":[{"id":8398,"href":"https:\/\/www.greenpeace.org\/romania\/wp-json\/wp\/v2\/posts\/8394\/revisions\/8398"}],"wp:featuredmedia":[{"embeddable":true,"href":"https:\/\/www.greenpeace.org\/romania\/wp-json\/wp\/v2\/media\/8397"}],"wp:attachment":[{"href":"https:\/\/www.greenpeace.org\/romania\/wp-json\/wp\/v2\/media?parent=8394"}],"wp:term":[{"taxonomy":"category","embeddable":true,"href":"https:\/\/www.greenpeace.org\/romania\/wp-json\/wp\/v2\/categories?post=8394"},{"taxonomy":"post_tag","embeddable":true,"href":"https:\/\/www.greenpeace.org\/romania\/wp-json\/wp\/v2\/tags?post=8394"},{"taxonomy":"p4-page-type","embeddable":true,"href":"https:\/\/www.greenpeace.org\/romania\/wp-json\/wp\/v2\/p4-page-type?post=8394"}],"curies":[{"name":"wp","href":"https:\/\/api.w.org\/{rel}","templated":true}]}}