{"id":8425,"date":"2023-02-21T17:03:22","date_gmt":"2023-02-21T14:03:22","guid":{"rendered":"https:\/\/www.greenpeace.org\/romania\/?p=8425"},"modified":"2026-04-02T13:30:28","modified_gmt":"2026-04-02T10:30:28","slug":"4-moduri-prin-care-guvernele-ar-putea-contracara-criza-energetica-globala","status":"publish","type":"post","link":"https:\/\/www.greenpeace.org\/romania\/articol\/8425\/4-moduri-prin-care-guvernele-ar-putea-contracara-criza-energetica-globala\/","title":{"rendered":"4 moduri prin care guvernele ar putea contracara criza energetic\u0103 global\u0103"},"content":{"rendered":"\n<p>Europa traverseaz\u0103 o perioad\u0103 instabil\u0103. R\u0103zboi. Pre\u021buri ridicate la energie. Infla\u021bie. Criza climatic\u0103. Sezonul rece \u00eenc\u0103 nu s-a \u00eencheiat \u0219i mul\u021bi oameni au trebuit s\u0103 aleag\u0103 \u00een ultimele luni \u00eentre a-\u0219i \u00eenc\u0103lzi casele sau a pune m\u00e2ncare pe mas\u0103.<\/p>\n\n<p>Criza energetic\u0103 global\u0103 necesit\u0103 un nivel f\u0103r\u0103 precedent de interven\u021bie din partea UE \u0219i statelor membre. Europa, al treilea cel mai mare poluator din lume, trebuie s\u0103-\u0219i reduc\u0103 rapid consumul de gaz, petrol \u0219i electricitate. Iar acest pas ar trebui f\u0103cut \u00eentr-un mod care asigur\u0103 durabilitatea f\u0103r\u0103 a exacerba s\u0103r\u0103cia energetic\u0103.&nbsp;<\/p>\n\n<p>Modul \u00een care deciden\u021bii gestioneaz\u0103 aceast\u0103 criz\u0103 va determina dac\u0103 \u021b\u0103rile reu\u0219esc s\u0103 \u00ee\u0219i \u00eendeplineasc\u0103 angajamentele luate \u00een cadrul Acordului de la Paris, de a proteja viitorul nostru pe aceast\u0103 planet\u0103.\u00a0<\/p>\n\n<p>Agen\u021bia Interna\u021bional\u0103 pentru Energie a avertizat \u00een privin\u021ba \u201efragilit\u0103\u021bii \u0219i lipsei de sustenabilitate a actualului nostru sistem energetic\u201d.&nbsp;<\/p>\n\n<p>Obiectivul Europei \u00een fa\u021ba crizei energetice nu trebuie s\u0103 fie combustibilii fosili, ci independen\u021ba energetic\u0103, ob\u021binut\u0103 100% prin energie regenerabil\u0103 pentru energie electric\u0103, \u00eenc\u0103lzire, industrie \u0219i transport.<\/p>\n\n<p>Acest lucru nu poate fi realizat rapid, \u00eens\u0103 exist\u0103 multe demersuri pe care guvernele le pot face pentru a ne ajuta s\u0103 ajungem acolo c\u00e2t mai rapid.<\/p>\n\n<p class=\"has-text-align-center\"><strong>1. Economisirea energiei \u00een cl\u0103dirile publice \u0219i \u00een domeniul industrial<\/strong><\/p>\n\n<div class=\"wp-block-group is-layout-constrained wp-block-group-is-layout-constrained\">\n<p class=\"has-text-align-center\"><strong>Cum pot face autorit\u0103\u021bile asta? Prin:&nbsp;<\/strong><\/p>\n\n\n\n<div class=\"wp-block-group is-layout-constrained wp-block-group-is-layout-constrained\">\n<p class=\"has-text-align-center\">Reglarea temperaturii din interiorul cl\u0103dirilor&nbsp;<\/p>\n\n\n\n<p class=\"has-text-align-center\">Oprirea ventila\u021biei \u0219i luminilor atunci c\u00e2nd nu sunt necesare<\/p>\n\n\n\n<p class=\"has-text-align-center\">Folosirea ilumin\u0103rii LED cu economie de energie<\/p>\n\n\n\n<p class=\"has-text-align-center\">Trecerea la echipamente eficiente energetic<\/p>\n\n\n\n<p class=\"has-text-align-center\">Gestionarea cererii de energie<\/p>\n<\/div>\n<\/div>\n\n<p>To\u021bi cei care pot trebuie s\u0103 contribuie la reducerea consumului de gaz, electricitate \u0219i petrol, dar industria \u2013 adic\u0103 cei mai mari utilizatori \u2013 ar trebui s\u0103 fac\u0103 cele mai mari economii energetice. Acest lucru poate fi realizat prin ra\u021bionalizare \u0219i m\u0103suri obligatorii care interzic trecerea de la petrol sau c\u0103rbune la gaz.<\/p>\n\n<p>\u0218tim c\u0103 este posibil. De exemplu, \u00een prima jum\u0103tate a anului 2022, \u021a\u0103rile de Jos au redus consumul total de gaze cu 25% fa\u021b\u0103 de 2021, aceast\u0103 cifr\u0103 fiind atins \u00een principal prin reducerea energetic\u0103 din partea marilor industrii consumatoare de energie. Criza energetic\u0103 impune guvernelor s\u0103 ia m\u0103suri pentru a asigura reduceri de energie, \u00een special din partea celor mai mari utilizatori.<\/p>\n\n<figure class=\"wp-block-image size-full\"><img loading=\"lazy\" decoding=\"async\" width=\"799\" height=\"519\" src=\"https:\/\/www.greenpeace.org\/static\/planet4-romania-stateless\/2023\/02\/da2f0697-gp01hba_web_size_with_credit_line.jpg\" alt=\"\" class=\"wp-image-8433\" srcset=\"https:\/\/www.greenpeace.org\/static\/planet4-romania-stateless\/2023\/02\/da2f0697-gp01hba_web_size_with_credit_line.jpg 799w, https:\/\/www.greenpeace.org\/static\/planet4-romania-stateless\/2023\/02\/da2f0697-gp01hba_web_size_with_credit_line-300x195.jpg 300w, https:\/\/www.greenpeace.org\/static\/planet4-romania-stateless\/2023\/02\/da2f0697-gp01hba_web_size_with_credit_line-768x499.jpg 768w, https:\/\/www.greenpeace.org\/static\/planet4-romania-stateless\/2023\/02\/da2f0697-gp01hba_web_size_with_credit_line-510x331.jpg 510w\" sizes=\"auto, (max-width: 799px) 100vw, 799px\" \/><\/figure>\n\n<p class=\"has-text-align-center\"><strong>2. Economisirea energiei \u00een transport<\/strong><\/p>\n\n<p class=\"has-text-align-center\"><strong>Cum ar putea Guvernul sus\u021bine asta? Prin:<\/strong><\/p>\n\n<div class=\"wp-block-group is-layout-constrained wp-block-group-is-layout-constrained\">\n<p class=\"has-text-align-center\">Interzicerea zborurilor pe distan\u021be scurte, \u00een cazul \u00een care exist\u0103 o alternativ\u0103 rezonabil\u0103 pentru transportul feroviar<\/p>\n\n\n\n<p class=\"has-text-align-center\">Interzicerea avioanelor private<\/p>\n\n\n\n<p class=\"has-text-align-center\">Promovarea unui mod de conducere mai eficient, prin limite mai mici de vitez\u0103<\/p>\n<\/div>\n\n<p>Reformele pe termen scurt ar reduce cererea de petrol \u00een sectorul transporturilor din UE cu aproximativ 50 de milioane de tone de petrol pe an \u0219i ar realiza economii anuale de energie de aproximativ 13%. Cele mai eficiente m\u0103suri de reducere ale consumului de energie sunt biletele climatice accesibile pentru transportul public din UE, reducerea zborurilor \u0219i utilizarea eficient\u0103 a ma\u0219inilor.<\/p>\n\n<p>Reformele pe termen scurt, cum ar fi mai mult\u0103 munc\u0103 la distan\u021b\u0103, transportul public accesibil \u0219i reducerea limitelor de vitez\u0103, ar putea economisi consumatorilor din UE 63 de miliarde de euro pe combustibil. Aceste reforme de economisire a energiei legate de transport ar duce, de asemenea, la o reducere a emisiilor de gaze cu efect de ser\u0103 cu 180 de milioane de tone anual.<\/p>\n\n<figure class=\"wp-block-image size-full\"><img loading=\"lazy\" decoding=\"async\" width=\"800\" height=\"533\" src=\"https:\/\/www.greenpeace.org\/static\/planet4-romania-stateless\/2023\/02\/9778c564-gp1t3ksj_web_size_with_credit_line.jpg\" alt=\"\" class=\"wp-image-8431\" srcset=\"https:\/\/www.greenpeace.org\/static\/planet4-romania-stateless\/2023\/02\/9778c564-gp1t3ksj_web_size_with_credit_line.jpg 800w, https:\/\/www.greenpeace.org\/static\/planet4-romania-stateless\/2023\/02\/9778c564-gp1t3ksj_web_size_with_credit_line-300x200.jpg 300w, https:\/\/www.greenpeace.org\/static\/planet4-romania-stateless\/2023\/02\/9778c564-gp1t3ksj_web_size_with_credit_line-768x512.jpg 768w, https:\/\/www.greenpeace.org\/static\/planet4-romania-stateless\/2023\/02\/9778c564-gp1t3ksj_web_size_with_credit_line-510x340.jpg 510w\" sizes=\"auto, (max-width: 800px) 100vw, 800px\" \/><figcaption class=\"wp-element-caption\">Greenpeace Olanda \u0219i Extinction Rebellion protesteaz\u0103 pa\u0219nic pe aeroportul Amsterdam Schiphol, al doilea cel mai mare aeroport din UE. Printre protestatarii care \u00eencearc\u0103 s\u0103 stopeze decolarea unor avioane private se num\u0103r\u0103 \u0219i localnici afecta\u021bi de poluarea fonic\u0103 \u0219i a aerului.<\/figcaption><\/figure>\n\n<p class=\"has-text-align-center\"><strong>3. Sus\u021binerea prosumatorilor \u0219i comunit\u0103\u021bilor de energie<\/strong><\/p>\n\n<p class=\"has-text-align-center\"><strong>Cum? Prin:<\/strong><\/p>\n\n<p class=\"has-text-align-center\">Interzicerea v\u00e2nz\u0103rii de centrale noi pe gaz<\/p>\n\n<p class=\"has-text-align-center\">Introducerea unor scheme de sprijin u\u0219or accesibile pentru izolarea cl\u0103dirilor, prosumatori \u0219i comunit\u0103\u021bi de energie<\/p>\n\n<p class=\"has-text-align-center\">Crearea unui cadru legal favorabil pentru comunit\u0103\u021bile de energie&nbsp;<\/p>\n\n<p class=\"has-text-align-center\">Introducerea unor scheme de sprijin pentru pompe de c\u0103ldur\u0103, \u00eenc\u0103lzire solar\u0103<\/p>\n\n<p class=\"has-text-align-center\">Cursuri de instruire \u00een energia regenerabil\u0103<\/p>\n\n<p>Guvernele ar trebui s\u0103 fac\u0103 tot ce le st\u0103 \u00een putin\u021b\u0103 pentru a accelera tranzi\u021bia energetic\u0103 just\u0103. Pentru a face acest lucru, Europa va avea nevoie de peste 1 milion de lucr\u0103tori \u00een domeniul energiei solare, doar \u00een 2030. Planurile de investi\u021bii \u00een infrastructura pe gaz \u0219i energia nuclear\u0103 ar trebui abandonate \u00een favoarea investi\u021biilor \u00een \u201elocuri de munc\u0103 verzi\u201d \u0219i un viitor durabil pentru to\u021bi.<\/p>\n\n<p>Stabilizarea sistemelor energetice \u0219i protejarea mediului nu se exclud reciproc. Energia regenerabil\u0103 este r\u0103spunsul at\u00e2t la criza energetic\u0103, c\u00e2t \u0219i la criza climatic\u0103.<\/p>\n\n<figure class=\"wp-block-embed is-type-video is-provider-youtube wp-block-embed-youtube wp-embed-aspect-16-9 wp-has-aspect-ratio\"><div class=\"wp-block-embed__wrapper\">\n<lite-youtube style=\"background-image: url('https:\/\/i.ytimg.com\/vi\/a8-gwO52Yws\/hqdefault.jpg');\" videoid=\"a8-gwO52Yws\" params=\"rel=0\"><\/lite-youtube>\n<\/div><\/figure>\n\n<p class=\"has-text-align-center\"><strong>4. Taxarea marilor poluatori&nbsp;<\/strong><\/p>\n\n<p class=\"has-text-align-center\"><strong>List\u0103 cu lucruri pe care guvernele le au \u201ede f\u0103cut\u201d:<\/strong><\/p>\n\n<p class=\"has-text-align-center\">Sistarea subven\u021biilor care sus\u021bin consumul de combustibili fosili<\/p>\n\n<p class=\"has-text-align-center\">Impozitarea veniturilor exorbitante ale companiilor de combustibili fosili&nbsp;<\/p>\n\n<p class=\"has-text-align-center\">Redistribuirea veniturilor ob\u021binute de pe urma impozit\u0103rii profiturilor excep\u021bionale, \u00een mod echitabil la nivel na\u021bional sau utilizarea lor pentru a sprijini comunit\u0103\u021bile care au nevoie mai mare de aceste resurse<\/p>\n\n<p>Pre\u021burile la energie au crescut rapid la nivel global. Num\u0103rul cet\u0103\u021benilor care sunt afecta\u021bi de s\u0103r\u0103cia energetic\u0103 a crescut, asta \u00een vreme ce companii exploatatoare, precum Shell, ob\u021bin profituri uria\u0219e.<\/p>\n\n<p>Profiturile companiilor din domeniul combustibililor fosili ar trebui impozitate pentru a sprijini gospod\u0103riile cu cele mai mici venituri.<\/p>\n\n<p>Odat\u0103 cu recesiunea, guvernele introduc subven\u021bii \u0219i scheme de sprijin pentru a contracara costul crescut al vie\u021bii. M\u0103surile includ cre\u0219terea salariului minim, indemniza\u021bii de \u0219omaj, subven\u021bii pentru chirie, pensiile minime, beneficii suplimentare \u0219i impozite mai mici pentru persoanele cu venituri mici.<\/p>\n\n<p>Banii publici s-ar putea reduce considerabil, a\u0219a c\u0103 cea mai bun\u0103 modalitate de a aborda inegalitatea este impozitarea profiturilor masive ale industriei combustibililor fosili pentru a ajuta la acoperirea cheltuielilor publice necesare ale celor mai vulnerabili \u0219i pentru a sprijini tranzi\u021bia c\u0103tre energie regenerabil\u0103. Oamenii \u0219i planeta trebuie s\u0103 fie pe primul loc.<\/p>\n\n<figure class=\"wp-block-image size-full\"><img loading=\"lazy\" decoding=\"async\" width=\"800\" height=\"533\" src=\"https:\/\/www.greenpeace.org\/static\/planet4-romania-stateless\/2023\/02\/cb85ddd5-gp1su1bn_web_size_with_credit_line.jpg\" alt=\"\" class=\"wp-image-8434\" srcset=\"https:\/\/www.greenpeace.org\/static\/planet4-romania-stateless\/2023\/02\/cb85ddd5-gp1su1bn_web_size_with_credit_line.jpg 800w, https:\/\/www.greenpeace.org\/static\/planet4-romania-stateless\/2023\/02\/cb85ddd5-gp1su1bn_web_size_with_credit_line-300x200.jpg 300w, https:\/\/www.greenpeace.org\/static\/planet4-romania-stateless\/2023\/02\/cb85ddd5-gp1su1bn_web_size_with_credit_line-768x512.jpg 768w, https:\/\/www.greenpeace.org\/static\/planet4-romania-stateless\/2023\/02\/cb85ddd5-gp1su1bn_web_size_with_credit_line-510x340.jpg 510w\" sizes=\"auto, (max-width: 800px) 100vw, 800px\" \/><figcaption class=\"wp-element-caption\">Activi\u0219ti ai biroului Greenpeace din Germania protesteaz\u0103 \u00een fa\u021ba unei rafin\u0103rii Shell \u00eempotriva ajutorului de stat pe care companiile din domeniul combustibiilor fosili l-au primit \u00een timpul pandemiei cu Covid.<\/figcaption><\/figure>\n","protected":false},"excerpt":{"rendered":"<p>Europa traverseaz\u0103 o perioad\u0103 o perioad\u0103 instabil\u0103. R\u0103zboi. Pre\u021buri ridicate la energie. Infla\u021bie. Criza climatic\u0103. Cum pot guvernele sus\u021bine oamenii \u0219i nu marii poluatori?<\/p>\n","protected":false},"author":34,"featured_media":8445,"comment_status":"open","ping_status":"closed","sticky":false,"template":"","format":"standard","meta":{"ep_exclude_from_search":false,"p4_og_title":"","p4_og_description":"","p4_og_image":"","p4_og_image_id":"","p4_seo_canonical_url":"","p4_campaign_name":"","p4_local_project":"","p4_basket_name":"","p4_department":"","footnotes":""},"categories":[2],"tags":[112,36,7,35,97,104],"p4-page-type":[],"class_list":["post-8425","post","type-post","status-publish","format-standard","has-post-thumbnail","hentry","category-clima-si-energie","tag-comunitati-de-energie-1","tag-criza-climatica","tag-energie-regenerabila","tag-poluare","tag-schimbari-climatice","tag-greenwashing"],"_links":{"self":[{"href":"https:\/\/www.greenpeace.org\/romania\/wp-json\/wp\/v2\/posts\/8425","targetHints":{"allow":["GET"]}}],"collection":[{"href":"https:\/\/www.greenpeace.org\/romania\/wp-json\/wp\/v2\/posts"}],"about":[{"href":"https:\/\/www.greenpeace.org\/romania\/wp-json\/wp\/v2\/types\/post"}],"author":[{"embeddable":true,"href":"https:\/\/www.greenpeace.org\/romania\/wp-json\/wp\/v2\/users\/34"}],"replies":[{"embeddable":true,"href":"https:\/\/www.greenpeace.org\/romania\/wp-json\/wp\/v2\/comments?post=8425"}],"version-history":[{"count":9,"href":"https:\/\/www.greenpeace.org\/romania\/wp-json\/wp\/v2\/posts\/8425\/revisions"}],"predecessor-version":[{"id":8446,"href":"https:\/\/www.greenpeace.org\/romania\/wp-json\/wp\/v2\/posts\/8425\/revisions\/8446"}],"wp:featuredmedia":[{"embeddable":true,"href":"https:\/\/www.greenpeace.org\/romania\/wp-json\/wp\/v2\/media\/8445"}],"wp:attachment":[{"href":"https:\/\/www.greenpeace.org\/romania\/wp-json\/wp\/v2\/media?parent=8425"}],"wp:term":[{"taxonomy":"category","embeddable":true,"href":"https:\/\/www.greenpeace.org\/romania\/wp-json\/wp\/v2\/categories?post=8425"},{"taxonomy":"post_tag","embeddable":true,"href":"https:\/\/www.greenpeace.org\/romania\/wp-json\/wp\/v2\/tags?post=8425"},{"taxonomy":"p4-page-type","embeddable":true,"href":"https:\/\/www.greenpeace.org\/romania\/wp-json\/wp\/v2\/p4-page-type?post=8425"}],"curies":[{"name":"wp","href":"https:\/\/api.w.org\/{rel}","templated":true}]}}