{"id":846,"date":"2017-04-03T00:00:00","date_gmt":"2017-04-02T21:00:00","guid":{"rendered":"https:\/\/master.k8s.p4.greenpeace.org\/romania\/articol\/846\/praf-de-romania\/"},"modified":"2019-11-06T12:04:26","modified_gmt":"2019-11-06T09:04:26","slug":"praf-de-romania","status":"publish","type":"post","link":"https:\/\/www.greenpeace.org\/romania\/articol\/846\/praf-de-romania\/","title":{"rendered":"Praf de Rom\u00e2nia"},"content":{"rendered":"<div class=\"leader\" style=\"font-weight: bold;margin-bottom: 12px\">\n\tPraf de Rom\u00e2nia este o campanie pentru s\u0103n\u0103tate \u0219i mediu, care atrage  aten\u021bia asupra calit\u0103\u021bii aerului \u0219i asupra necesit\u0103\u021bii dezvolt\u0103rii \u0219i implement\u0103rii unor planuri de ac\u021biune pentru \u00eembun\u0103t\u0103\u021birea calit\u0103\u021bii aerului din Rom\u00e2nia.\n<\/div>\n<div>\n<div>\n<p>\n<script type=\"text\/javascript\" src=\"https:\/\/cdnjs.cloudflare.com\/ajax\/libs\/jqueryui\/1.11.4\/jquery-ui.min.js\"><\/script><br \/>\n<script type=\"text\/javascript\" src=\"https:\/\/cdnjs.cloudflare.com\/ajax\/libs\/jquery-ui-timepicker-addon\/1.6.1\/jquery-ui-timepicker-addon.min.js\"><\/script><br \/>\n<script type=\"text\/javascript\" src=\"https:\/\/cdnjs.cloudflare.com\/ajax\/libs\/jquery\/3.1.0\/jquery.min.js\"><\/script><br \/>\n<script type=\"text\/javascript\" src=\"https:\/\/cdnjs.cloudflare.com\/ajax\/libs\/jqueryui\/1.11.4\/jquery-ui.min.js\"><\/script><br \/>\n<script type=\"text\/javascript\" src=\"https:\/\/cdnjs.cloudflare.com\/ajax\/libs\/jquery-ui-timepicker-addon\/1.6.1\/jquery-ui-timepicker-addon.min.js\"><\/script><br \/>\n<script type=\"text\/javascript\" src=\"http:\/\/46.101.210.183\/gpair\/ro\/canvas_graph.js\"><\/script><br \/>\n<script type=\"text\/javascript\" src=\"http:\/\/46.101.210.183\/gpair\/ro\/gp-air.js\"><\/script>\n<\/p>\n<div class=\"hub-text-above\">\n<div>\n<div id=\"range-select-container\"><select id=\"range-type-select\" onkeyup=\"timeSelectionChanged()\" name=\"range-type-select\" onchange=\"timeSelectionChanged()\"><option value=\"0\">Ultima zi<\/option><option value=\"1\">Ultimele 4 zile<\/option><option value=\"2\">Ultimele 7 zile<\/option><option value=\"3\">Ultimele 14 zile<\/option><option value=\"4\">Ultima lun\u0103<\/option><option value=\"5\">Selecteaz\u0103 perioada<\/option><\/select><\/p>\n<div id=\"grid-select-container\">Interval linii verticale:<select id=\"grid-select\" onkeyup=\"gridSelectionChanged()\" name=\"grid-select\" onchange=\"gridSelectionChanged()\"><option value=\"0\">1 ora<\/option><option value=\"1\">8 ore<\/option><option value=\"2\">1 zi<\/option><option value=\"3\">7 zile<\/option><option value=\"4\">F\u0103r\u0103 linii verticale<\/option><\/select><\/div>\n<\/p>\n<div id=\"time-range-container\"><input id=\"time-range-start\" type=\"text\" name=\"time-range-start\" value=\"\"> <input id=\"time-range-end\" type=\"text\" name=\"time-range-end\" value=\"\"> <br \/> <button onclick=\"setNewRange()\" value=\"Arat\u0103 datele\" type=\"button\">Arat\u0103 datele<\/button><\/div>\n<\/div>\n<\/div>\n<\/div>\n<p><strong>Greenpeace Rom\u00e2nia a dezvoltat, \u00eempreun\u0103 cu laboratorul de robotic\u0103 Robotev din Bulgaria, o serie de dispozitive de monitorizare independent\u0103 a calit\u0103\u021bii aerului.\u00a0<\/strong><br \/>\n<strong>Aparatele,\u00a0<strong>pe care le-am numit \u201cPrafometre\u201d,<\/strong><\/strong> au fost dezvoltate pe baza platformei Arduino, sunt u\u0219or de asamblat \u0219i folosit, \u0219i<strong> permit utilizatorilor\u00a0<\/strong><strong>s\u0103 m\u0103soare nivelul de praf fin (PM10) din zonele \u00een care locuiesc<\/strong>. Valoarea limit\u0103 pentru 24 de ore nu trebuie s\u0103 dep\u0103\u0219easc\u0103 50 \u03bcg\/m\u00b3.\u00a0<\/p>\n<p>Ministerul Mediului asigur\u0103 monitorizarea calit\u0103\u0163ii aerului \u00eenconjur\u0103tor prin cele 142 de sta\u021bii distribuite pe toat\u0103 suprafa\u021ba Rom\u00e2niei, iar informarea publicului \u00een timp real se face pe site-ul dedicat, www.calitateaer.ro. Cu toate acestea, <a title=\"Raspuns Ministerul Mediului\" href=\"http:\/\/www.greenpeace.org\/romania\/Global\/romania\/energie\/Praf%20de%20Romania\/Raspuns%20Ministerul%20Mediului.PDF\" target=\"_blank\" rel=\"noopener noreferrer\">din 142 de sta\u021bii de monitorizare, doar 93 func\u021bioneaz\u0103<\/a>. Conform legisla\u021biei europene \u0219i rom\u00e2ne\u0219ti, \u00een zonele \u00een care sunt \u00eenregistrate dep\u0103\u0219iri ale nivelului poluan\u021bilor atmosferici, prim\u0103riile \u0219i consiliile jude\u021bene sunt responsabile de implementarea unor m\u0103suri concrete pentru \u00eembun\u0103t\u0103\u021birea calit\u0103\u021bii aerului.<\/p>\n<p><strong><span id=\"docs-internal-guid-719aa317-33ff-f1de-a507-b0e6b50a9c84\">To\u021bi suntem responsabili de poluarea produs\u0103 \u0219i doar \u00eempreun\u0103 putem contribui la reducerea emisiilor nocive \u0219i la \u00eembun\u0103t\u0103\u021birea calit\u0103\u021bii aerului pe care pl\u0103m\u00e2nii no\u0219tri \u00eel absorb.<\/span><\/strong><\/p>\n<p><strong><span id=\"docs-internal-guid-719aa317-33ff-f1de-a507-b0e6b50a9c84\"><a href=\"https:\/\/act.greenpeace.org\/page\/7804\/petition\/1\">Semneaz\u0103 aici pentru dreptul la aer curat!<\/a><\/span><\/strong><\/p>\n<p><strong>Despre prafometre<\/strong><\/p>\n<p>Platforma Arduino are ca obiectiv principal proiectarea \u0219i producerea de dispozitive electronice, chiar \u0219i de c\u0103tre persoane care nu sunt specialiste \u00een electronic\u0103, prin folosirea de sisteme hardware si software open-source. Avantajul Arduino este dat de faptul c\u0103 pl\u0103cile cu circuite electronice pot fi achizi\u021bionate sau realizate prin kituri \u201edo it yourself\u201c. Un avantaj suplimentar este acela c\u0103 schema proiectului este disponibil\u0103 pentru oricine dore\u0219te s\u0103 le asambleze singur. Acest lucru se aplic\u0103 \u0219i pentru proiectul \u201cPrafometru\u201d. Punem la dispozi\u021bie <a title=\"Diagrama detaliat\u0103\" href=\"http:\/\/www.greenpeace.org\/romania\/Global\/romania\/energie\/Praf%20de%20Romania\/Diagrama%20detaliata.bmp\" target=\"_blank\" rel=\"noopener noreferrer\">diagrama detaliat\u0103<\/a> \u0219i <a title=\"List\u0103 materiale\" href=\"http:\/\/www.greenpeace.org\/romania\/Global\/romania\/energie\/Praf%20de%20Romania\/Lista%20materiale.xlsx\" target=\"_blank\" rel=\"noopener noreferrer\">descrierea componentelor kit-ului<\/a>, precum \u0219i instruc\u021biuni complete despre cum s\u0103 asamblezi un \u201cprafometru\u201d.<br \/>\n<span>Principalele elemente ale setului sunt placa cu circuite electronice, senzor de praf, microcontroler, modul Wi-Fi, ventilator, baterie, cabluri \u0219i conector, plus o hus\u0103 de protec\u021bie. Elementele func\u021bioneaz\u0103 prin cod open-source, care va fi accesibil consumatorilor.<\/span><br \/>\n<span>Odat\u0103 asamblate \u0219i instalate, aparatele se conecteaz\u0103 la re\u021beaua Wi-Fi \u0219i \u00eencep s\u0103 transmit\u0103 datele pe care le colecteaz\u0103. Aparatul va face citiri \u00een fiecare or\u0103 pentru a m\u0103sura calitatea aerului din \u00eemprejurimi. O dat\u0103 pe zi datele colectate vor fi trimise prin intermediul modulului Wi-Fi c\u0103tre un server dedicat, care va stoca datele. Datele sunt afi\u0219ate \u0219i puse la dispozi\u021bia publicului pe site-ul Greenpeace Rom\u00e2nia, \u00eentr-un grafic realizat \u00een acest scop.<\/span><br \/>\n<iframe loading=\"lazy\" frameborder=\"0\" height=\"315\" src=\"https:\/\/www.youtube.com\/embed\/ms4jolYCVtE\" style=\"display: block; margin-left: auto; margin-right: auto;\" width=\"560\"><\/iframe><\/p>\n<p style=\"text-align: center;\"><em>Video: Mi\u0219u Ionescu\/ Greenpeace <\/em><br \/><em>Muzica: Gorowski &#8211; I Believe Me Now \/The Single<\/em><\/p>\n<p><strong>Disclaimer<\/strong><\/p>\n<p>Proiectul \u201cPrafometru\u201d are ca scop informarea publicului cu privire la aspectele legate de calitatea aerului. Aparatele sunt proiectate pentru a semnala prezen\u021ba polu\u0103rii aerului cu praf.<\/p>\n<p>Spre deosebire de instrumentele profesionale, \u201ePrafometru\u201c este un proiect pilot, construit pe o platform\u0103 deschis\u0103, fiind orientat c\u0103tre colectarea \u0219i analizarea datelor de c\u0103tre membrii publicului larg (Citizen Science).\u00a0<\/p>\n<p>Senzorul de praf poate detecta pulberile \u00een suspensie (PM10) cu o dimensiune \u00eentre 2,5 \u0219i 10 micrometri. \u00cen ciuda limit\u0103rilor ce \u021bin de umezeala \u0219i temperatura locului \u00een care aparatul este pozi\u021bionat, acesta r\u0103spunde la schimb\u0103rile de concentra\u021bie, \u00een sincronizare cu un instrument de m\u0103surare profesional MIE PDR-1500 Thermo Scientific, care a fost calibrat \u00een laborator.<\/p>\n<p>Cu toate acestea, datorit\u0103 specificului \u00een care senzorul aparatului m\u0103soar\u0103 particulele \u00een suspensie, datele ob\u021binute din \u201ePrafometru\u201c nu pot fi considerate viabile din punct de vedere \u0219tiin\u021bific \u0219i direct comparabile cu echipamente de laborator sau profesionale.<\/p>\n<\/div>\n<\/div>\n","protected":false},"excerpt":{"rendered":"<div>\n\tPraf de Rom\u00e2nia este o campanie pentru s\u0103n\u0103tate \u0219i mediu, care atrage  aten\u021bia asupra calit\u0103\u021bii aerului \u0219i asupra necesit\u0103\u021bii dezvolt\u0103rii \u0219i implement\u0103rii unor planuri de ac\u021biune pentru \u00eembun\u0103t\u0103\u021birea calit\u0103\u021bii aerului din Rom\u00e2nia.\n<\/div>\n","protected":false},"author":34,"featured_media":0,"comment_status":"closed","ping_status":"closed","sticky":false,"template":"","format":"standard","meta":{"ep_exclude_from_search":false,"p4_og_title":"","p4_og_description":"","p4_og_image":"","p4_og_image_id":"","p4_seo_canonical_url":"","p4_campaign_name":"","p4_local_project":"","p4_basket_name":"","p4_department":"","footnotes":""},"categories":[2],"tags":[],"p4-page-type":[30],"class_list":["post-846","post","type-post","status-publish","format-standard","hentry","category-clima-si-energie","p4-page-type-articol"],"_links":{"self":[{"href":"https:\/\/www.greenpeace.org\/romania\/wp-json\/wp\/v2\/posts\/846","targetHints":{"allow":["GET"]}}],"collection":[{"href":"https:\/\/www.greenpeace.org\/romania\/wp-json\/wp\/v2\/posts"}],"about":[{"href":"https:\/\/www.greenpeace.org\/romania\/wp-json\/wp\/v2\/types\/post"}],"author":[{"embeddable":true,"href":"https:\/\/www.greenpeace.org\/romania\/wp-json\/wp\/v2\/users\/34"}],"replies":[{"embeddable":true,"href":"https:\/\/www.greenpeace.org\/romania\/wp-json\/wp\/v2\/comments?post=846"}],"version-history":[{"count":1,"href":"https:\/\/www.greenpeace.org\/romania\/wp-json\/wp\/v2\/posts\/846\/revisions"}],"predecessor-version":[{"id":847,"href":"https:\/\/www.greenpeace.org\/romania\/wp-json\/wp\/v2\/posts\/846\/revisions\/847"}],"wp:attachment":[{"href":"https:\/\/www.greenpeace.org\/romania\/wp-json\/wp\/v2\/media?parent=846"}],"wp:term":[{"taxonomy":"category","embeddable":true,"href":"https:\/\/www.greenpeace.org\/romania\/wp-json\/wp\/v2\/categories?post=846"},{"taxonomy":"post_tag","embeddable":true,"href":"https:\/\/www.greenpeace.org\/romania\/wp-json\/wp\/v2\/tags?post=846"},{"taxonomy":"p4-page-type","embeddable":true,"href":"https:\/\/www.greenpeace.org\/romania\/wp-json\/wp\/v2\/p4-page-type?post=846"}],"curies":[{"name":"wp","href":"https:\/\/api.w.org\/{rel}","templated":true}]}}