{"id":8566,"date":"2023-04-13T16:32:38","date_gmt":"2023-04-13T13:32:38","guid":{"rendered":"https:\/\/www.greenpeace.org\/romania\/?p=8566"},"modified":"2023-04-13T16:32:40","modified_gmt":"2023-04-13T13:32:40","slug":"cladiri-cu-zero-emisii-scrisoare-deschisa-catre-guvernul-romaniei","status":"publish","type":"post","link":"https:\/\/www.greenpeace.org\/romania\/articol\/8566\/cladiri-cu-zero-emisii-scrisoare-deschisa-catre-guvernul-romaniei\/","title":{"rendered":"Cl\u0103diri cu Zero Emisii &#8211; Scrisoare deschis\u0103 c\u0103tre Guvernul Rom\u00e2niei"},"content":{"rendered":"\n<p>Stimate domnule Prim-ministru,<br><\/p>\n\n<p>Pentru a \u00eendeplini obiectivele climatice pentru 2030, eficien\u021ba energetic\u0103 trebuie s\u0103 fie prioritar\u0103. \u00cen acest sens, Comisia European\u0103 a \u00eenaintat \u00een iulie 2021 o propunere de revizuire a directivei privind eficien\u021ba energetic\u0103 (EED). Pentru prima dat\u0103, <strong>principiul \u201eeficien\u021ba energetic\u0103 \u00eenainte de toate\u201d<\/strong> este dotat cu for\u021b\u0103 juridic\u0103, \u00eenso\u021bit de o cerin\u021b\u0103 clar\u0103 ca \u021b\u0103rile UE s\u0103 ia \u00een considerare eficien\u021ba energetic\u0103 \u00een deciziile lor de politici publice, de planificare \u0219i de investi\u021bii majore \u00een sectorul energetic \u0219i \u00een afara acestuia. De asemenea, directiva introduce obliga\u021bia ca \u021b\u0103rile UE s\u0103 pun\u0103 \u00een aplicare <strong>m\u0103suri de \u00eembun\u0103t\u0103\u021bire a eficien\u021bei energetice ca prioritate \u00een r\u00e2ndul consumatorilor vulnerabili, persoanelor afectate de s\u0103r\u0103cia energetic\u0103 \u0219i, dup\u0103 caz, persoanelor care tr\u0103iesc \u00een locuin\u021be sociale, pentru a atenua s\u0103r\u0103cia energetic\u0103.<\/strong><\/p>\n\n<p>Toate evolu\u021biile legislative de mai sus sunt impulsionate \u0219i de actuala criz\u0103 energetic\u0103, care a eviden\u021biat necesitatea implement\u0103rii unor m\u0103suri pe termen scurt \u0219i lung, at\u00e2t pentru protejarea consumatorilor de cre\u0219terile pre\u021burilor la energie, c\u00e2t \u0219i pentru atingerea obiectivelor \u00een materie de energie \u0219i clim\u0103.<\/p>\n\n<p>Cl\u0103dirile din Rom\u00e2nia sunt responsabile pentru aproximativ 45% din consumul final de energie \u015fi pentru o mare parte din emisiile de dioxid de carbon (CO2). Acestea au o rat\u0103 foarte sc\u0103zut\u0103 de eficien\u021b\u0103 energetic\u0103. 8 din 10 cl\u0103diri (77%) au&nbsp; nevoie de reabilitare energetic\u0103, fiind construite \u00eenainte de 1980 \u0219i neav\u00e2nd standarde de eficien\u021b\u0103 energetic\u0103 pentru anvelopa cl\u0103dirii. Acest lucru are drept rezultat faptul c\u0103 gospod\u0103riile sunt supuse unor cheltuieli dispropor\u021bionat de mari pentru \u00eenc\u0103lzire \u0219i r\u0103cire, fiind nevoite totodat\u0103 s\u0103 suporte \u00een continuare condi\u021bii de trai inconfortabile.<\/p>\n\n<p><br>Prin urmare, <strong>fondul de cl\u0103diri din Rom\u00e2nia are nevoie de o performan\u021b\u0103 energetic\u0103 sporit\u0103 \u0219i necesit\u0103 simultan o cre\u0219tere a utiliz\u0103rii surselor regenerabile de energie (SRE) \u0219i o \u00eembun\u0103t\u0103\u021bire a eficien\u021bei energetice.<\/strong> Acest lucru va duce nu numai la reducerea emisiilor de gaze cu efect de ser\u0103 (GES), ci \u0219i la promovarea economisirii energiei, combaterea s\u0103r\u0103ciei energetice, \u00eembun\u0103t\u0103\u021birea s\u0103n\u0103t\u0103\u021bii \u0219i bun\u0103st\u0103rii precum \u0219i crearea de noi oportunit\u0103\u021bi privind locurile de munc\u0103.<\/p>\n\n<p><br><strong>Cu toate acestea, guvernul pe care \u00eel conduce\u021bi&nbsp; a decis s\u0103 prioritizeze alocarea a 4,35 miliarde de euro pentru extinderea infrastructurii de gaze<\/strong>, a\u0219a cum este prev\u0103zut \u00een Programul Na\u021bional de Investi\u021bii, Planul Na\u021bional de Redresare \u0219i Rezilien\u021b\u0103, Programul Opera\u021bional Infrastructur\u0103 Mare, Programul Opera\u021bional de Dezvoltare Durabil\u0103 \u0219i Fondul de Modernizare.<\/p>\n\n<p>Greenpeace a analizat decizia Guvernului Rom\u00e2niei de a cheltui 4,35 miliarde de euro pe o infrastructur\u0103 nou\u0103 de gaze fosile p\u00e2n\u0103 \u00een 2030, comision\u00e2nd un studiu care a comparat beneficiile financiare, sociale \u0219i de mediu ale diferitelor scenarii de investi\u021bii, \u00een conformitate cu principiul \u201eeficien\u021ba energetic\u0103 \u00eenainte de toate\u201d al UE. Rezultatele arat\u0103 c\u0103 investi\u021bia \u00een gaze este cea mai slab\u0103 alegere posibil\u0103 pentru economia \u0219i societatea rom\u00e2neasc\u0103, \u00een timp ce investi\u021biile \u00een eficien\u021b\u0103 energetic\u0103 \u0219i regenerabile au un impact social, economic \u0219i de mediu mult mai mare.&nbsp;&nbsp;<\/p>\n\n<p>Aceast\u0103 analiz\u0103 a identificat faptul c\u0103 <strong>gospod\u0103riile din Rom\u00e2nia ar putea beneficia considerabil dac\u0103 guvernul ar redirec\u021biona fondurile prev\u0103zute \u00een prezent pentru extinderea infrastructurii de gaze c\u0103tre reabilitarea energetic\u0103 a cl\u0103dirilor reziden\u021biale din Rom\u00e2nia.<\/strong><\/p>\n\n<p>Conform rezultatelor analizei, politicile publice din Rom\u00e2nia trebuie modificate \u00een sensul unor interven\u021bii mai orientate c\u0103tre cerere (de exemplu, subven\u021bii pentru renovare \u0219i cre\u0219terea eficien\u021bei energetice) dec\u00e2t c\u0103tre ofert\u0103 (extinderea infrastructurii de gaze). <strong>Ca parte a viitoarei revizuiri, politicile existente \u0219i cele noi din Planul Na\u021bional Integrat pentru Energie \u0219i Schimb\u0103ri Climatice (PNIESC) ar trebui modificate pentru a elimina toate finan\u021b\u0103rile prev\u0103zute \u00een prezent pentru investi\u021biile \u00een gaze fosile.<\/strong> Aceste fonduri ar trebui alocate pentru finan\u021barea unei strategii pentru cl\u0103diri cu emisii zero \u00een Rom\u00e2nia, inclusiv pentru izolarea termic\u0103 a cl\u0103dirilor \u0219i adoptarea energiei regenerabile (panouri solare \u0219i pompe de c\u0103ldur\u0103).<\/p>\n\n<p>Dat\u0103 fiind situa\u021bia fondului de cl\u0103diri din Rom\u00e2nia \u0219i nivelurile excep\u021bional de ridicate de s\u0103r\u0103cie energetic\u0103 din \u021bar\u0103, <strong>Greenpeace<\/strong> <strong>solicit\u0103 guvernului Rom\u00e2niei s\u0103 elaboreze o strategie pentru cl\u0103diri cu emisii zero (ZEB) care s\u0103 acorde prioritate celor mai vulnerabile gospod\u0103rii, cu scheme de finan\u021bare adecvate pentru a promova cu prec\u0103dere renovarea acestor locuin\u021be.<\/strong><\/p>\n\n<p>\u00cen temeiul Legii 544\/2001 privind liberul acces la informa\u021bii de interes public, precum \u0219i \u00een temeiul Legii 86\/2000 privind ratificarea Conven\u021biei de la Aarhus, v\u0103 solicit\u0103m s\u0103 ne comunica\u021bi, prin email, la adresa <a href=\"mailto:alin.tanase@greenpeace.org\">alin.tanase@greenpeace.org<\/a> urm\u0103toarele informa\u021bii:&nbsp;<\/p>\n\n<ul class=\"wp-block-list\">\n<li>Ce planuri exista pentru elaborarea unei strategii pentru cl\u0103diri cu emisii zero (ZEB) care s\u0103 acorde prioritate celor mai vulnerabile gospod\u0103rii?<br><\/li>\n\n\n\n<li>Ce fonduri sunt alocate pentru implementarea unei astfel de strategii pentru cl\u0103diri cu emisii zero (ZEB) care s\u0103 acorde prioritate celor mai vulnerabile gospod\u0103rii?<br><\/li>\n\n\n\n<li>C\u00e2nd va fi supus\u0103 consult\u0103rii publice varianta revizuit\u0103 a Planului Na\u021bional Integrat pentru Energie \u0219i Schimb\u0103ri Climatice (PNIESC)?&nbsp;<\/li>\n<\/ul>\n","protected":false},"excerpt":{"rendered":"<p>Cl\u0103dirile din Rom\u00e2nia sunt responsabile pentru aproximativ 45% din consumul final de energie \u015fi pentru o mare parte din emisiile de dioxid de carbon (CO2). Acestea au o rat\u0103 foarte sc\u0103zut\u0103 de eficien\u021b\u0103 energetic\u0103.<\/p>\n","protected":false},"author":34,"featured_media":8567,"comment_status":"open","ping_status":"closed","sticky":false,"template":"","format":"standard","meta":{"ep_exclude_from_search":false,"p4_og_title":"","p4_og_description":"","p4_og_image":"","p4_og_image_id":"","p4_seo_canonical_url":"","p4_campaign_name":"","p4_local_project":"","p4_basket_name":"","p4_department":"","footnotes":""},"categories":[2,4,31],"tags":[26,117,112,27,120,7,102,6,121,97],"p4-page-type":[],"class_list":["post-8566","post","type-post","status-publish","format-standard","has-post-thumbnail","hentry","category-clima-si-energie","category-comunitate","category-greenpeace","tag-activism","tag-clima-1","tag-comunitati-de-energie-1","tag-democratie-1","tag-eficienta-energetica-1","tag-energie-regenerabila","tag-gaz-fosil-2","tag-prosumatori-1","tag-saracie-energetica-1","tag-schimbari-climatice"],"_links":{"self":[{"href":"https:\/\/www.greenpeace.org\/romania\/wp-json\/wp\/v2\/posts\/8566","targetHints":{"allow":["GET"]}}],"collection":[{"href":"https:\/\/www.greenpeace.org\/romania\/wp-json\/wp\/v2\/posts"}],"about":[{"href":"https:\/\/www.greenpeace.org\/romania\/wp-json\/wp\/v2\/types\/post"}],"author":[{"embeddable":true,"href":"https:\/\/www.greenpeace.org\/romania\/wp-json\/wp\/v2\/users\/34"}],"replies":[{"embeddable":true,"href":"https:\/\/www.greenpeace.org\/romania\/wp-json\/wp\/v2\/comments?post=8566"}],"version-history":[{"count":1,"href":"https:\/\/www.greenpeace.org\/romania\/wp-json\/wp\/v2\/posts\/8566\/revisions"}],"predecessor-version":[{"id":8568,"href":"https:\/\/www.greenpeace.org\/romania\/wp-json\/wp\/v2\/posts\/8566\/revisions\/8568"}],"wp:featuredmedia":[{"embeddable":true,"href":"https:\/\/www.greenpeace.org\/romania\/wp-json\/wp\/v2\/media\/8567"}],"wp:attachment":[{"href":"https:\/\/www.greenpeace.org\/romania\/wp-json\/wp\/v2\/media?parent=8566"}],"wp:term":[{"taxonomy":"category","embeddable":true,"href":"https:\/\/www.greenpeace.org\/romania\/wp-json\/wp\/v2\/categories?post=8566"},{"taxonomy":"post_tag","embeddable":true,"href":"https:\/\/www.greenpeace.org\/romania\/wp-json\/wp\/v2\/tags?post=8566"},{"taxonomy":"p4-page-type","embeddable":true,"href":"https:\/\/www.greenpeace.org\/romania\/wp-json\/wp\/v2\/p4-page-type?post=8566"}],"curies":[{"name":"wp","href":"https:\/\/api.w.org\/{rel}","templated":true}]}}