{"id":8570,"date":"2023-04-11T11:16:11","date_gmt":"2023-04-11T08:16:11","guid":{"rendered":"https:\/\/www.greenpeace.org\/romania\/?p=8570"},"modified":"2023-04-18T11:22:12","modified_gmt":"2023-04-18T08:22:12","slug":"amintiri-din-anii-90","status":"publish","type":"post","link":"https:\/\/www.greenpeace.org\/romania\/articol\/8570\/amintiri-din-anii-90\/","title":{"rendered":"Amintiri din anii `90"},"content":{"rendered":"\n<p>Pot s\u0103 \u00een\u021beleg \u0219i s\u0103 accept greut\u0103\u021bile prin care am trecut \u00een anii \u201890. \u00cemi amintesc mai ales de iernile grele, c\u00e2nd principala grij\u0103 era cum vom reu\u0219i s\u0103 ne \u00eenc\u0103lzim. Nu a fost deloc u\u0219or pentru mine, familia mea, comunitatea \u00een care locuiam. \u0218i cred c\u0103 \u00een general pentru mul\u021bi oameni au fost vremuri \u00een care au \u00eendurat multe. Centralele termice de cartier nu prea mai func\u021bionau. \u00cemi amintesc c\u0103 m\u0103 uitam pe geam la co\u0219urile de fum care dominau peisajul. Rareori erau puse \u00een func\u021biune. Iar c\u00e2nd func\u021bionau, apa cald\u0103 era c\u0103l\u00e2ie. Locuind la etajul 4, presiunea era sc\u0103zut\u0103 \u0219i caloriferele reci. Tata mergea constant \u00een subsolul blocului s\u0103 aeriseasc\u0103 \u021bevile. Uneori cu rezultate, alteori f\u0103r\u0103.<\/p>\n\n<p>C\u00e2nd au murit cu totul centralele, a trebuit s\u0103 ne adapt\u0103m la noi solu\u021bii. Re\u0219oul ne-a fost la \u00eendem\u00e2n\u0103. La uzine, muncitorii construiau pe band\u0103 rulant\u0103 re\u0219ouri improvizate din BCA. Am avut \u0219i noi unul care trona \u00een mijlocul camerei. Pentru c\u0103ldur\u0103, pentru g\u0103tit, pentru fiert ap\u0103 \u0219i pentru uscat p\u0103rul. Re\u0219oul improvizat mergea ore \u00een \u0219ir, contorul se \u00eenv\u00e2rtea cu spor. De fapt, la noi nu se \u00eenv\u00e2rtea. F\u0103cuse tata ni\u0219te modific\u0103ri. Mai t\u00e2rziu, am luat re\u0219oul cu mine la facultate. \u00cen zilele cele mai friguroase st\u0103team toat\u0103 familia \u00een aceea\u0219i camer\u0103. Blinda\u021bi cu pulovere \u0219i \u0219osete de l\u00e2n\u0103 cro\u0219etate de mamaia. Cum prin u\u0219a de la intrare \u0219i geamuri sufla criv\u0103\u021bul, solu\u021bia cea mai la \u00eendem\u00e2n\u0103 a fost s\u0103 le acoperim cu p\u0103turi prinse \u00een ni\u0219te cuie b\u0103tute \u00een t\u00e2mpl\u0103rie.<\/p>\n\n<p>Perioada sobelor a venit la pachet cu apari\u021bia co\u0219urilor de fum improvizate care se i\u021beau pe fa\u021badele blocului din fiecare apartament, ba din buc\u0103t\u0103rie, ba din dormitor, ba din sufragerie, ba din baie. \u0218i nu pot s\u0103 uit fumul care l\u0103sa d\u00e2re negre pe tot blocul. Se punea pe foc orice. Lemn, plastic, c\u0103rbune, maculatur\u0103 din epoca de aur, \u0219tiule\u021bi de porumb. S\u0103 ard\u0103 focul, s\u0103 ne \u00eenc\u0103lzim.<\/p>\n\n<p>Mai t\u00e2rziu, a venit \u021beava de gaz. Contor unic pentru scara de bloc. Aragaze deschise non-stop, flori de mucegai, igrasie \u0219i o genera\u021bie de astmatici. Noi am conectat soba la gaz. Improviza\u021bie. Am supravie\u021buit. Am supravie\u021buit tranzi\u021biei, infla\u021biei galopante, salariilor mici, lipsei de c\u0103ldur\u0103. Am supravie\u021buit jongl\u00e2nd cu pu\u021binul pe care \u00eel aveam la dispozi\u021bie \u0219i improviz\u00e2nd. Pot s\u0103 \u00een\u021beleg perioada dificil\u0103, contextul, faptul c\u0103 locuiam \u00eentr-un bloc construit din pl\u0103ci de beton prefabricate, neizolat \u0219i ancorat \u00eentr-o lume decalat\u0103.<\/p>\n\n<p>Dar nu pot s\u0103 \u00een\u021beleg \u0219i s\u0103 accept faptul c\u0103, 30 de ani mai t\u00e2rziu, \u00een continuare sute de mii de gospod\u0103rii din Rom\u00e2nia se confrunt\u0103 cu s\u0103r\u0103cie energetic\u0103.\u00a0<strong>C\u0103, \u00een continuare, oamenii trebuie s\u0103 aleag\u0103 \u00eentre a sta \u00eentr-o locuin\u021b\u0103 cald\u0103, sigur\u0103 \u0219i a pune m\u00e2ncare pe mas\u0103.<\/strong>\u00a0Sau c\u0103 sunt nevoi\u021bi\u00a0<strong>s\u0103 aleag\u0103 \u00eentre a pl\u0103ti factura la energie\/utilit\u0103\u021bi \u0219i s\u0103-\u0219i cumpere medicamente<\/strong>. Unii nu au nici m\u0103car op\u021biunea de a alege. \u00cenghea\u021b\u0103 \u00een locul \u00een care ar trebui s\u0103 se simt\u0103 \u00een siguran\u021b\u0103. Asta \u00een timp ce companiile fosile \u00eenregistreaz\u0103 profituri de zeci de miliarde.<\/p>\n\n<p>\u00cen anii \u201890 PIB-ul Rom\u00e2niei era undeva la 26 de miliarde de dolari. Ast\u0103zi se situeaz\u0103 la 290 de miliarde de dolari. Pe atunci eram r\u0103t\u0103ci\u021bi \u00een tranzi\u021bie. Pe atunci nu aveam acces la fonduri europene \u00een valoare de zeci de miliarde de euro cum avem ast\u0103zi. Pe atunci nu existau solu\u021biile pe care le avem acum la \u00eendem\u00e2n\u0103. De ce totu\u0219i, 30 de ani mai t\u00e2rziu, Rom\u00e2nia \u00eenregistreaz\u0103 cea mai mare rat\u0103 de s\u0103r\u0103cie energetic\u0103 din Europa? De ce 77% din cl\u0103dirile din Rom\u00e2nia sunt \u00eenc\u0103 ineficiente din punct de vedere energetic? De ce guvernan\u021bii arunc\u0103 bani pe fereastr\u0103 pentru extinderea infrastructurii \u0219i re\u021belei de gaze fosile, o resurs\u0103 din ce \u00een ce mai scump\u0103, mai nociv\u0103 pentru s\u0103n\u0103tate \u0219i pentru viitorul nostru? De ce guvernan\u021bii sprijin\u0103 arderea unui combustibil fosil care ne va ad\u00e2nci \u0219i mai mult \u00een s\u0103r\u0103cie energetic\u0103 \u0219i care ne va \u021bine captivi \u00eentr-o criz\u0103 energetic\u0103 perpetu\u0103, \u00eentr-o infla\u021bie cresc\u00e2nd\u0103 \u0219i pre\u021buri explodate?<\/p>\n\n<figure class=\"wp-block-embed is-type-video is-provider-youtube wp-block-embed-youtube wp-embed-aspect-16-9 wp-has-aspect-ratio\"><div class=\"wp-block-embed__wrapper\">\n<lite-youtube style=\"background-image: url('https:\/\/i.ytimg.com\/vi\/2ppzyK3iEYw\/hqdefault.jpg');\" videoid=\"2ppzyK3iEYw\" params=\"rel=0\"><\/lite-youtube>\n<\/div><\/figure>\n\n<p>Solu\u021bia este simpl\u0103.<strong>\u00a0Guvernul Rom\u00e2niei ar trebui s\u0103 prioritizeze investi\u021biile \u00een casele rom\u00e2nilor<\/strong>\u00a0\u2014<strong>\u00a0\u00een eficien\u021b\u0103 energetic\u0103, cum ar fi izolarea termic\u0103, instalarea pompelor de c\u0103ldur\u0103 \u0219i a panourilor solare.\u00a0<\/strong>Ar trebui s\u0103 prioritizeze m\u0103surile de \u00eembun\u0103t\u0103\u021bire a eficien\u021bei energetice \u00een r\u00e2ndul consumatorilor vulnerabili, persoanelor afectate de s\u0103r\u0103cia energetic\u0103 \u0219i, dup\u0103 caz, \u00een r\u00e2ndul persoanelor care tr\u0103iesc \u00een locuin\u021be sociale, pentru a\u00a0<strong>atenua s\u0103r\u0103cia energetic\u0103<\/strong>.<\/p>\n\n<p>Un\u00a0<a rel=\"noreferrer noopener\" href=\"https:\/\/www.greenpeace.org\/static\/planet4-romania-stateless\/2023\/04\/bd346e9e-analiza-financiara_ieecp.pdf?utm_campaign=Climate%20%26%20Energy&amp;utm_source=hs_email&amp;utm_medium=email&amp;_hsenc=p2ANqtz--7tJf-iC1gbiVVBKyVcAIMQrDMLREcqcSzzeQmjVF7xKpLV_ekm9pkO2s2e8HkP1CnUv23\" target=\"_blank\">studiu\u00a0<\/a>comandat de Greenpeace \u0219i realizat de Institutul European pentru Politici Energetice \u0219i Climatice demonstreaz\u0103 c\u0103 investi\u021biile \u00een solu\u021biile de eficien\u021b\u0103 energetic\u0103 \u0219i energie regenerabil\u0103 pentru cl\u0103diri vor crea un\u00a0<strong>beneficiu financiar, social \u0219i climatic mult mai mare pentru gospod\u0103rii, \u00eentreprinderi \u0219i societatea rom\u00e2neasc\u0103 \u00een general.<\/strong>\u00a0\u00cen schimb, investi\u021biile planificate \u00een domeniul gazelor fosile nu vor face altceva dec\u00e2t s\u0103 ne ad\u00e2nceasc\u0103 \u0219i mai tare \u00een s\u0103r\u0103cie energetic\u0103.<\/p>\n\n<p class=\"has-text-align-center has-green-500-background-color has-background\"><strong><a href=\"https:\/\/www.youtube.com\/watch?v=2ppzyK3iEYw\" target=\"_blank\" rel=\"noreferrer noopener\">Iat\u0103 de ce<\/a><\/strong><\/p>\n\n<p>Mi-ar pl\u0103cea s\u0103 ne scrii \u0219i s\u0103 ne spui povestea ta. Amintiri mai vechi sau mai noi. \ud83d\ude42<\/p>\n","protected":false},"excerpt":{"rendered":"<p>C\u00e2t de inspirat\u0103 este decizia Guvernului Rom\u00e2niei de a investi 4.35 miliarde de euro \u00een gaze fosile?<\/p>\n","protected":false},"author":30,"featured_media":8571,"comment_status":"open","ping_status":"closed","sticky":false,"template":"","format":"standard","meta":{"ep_exclude_from_search":false,"p4_og_title":"","p4_og_description":"","p4_og_image":"","p4_og_image_id":"","p4_seo_canonical_url":"","p4_campaign_name":"","p4_local_project":"","p4_basket_name":"","p4_department":"","footnotes":""},"categories":[2,31],"tags":[117,36,120,68,7,102,35,121,73],"p4-page-type":[],"class_list":["post-8570","post","type-post","status-publish","format-standard","has-post-thumbnail","hentry","category-clima-si-energie","category-greenpeace","tag-clima-1","tag-criza-climatica","tag-eficienta-energetica-1","tag-energie","tag-energie-regenerabila","tag-gaz-fosil-2","tag-poluare","tag-saracie-energetica-1","tag-tranzitie-justa-1"],"_links":{"self":[{"href":"https:\/\/www.greenpeace.org\/romania\/wp-json\/wp\/v2\/posts\/8570","targetHints":{"allow":["GET"]}}],"collection":[{"href":"https:\/\/www.greenpeace.org\/romania\/wp-json\/wp\/v2\/posts"}],"about":[{"href":"https:\/\/www.greenpeace.org\/romania\/wp-json\/wp\/v2\/types\/post"}],"author":[{"embeddable":true,"href":"https:\/\/www.greenpeace.org\/romania\/wp-json\/wp\/v2\/users\/30"}],"replies":[{"embeddable":true,"href":"https:\/\/www.greenpeace.org\/romania\/wp-json\/wp\/v2\/comments?post=8570"}],"version-history":[{"count":1,"href":"https:\/\/www.greenpeace.org\/romania\/wp-json\/wp\/v2\/posts\/8570\/revisions"}],"predecessor-version":[{"id":8572,"href":"https:\/\/www.greenpeace.org\/romania\/wp-json\/wp\/v2\/posts\/8570\/revisions\/8572"}],"wp:featuredmedia":[{"embeddable":true,"href":"https:\/\/www.greenpeace.org\/romania\/wp-json\/wp\/v2\/media\/8571"}],"wp:attachment":[{"href":"https:\/\/www.greenpeace.org\/romania\/wp-json\/wp\/v2\/media?parent=8570"}],"wp:term":[{"taxonomy":"category","embeddable":true,"href":"https:\/\/www.greenpeace.org\/romania\/wp-json\/wp\/v2\/categories?post=8570"},{"taxonomy":"post_tag","embeddable":true,"href":"https:\/\/www.greenpeace.org\/romania\/wp-json\/wp\/v2\/tags?post=8570"},{"taxonomy":"p4-page-type","embeddable":true,"href":"https:\/\/www.greenpeace.org\/romania\/wp-json\/wp\/v2\/p4-page-type?post=8570"}],"curies":[{"name":"wp","href":"https:\/\/api.w.org\/{rel}","templated":true}]}}