{"id":8608,"date":"2023-05-14T19:46:18","date_gmt":"2023-05-14T16:46:18","guid":{"rendered":"https:\/\/www.greenpeace.org\/romania\/?p=8608"},"modified":"2026-04-02T13:32:51","modified_gmt":"2026-04-02T10:32:51","slug":"povesti-pe-care-le-am-luat-cu-noi-din-domogred","status":"publish","type":"post","link":"https:\/\/www.greenpeace.org\/romania\/articol\/8608\/povesti-pe-care-le-am-luat-cu-noi-din-domogred\/","title":{"rendered":"Pove\u0219ti pe care le-am luat cu noi din Domogled"},"content":{"rendered":"\n<p>\u00cen ultimele dou\u0103 zile am b\u0103tut mun\u021bii \u0219i v\u0103ile carpatice \u00een expedi\u021bia noastr\u0103 #MobileRescue Station Carpathian expedition prin Parcul Na\u021bional Domogled &#8211; Valea Cernei, al\u0103turi de activistul Alexandru Teleag\u0103, care a reu\u0219it, prin eforturi proprii \u0219i \u00een colaborare cu al\u021bi ap\u0103r\u0103tori ai p\u0103durilor, s\u0103 apere de la t\u0103iere codri neatin\u0219i de mii de ani, inclusiv p\u0103durea \u00een care a copil\u0103rit. De fapt, de acolo a pornit lupta lui Alex cu mafia lemnului, care \u00eel consider\u0103 deja Inamicul Local Nr. 1.<\/p>\n\n<figure class=\"wp-block-image size-large\"><img loading=\"lazy\" decoding=\"async\" width=\"1024\" height=\"683\" src=\"https:\/\/www.greenpeace.org\/static\/planet4-romania-stateless\/2023\/05\/4a804ea1-dma08035-1024x683.jpg\" alt=\"\" class=\"wp-image-8609\" srcset=\"https:\/\/www.greenpeace.org\/static\/planet4-romania-stateless\/2023\/05\/4a804ea1-dma08035-1024x683.jpg 1024w, https:\/\/www.greenpeace.org\/static\/planet4-romania-stateless\/2023\/05\/4a804ea1-dma08035-300x200.jpg 300w, https:\/\/www.greenpeace.org\/static\/planet4-romania-stateless\/2023\/05\/4a804ea1-dma08035-768x512.jpg 768w, https:\/\/www.greenpeace.org\/static\/planet4-romania-stateless\/2023\/05\/4a804ea1-dma08035-1536x1024.jpg 1536w, https:\/\/www.greenpeace.org\/static\/planet4-romania-stateless\/2023\/05\/4a804ea1-dma08035-2048x1366.jpg 2048w, https:\/\/www.greenpeace.org\/static\/planet4-romania-stateless\/2023\/05\/4a804ea1-dma08035-510x340.jpg 510w\" sizes=\"auto, (max-width: 1024px) 100vw, 1024px\" \/><figcaption class=\"wp-element-caption\">Fotografie de R\u0103zvan Dima<\/figcaption><\/figure>\n\n<p>Zona e dintre cele mai neobi\u0219nuite pentru Rom\u00e2nia. <a><\/a>\u00cenconjurat\u0103 de st\u00e2nci abrupte din care izvor\u0103sc ape termale care ajung la temperaturi de p\u00e2n\u0103 la 62 de grade Celsius, sub influen\u021ba curen\u021bilor de aer cald, clima se transform\u0103 brusc din temperat\u0103 \u00een sub-mediteraneean\u0103. Pe m\u0103sur\u0103 ce urc\u0103m, vegeta\u021bia se transform\u0103 rapid sub ochii no\u0219tri, \u00eenlocuind obi\u0219nuitele conifere cu p\u0103duri de fag la etajul alpin. Totu\u0219i, pe cele mai \u00eenalte st\u00e2nci a evoluat o subspecie local\u0103 numit\u0103 pinul negru de Banat, care s-a r\u0103sp\u00e2ndit la nivel european. \u00cen Rom\u00e2nia, circa 90% din suprafa\u021ba ocupat\u0103 de acest pin se g\u0103se\u0219te \u00een Parcul Na\u021bional Domogled &#8211; Valea Cernei.<\/p>\n\n<figure class=\"wp-block-image\"><img alt=\"\"\/><\/figure>\n\n<p>Am urcat cu Alex pe un versant \u00eenc\u0103 acoperit de petice de z\u0103pad\u0103 de pe care vedeam clar versantul opus, acoperit de o p\u0103dure virgin\u0103 aflat\u0103 sub protec\u021bie strict\u0103. Aveam a\u0219a o belvedere mul\u021bumit\u0103 Romsilva, care a profitat de faptul c\u0103 p\u0103durea geam\u0103n\u0103, de\u0219i de aceea\u0219i v\u00e2rst\u0103 \u0219i compozi\u021bie, nu a fost trecut\u0103 la timp sub protec\u021bie. A\u0219a c\u0103 au ras-o. N-au mai plantat nimic \u00een loc. Au t\u00e2r\u00e2t lemnul \u0219i au plecat. Dup\u0103 ani buni, versantul \u00eenc\u0103 nu s-a ref\u0103cut. E o priveli\u0219te dezolant\u0103, uscat\u0103, maronie, \u00een care se \u00eenghesuie l\u0103st\u0103ri\u0219 de fag v\u0103duvit de biodiversitatea care-\u0219i avea casa \u00een acea p\u0103dure b\u0103tr\u00e2n\u0103.<\/p>\n\n<figure class=\"wp-block-image\"><img alt=\"\"\/><\/figure>\n\n<figure class=\"wp-block-image\"><img alt=\"\"\/><\/figure>\n\n<p>Alex g\u0103se\u0219te c\u00e2\u021biva arbori care au sc\u0103pat ca prin minune de la t\u0103iere, fiindc\u0103 instan\u021ba a anulat, \u00eentr-un sf\u00e2r\u0219it, autoriza\u021bia de exploatare, chiar dac\u0103 prea t\u00e2rziu. Desigur, drujbarii nu se obosiser\u0103 s\u0103 ia aviz de mediu, fiindc\u0103 \u0219tiau c\u0103 nu \u00eel vor primi. Asta nu i-a \u00eempiedicat s\u0103 marcheze \u0219i ace\u0219ti arbori, \u00een anticiparea unui nou amenajament. Prin\u0219i \u00een fapt de Alex, s-au gr\u0103bit s\u0103 ridice din umeri \u0219i s\u0103-\u0219i acopere urmele. Pentru ei, p\u0103durea nu e dec\u00e2t lemn.<\/p>\n\n<figure class=\"wp-block-image size-large\"><img loading=\"lazy\" decoding=\"async\" width=\"1024\" height=\"683\" src=\"https:\/\/www.greenpeace.org\/static\/planet4-romania-stateless\/2023\/05\/088d07b0-dma07939-1024x683.jpg\" alt=\"\" class=\"wp-image-8613\" srcset=\"https:\/\/www.greenpeace.org\/static\/planet4-romania-stateless\/2023\/05\/088d07b0-dma07939-1024x683.jpg 1024w, https:\/\/www.greenpeace.org\/static\/planet4-romania-stateless\/2023\/05\/088d07b0-dma07939-300x200.jpg 300w, https:\/\/www.greenpeace.org\/static\/planet4-romania-stateless\/2023\/05\/088d07b0-dma07939-768x512.jpg 768w, https:\/\/www.greenpeace.org\/static\/planet4-romania-stateless\/2023\/05\/088d07b0-dma07939-1536x1024.jpg 1536w, https:\/\/www.greenpeace.org\/static\/planet4-romania-stateless\/2023\/05\/088d07b0-dma07939-2048x1366.jpg 2048w, https:\/\/www.greenpeace.org\/static\/planet4-romania-stateless\/2023\/05\/088d07b0-dma07939-510x340.jpg 510w\" sizes=\"auto, (max-width: 1024px) 100vw, 1024px\" \/><\/figure>\n\n<p>C\u00e2\u021biva kilometri mai jos, am f\u0103cut apoi o drume\u021bie lent\u0103 printr-o p\u0103dure virgin\u0103 de fag at\u00e2t de special\u0103 \u00eenc\u00e2t e recunoscut\u0103 \u00een Patrimoniul Mondial UNESCO. Ne-am umplut pl\u0103m\u00e2nii de cel mai pur aer pe care \u00eel po\u021bi respira pe continent \u0219i ne-am bucurat ochii cu flor\u0103 \u0219i faun\u0103 at\u00e2t de diverse \u00eenc\u00e2t nu mai \u0219tiam unde s\u0103 ne oprim, pierz\u00e2ndu-ne unii de al\u021bii.<\/p>\n\n<figure class=\"wp-block-image size-large\"><img loading=\"lazy\" decoding=\"async\" width=\"1024\" height=\"683\" src=\"https:\/\/www.greenpeace.org\/static\/planet4-romania-stateless\/2023\/05\/bfe830db-dma08298-1024x683.jpg\" alt=\"\" class=\"wp-image-8614\" srcset=\"https:\/\/www.greenpeace.org\/static\/planet4-romania-stateless\/2023\/05\/bfe830db-dma08298-1024x683.jpg 1024w, https:\/\/www.greenpeace.org\/static\/planet4-romania-stateless\/2023\/05\/bfe830db-dma08298-300x200.jpg 300w, https:\/\/www.greenpeace.org\/static\/planet4-romania-stateless\/2023\/05\/bfe830db-dma08298-768x512.jpg 768w, https:\/\/www.greenpeace.org\/static\/planet4-romania-stateless\/2023\/05\/bfe830db-dma08298-1536x1024.jpg 1536w, https:\/\/www.greenpeace.org\/static\/planet4-romania-stateless\/2023\/05\/bfe830db-dma08298-2048x1366.jpg 2048w, https:\/\/www.greenpeace.org\/static\/planet4-romania-stateless\/2023\/05\/bfe830db-dma08298-510x340.jpg 510w\" sizes=\"auto, (max-width: 1024px) 100vw, 1024px\" \/><\/figure>\n\n<p>Pe st\u00e2ncile calcaroase am g\u0103sit inul galben de Banat, o specie de ciubo\u021bica cucului, scaunul cucului, precum \u0219i specii rare balcanice \u0219i mediteraneene: m\u0103rul lupului, buruiana v\u00e2ntului, st\u00e2njenelul, br\u00e2ndu\u0219a galben\u0103, s\u00e2ngele voinicului, bulbucul de munte \u0219i smirdarul, toate aflate sub protec\u021bie strict\u0103. Am p\u0103\u0219it cu grij\u0103 printre limac\u0219i imen\u0219i \u0219i salamandre galbene p\u0103tate care ne priveau curioase, neobi\u0219nuite cu vederea drume\u021bilor.<\/p>\n\n<figure class=\"wp-block-image\"><img alt=\"\"\/><\/figure>\n\n<p>Nu departe de locurile magice prin care ne-am purtat pa\u0219ii \u00eenm\u0103rmuri\u021bi, oamenii taie \u00een continuare, uneori doar ca s\u0103 arate c\u0103 pot p\u0103trunde \u00een p\u0103duri neatinse de la ultima glacia\u021biune de acum 11.000 de ani.<\/p>\n\n<figure class=\"wp-block-image size-large\"><img loading=\"lazy\" decoding=\"async\" width=\"1024\" height=\"683\" src=\"https:\/\/www.greenpeace.org\/static\/planet4-romania-stateless\/2023\/05\/4b140679-dma08320-1024x683.jpg\" alt=\"\" class=\"wp-image-8616\" srcset=\"https:\/\/www.greenpeace.org\/static\/planet4-romania-stateless\/2023\/05\/4b140679-dma08320-1024x683.jpg 1024w, https:\/\/www.greenpeace.org\/static\/planet4-romania-stateless\/2023\/05\/4b140679-dma08320-300x200.jpg 300w, https:\/\/www.greenpeace.org\/static\/planet4-romania-stateless\/2023\/05\/4b140679-dma08320-768x512.jpg 768w, https:\/\/www.greenpeace.org\/static\/planet4-romania-stateless\/2023\/05\/4b140679-dma08320-1536x1024.jpg 1536w, https:\/\/www.greenpeace.org\/static\/planet4-romania-stateless\/2023\/05\/4b140679-dma08320-2048x1366.jpg 2048w, https:\/\/www.greenpeace.org\/static\/planet4-romania-stateless\/2023\/05\/4b140679-dma08320-510x340.jpg 510w\" sizes=\"auto, (max-width: 1024px) 100vw, 1024px\" \/><\/figure>\n\n<p>De\u0219i acum nu se taie temporar \u00een p\u0103duri publice, vrem ca lini\u0219tea aceast\u0103 s\u0103 fie permanent\u0103. Trebuie s\u0103 extindem protec\u021bia strict\u0103 de la mai pu\u021bin de 50% la minim 75%, c\u00e2t este stipulat de IUCIN.<\/p>\n\n<p>Mergem mai departe spre urm\u0103torul punct din c\u0103l\u0103toria noastr\u0103 prin Carpa\u021bi, iar \u00eentre timp nu uita\u021bi,<\/p>\n\n<p>\u25ba Semna\u021bi peti\u021bia: <a href=\"http:\/\/www.salvamcarpatii.ro\/?fbclid=IwAR1vYbyjhHGZckQ0TN8lT_EKbPVt4Vl9gWFSYdvkEricTpkZdO_ciUtwcqQ\" rel=\"noreferrer noopener\" target=\"_blank\">http:\/\/www.salvamcarpatii.ro\/<\/a><\/p>\n\n<p><img loading=\"lazy\" decoding=\"async\" height=\"16\" width=\"16\" alt=\"\ud83d\udcf7\" src=\"https:\/\/static.xx.fbcdn.net\/images\/emoji.php\/v9\/tb6\/1.5\/16\/1f4f7.png\"> R\u0103zvan Dima<\/p>\n","protected":false},"excerpt":{"rendered":"<p>\u00cen ultimele dou\u0103 zile am b\u0103tut mun\u021bii \u0219i v\u0103ile carpatice prin Parcul Na\u021bional Domogled &#8211; Valea Cernei, al\u0103turi de activistul Alexandru Teleag\u0103.<\/p>\n","protected":false},"author":34,"featured_media":8614,"comment_status":"open","ping_status":"closed","sticky":false,"template":"","format":"standard","meta":{"ep_exclude_from_search":false,"p4_og_title":"","p4_og_description":"","p4_og_image":"","p4_og_image_id":"","p4_seo_canonical_url":"","p4_campaign_name":"","p4_local_project":"","p4_basket_name":"","p4_department":"","footnotes":""},"categories":[4,3],"tags":[26,19,117,36,107,60,8,95,132,45],"p4-page-type":[],"class_list":["post-8608","post","type-post","status-publish","format-standard","has-post-thumbnail","hentry","category-comunitate","category-paduri","tag-activism","tag-biodiversitate","tag-clima-1","tag-criza-climatica","tag-impreunapentrupaduri","tag-natura","tag-participare-civica-2","tag-taieri-ilegale","tag-campanii-vechi","tag-paduri"],"_links":{"self":[{"href":"https:\/\/www.greenpeace.org\/romania\/wp-json\/wp\/v2\/posts\/8608","targetHints":{"allow":["GET"]}}],"collection":[{"href":"https:\/\/www.greenpeace.org\/romania\/wp-json\/wp\/v2\/posts"}],"about":[{"href":"https:\/\/www.greenpeace.org\/romania\/wp-json\/wp\/v2\/types\/post"}],"author":[{"embeddable":true,"href":"https:\/\/www.greenpeace.org\/romania\/wp-json\/wp\/v2\/users\/34"}],"replies":[{"embeddable":true,"href":"https:\/\/www.greenpeace.org\/romania\/wp-json\/wp\/v2\/comments?post=8608"}],"version-history":[{"count":2,"href":"https:\/\/www.greenpeace.org\/romania\/wp-json\/wp\/v2\/posts\/8608\/revisions"}],"predecessor-version":[{"id":8619,"href":"https:\/\/www.greenpeace.org\/romania\/wp-json\/wp\/v2\/posts\/8608\/revisions\/8619"}],"wp:featuredmedia":[{"embeddable":true,"href":"https:\/\/www.greenpeace.org\/romania\/wp-json\/wp\/v2\/media\/8614"}],"wp:attachment":[{"href":"https:\/\/www.greenpeace.org\/romania\/wp-json\/wp\/v2\/media?parent=8608"}],"wp:term":[{"taxonomy":"category","embeddable":true,"href":"https:\/\/www.greenpeace.org\/romania\/wp-json\/wp\/v2\/categories?post=8608"},{"taxonomy":"post_tag","embeddable":true,"href":"https:\/\/www.greenpeace.org\/romania\/wp-json\/wp\/v2\/tags?post=8608"},{"taxonomy":"p4-page-type","embeddable":true,"href":"https:\/\/www.greenpeace.org\/romania\/wp-json\/wp\/v2\/p4-page-type?post=8608"}],"curies":[{"name":"wp","href":"https:\/\/api.w.org\/{rel}","templated":true}]}}