{"id":8664,"date":"2023-06-14T14:06:50","date_gmt":"2023-06-14T11:06:50","guid":{"rendered":"https:\/\/www.greenpeace.org\/romania\/?p=8664"},"modified":"2023-06-14T14:50:03","modified_gmt":"2023-06-14T11:50:03","slug":"o-comunitate-de-energie-la-bloc","status":"publish","type":"post","link":"https:\/\/www.greenpeace.org\/romania\/articol\/8664\/o-comunitate-de-energie-la-bloc\/","title":{"rendered":"O comunitate de energie la bloc"},"content":{"rendered":"\n<p>Suntem mereu cu ochii \u00een patru pentru a descoperi proiecte locale de energie comunitar\u0103 pe care s\u0103 le d\u0103m drept exemplu. C\u0103ut\u0103rile noastre ne-au condus la cei de la \u00centreVecini, pe care i-am invitat s\u0103 participe \u00een cadrul atelierului de lucru <a href=\"https:\/\/www.greenpeace.org\/romania\/articol\/8477\/comunitati-de-energie-initiative-locale\/\">Comunit\u0103\u021bi de energie. Ini\u021biative locale<\/a>.<\/p>\n\n<p>\u00centreVecini este un proiect despre sustenabilitate la bloc: asocia\u021bia<strong> <\/strong>aduce laolalt\u0103 vecinii pentru a co-produce energie regenerabil\u0103 \u0219i, astfel, pentru a se apropia \u00eentr-un proiect comun de impact pentru mediu \u0219i bun\u0103 vecin\u0103tate. \u00cen 2022, proiectul pilot al celor de la \u00centreVecini a presupus instalarea unor panouri fotovoltaice pe un bloc din Bucure\u0219ti, \u00een sectorul 6.<\/p>\n\n<p><strong>Asocia\u021bia de locatari de pe strada Ghirlandei nr. 46 a devenit prosumatoare<\/strong> \u00een decembrie 2022. \u00centre 2022 \u0219i 2023, comunitatea de vecini a participat la ateliere de civism, apicultur\u0103, compost, cre\u0219terea calit\u0103\u021bii aerului \u00een cartier, energie verde. Locatarii blocului au \u00eenceput s\u0103 se cunoasc\u0103 mai bine, iar comunitatea s-a consolidat \u00een jurul energiei verzi \u0219i a gr\u0103dinii din jurul blocului.<\/p>\n\n<figure class=\"wp-block-image size-large\"><img loading=\"lazy\" decoding=\"async\" width=\"1024\" height=\"768\" src=\"https:\/\/www.greenpeace.org\/static\/planet4-romania-stateless\/2023\/06\/b55a1349-intrevecini-1024x768.jpg\" alt=\"\" class=\"wp-image-8665\" srcset=\"https:\/\/www.greenpeace.org\/static\/planet4-romania-stateless\/2023\/06\/b55a1349-intrevecini-1024x768.jpg 1024w, https:\/\/www.greenpeace.org\/static\/planet4-romania-stateless\/2023\/06\/b55a1349-intrevecini-300x225.jpg 300w, https:\/\/www.greenpeace.org\/static\/planet4-romania-stateless\/2023\/06\/b55a1349-intrevecini-768x576.jpg 768w, https:\/\/www.greenpeace.org\/static\/planet4-romania-stateless\/2023\/06\/b55a1349-intrevecini-1536x1152.jpg 1536w, https:\/\/www.greenpeace.org\/static\/planet4-romania-stateless\/2023\/06\/b55a1349-intrevecini-1821x1366.jpg 1821w, https:\/\/www.greenpeace.org\/static\/planet4-romania-stateless\/2023\/06\/b55a1349-intrevecini-453x340.jpg 453w, https:\/\/www.greenpeace.org\/static\/planet4-romania-stateless\/2023\/06\/b55a1349-intrevecini.jpg 2048w\" sizes=\"auto, (max-width: 1024px) 100vw, 1024px\" \/><figcaption class=\"wp-element-caption\">Panourile fotovoltaice instalate pe acoperi\u0219ul blocului de pe Aleea Ghirlandei nr 46. Surs\u0103 foto: \u00centreVecini<\/figcaption><\/figure>\n\n<p><strong>Un ghid pentru comunit\u0103\u021bi<\/strong><\/p>\n\n<p>Ceea ce pare la \u00eenceput complicat este, de fapt, foarte simplu. Iar pentru a veni \u00een ajutorul asocia\u021biilor care vor s\u0103-\u0219i reduc\u0103 facturile la energie, vor s\u0103 produc\u0103 \u0219i s\u0103 consume energie verde, s\u0103 se apropie ca oameni \u0219i, de ce nu, s\u0103 aib\u0103 profit financiar, \u00centreVecini au lansat ghidul<a href=\"https:\/\/www.facebook.com\/hashtag\/energiepebloc?__eep__=6&amp;__cft__[0]=AZVBUVcryBH8IkwlwI1yMMP73naJXUPaD1U8qnBr43-aXHgYcKAMNDL3H1Eh0Zf2u7yHfYA_l4JPwoqsbWfUlEyzieGNH0uYzdR3kCKNU5Ua21mf97GT2dKdPX6Kl0HFA0J96Fiyqq23TgIDiSX7dgDjuFzarYnac4S6AJLkwBfPGgM2VAt7M9J1eBHAowPqdMw&amp;__tn__=*NK-R\"> #<\/a><a href=\"https:\/\/docs.google.com\/presentation\/d\/1UhzM5tAYZEwOHAMX2BW6gR5HLNCcygYiaMpnq8_SNkw\/edit?pli=1#slide=id.g20a52efa9b5_1_0\">EnergiePeBloc<\/a>. Ghidul este un scurt \u00eendrumar pentru cum poate <strong>o asocia\u021bie de bloc s\u0103 devin\u0103 prosumatoare<\/strong>, care sunt pa\u0219ii legislativi \u0219i care sunt costurile de instalare.<\/p>\n\n<p>La evenimentul de lansare din gr\u0103dina blocului de pe Aleea Ghirlandei au fost prezen\u021bi peste 150 de oameni. Copii \u0219i seniori s-au bucurat \u0219i s-au conectat, au participat la ateliere de energie solar\u0103, compost \u0219i calitatea aerului. Mult\u0103 energie \u0219i voie bun\u0103, ca \u00een orice comunitate unit\u0103!<\/p>\n\n<p><strong>Beneficiile energiei de pe bloc<\/strong><\/p>\n\n<p>Pe parcursul evenimentului, am participat la un atelier de energie solar\u0103, unde am aflat de la POWERToMe, care s-au ocupat de instalarea panourilor fotovoltaice pe blocul prosumator, ce pot face vecinii de la bloc cu energia produs\u0103 independent. Ei pot, astfel, stoca energia \u00een baterii, ori pot instala o sta\u021bie de \u00eenc\u0103rcare electric\u0103 pentru a fi folosit\u0103 la comun.&nbsp;<\/p>\n\n<p>Ce te-ar mai putea interesa pe tine \u0219i vecinii t\u0103i este c\u0103:<\/p>\n\n<ul class=\"wp-block-list\">\n<li>Perioada de amortizare a investi\u021biei este <strong>mai mic\u0103 de patru ani<\/strong><\/li>\n\n\n\n<li>Panourile solare ajut\u0103 la <strong>sc\u0103derea temperaturii blocului<\/strong>, umbrind acoperi\u0219ul<\/li>\n\n\n\n<li>La o investi\u021bie de 5.000 de euro pentru instalarea panourilor fotovoltaice, pute\u021bi avea un <strong>beneficiu de 600 lei\/lun\u0103<\/strong> la momentul actual (\u00een cre\u0219tere exponen\u021bial\u0103!)<\/li>\n<\/ul>\n\n<p><strong>Alte 5 proiecte<\/strong>. \u00centreVecini caut\u0103 5 alte blocuri pentru instalarea unor panouri fotovoltaice pe acoperi\u0219urile lor. Ei invit\u0103 vecini dornici s\u0103 \u00eenve\u021be s\u0103 produc\u0103 \u0219i s\u0103 consume energie regenerabil\u0103 la bloc. Vezi <a href=\"https:\/\/docs.google.com\/forms\/d\/e\/1FAIpQLSdpxVw0xHBVCOHvO31IXFvyeumUGuUHvHhdeWQc7V9RtJ4cjA\/viewform?pli=1\">aici<\/a> cum v\u0103 pute\u021bi \u00eenscrie la apelul lor \u0219i cum pute\u021bi lua parte la descentralizarea sistemului energetic!<\/p>\n\n<figure class=\"wp-block-image size-large\"><img loading=\"lazy\" decoding=\"async\" width=\"1024\" height=\"602\" src=\"https:\/\/www.greenpeace.org\/static\/planet4-romania-stateless\/2023\/06\/188c35cb-intrevecini-2-1024x602.jpg\" alt=\"\" class=\"wp-image-8666\" srcset=\"https:\/\/www.greenpeace.org\/static\/planet4-romania-stateless\/2023\/06\/188c35cb-intrevecini-2-1024x602.jpg 1024w, https:\/\/www.greenpeace.org\/static\/planet4-romania-stateless\/2023\/06\/188c35cb-intrevecini-2-300x176.jpg 300w, https:\/\/www.greenpeace.org\/static\/planet4-romania-stateless\/2023\/06\/188c35cb-intrevecini-2-768x451.jpg 768w, https:\/\/www.greenpeace.org\/static\/planet4-romania-stateless\/2023\/06\/188c35cb-intrevecini-2-1536x903.jpg 1536w, https:\/\/www.greenpeace.org\/static\/planet4-romania-stateless\/2023\/06\/188c35cb-intrevecini-2-510x300.jpg 510w, https:\/\/www.greenpeace.org\/static\/planet4-romania-stateless\/2023\/06\/188c35cb-intrevecini-2.jpg 1778w\" sizes=\"auto, (max-width: 1024px) 100vw, 1024px\" \/><figcaption class=\"wp-element-caption\">Evenimentul de lansare al ghidului #EnergiePeBloc. Sursa foto: \u00centreVecini<\/figcaption><\/figure>\n\n<p>Vedem \u0219i sim\u021bim de la an la an cum ne afecteaz\u0103 poluarea. Doar Bucure\u0219tiul are peste 16.000 de blocuri, \u00eens\u0103 acoperi\u0219uri \u00eentregi r\u0103m\u00e2n nefolosite. <a href=\"https:\/\/www.greenpeace.org\/static\/planet4-romania-stateless\/2022\/06\/6f987ef1-o-resursa-nefolosita-potentialul-fotovoltaic-al-cladirilor-publice-din-romania.pdf?utm_source=study+photovoltaic+potential&amp;utm_medium=site&amp;utm_campaign=romania+RES\">Oare de ce nu v\u0103d primarii energia de pe acoperi\u0219uri?<\/a> Greenpeace Rom\u00e2nia a realizat anul trecut un studiu al acestui poten\u021bial major care ar putea fi utilizat \u00een beneficiul tuturor.<\/p>\n\n<p>Ne dorim ca autorit\u0103\u021bile s\u0103 includ\u0103 instalarea panourilor fotovoltaice pe acoperi\u0219urile blocurilor, \u00een cadrul programelor de eficien\u021b\u0103 energetic\u0103, iar fiecare apartament s\u0103 beneficieze individual de utilizarea energiei de pe bloc. Chiar nu e a\u0219a de greu, dup\u0103 cum ne arat\u0103 ini\u021biative civice de la firul ierbii, cum e \u00centreVecini \u0219i cum po\u021bi fi chiar tu, al\u0103turi de comunitatea ta!<\/p>\n\n<figure class=\"wp-block-image size-large\"><img loading=\"lazy\" decoding=\"async\" width=\"1024\" height=\"768\" src=\"https:\/\/www.greenpeace.org\/static\/planet4-romania-stateless\/2023\/06\/c1519078-intrevecini-3-1024x768.jpg\" alt=\"\" class=\"wp-image-8667\" srcset=\"https:\/\/www.greenpeace.org\/static\/planet4-romania-stateless\/2023\/06\/c1519078-intrevecini-3-1024x768.jpg 1024w, https:\/\/www.greenpeace.org\/static\/planet4-romania-stateless\/2023\/06\/c1519078-intrevecini-3-300x225.jpg 300w, https:\/\/www.greenpeace.org\/static\/planet4-romania-stateless\/2023\/06\/c1519078-intrevecini-3-768x576.jpg 768w, https:\/\/www.greenpeace.org\/static\/planet4-romania-stateless\/2023\/06\/c1519078-intrevecini-3-1536x1152.jpg 1536w, https:\/\/www.greenpeace.org\/static\/planet4-romania-stateless\/2023\/06\/c1519078-intrevecini-3-1821x1366.jpg 1821w, https:\/\/www.greenpeace.org\/static\/planet4-romania-stateless\/2023\/06\/c1519078-intrevecini-3-453x340.jpg 453w, https:\/\/www.greenpeace.org\/static\/planet4-romania-stateless\/2023\/06\/c1519078-intrevecini-3.jpg 2048w\" sizes=\"auto, (max-width: 1024px) 100vw, 1024px\" \/><figcaption class=\"wp-element-caption\">A\u0219a arat\u0103 o comunitate. Sursa foto: \u00centreVecini<\/figcaption><\/figure>\n","protected":false},"excerpt":{"rendered":"<p>Suntem mereu cu ochii \u00een patru pentru a descoperi proiecte locale de energie comunitar\u0103 pe care s\u0103 le d\u0103m drept exemplu. C\u0103ut\u0103rile noastre ne-au condus la cei de la \u00centreVecini,&hellip;<\/p>\n","protected":false},"author":57,"featured_media":8665,"comment_status":"open","ping_status":"closed","sticky":false,"template":"","format":"standard","meta":{"ep_exclude_from_search":false,"p4_og_title":"","p4_og_description":"","p4_og_image":"","p4_og_image_id":"","p4_seo_canonical_url":"","p4_campaign_name":"","p4_local_project":"","p4_basket_name":"","p4_department":"","footnotes":""},"categories":[2,4],"tags":[112,36,120,68,7],"p4-page-type":[],"class_list":["post-8664","post","type-post","status-publish","format-standard","has-post-thumbnail","hentry","category-clima-si-energie","category-comunitate","tag-comunitati-de-energie-1","tag-criza-climatica","tag-eficienta-energetica-1","tag-energie","tag-energie-regenerabila"],"_links":{"self":[{"href":"https:\/\/www.greenpeace.org\/romania\/wp-json\/wp\/v2\/posts\/8664","targetHints":{"allow":["GET"]}}],"collection":[{"href":"https:\/\/www.greenpeace.org\/romania\/wp-json\/wp\/v2\/posts"}],"about":[{"href":"https:\/\/www.greenpeace.org\/romania\/wp-json\/wp\/v2\/types\/post"}],"author":[{"embeddable":true,"href":"https:\/\/www.greenpeace.org\/romania\/wp-json\/wp\/v2\/users\/57"}],"replies":[{"embeddable":true,"href":"https:\/\/www.greenpeace.org\/romania\/wp-json\/wp\/v2\/comments?post=8664"}],"version-history":[{"count":3,"href":"https:\/\/www.greenpeace.org\/romania\/wp-json\/wp\/v2\/posts\/8664\/revisions"}],"predecessor-version":[{"id":8670,"href":"https:\/\/www.greenpeace.org\/romania\/wp-json\/wp\/v2\/posts\/8664\/revisions\/8670"}],"wp:featuredmedia":[{"embeddable":true,"href":"https:\/\/www.greenpeace.org\/romania\/wp-json\/wp\/v2\/media\/8665"}],"wp:attachment":[{"href":"https:\/\/www.greenpeace.org\/romania\/wp-json\/wp\/v2\/media?parent=8664"}],"wp:term":[{"taxonomy":"category","embeddable":true,"href":"https:\/\/www.greenpeace.org\/romania\/wp-json\/wp\/v2\/categories?post=8664"},{"taxonomy":"post_tag","embeddable":true,"href":"https:\/\/www.greenpeace.org\/romania\/wp-json\/wp\/v2\/tags?post=8664"},{"taxonomy":"p4-page-type","embeddable":true,"href":"https:\/\/www.greenpeace.org\/romania\/wp-json\/wp\/v2\/p4-page-type?post=8664"}],"curies":[{"name":"wp","href":"https:\/\/api.w.org\/{rel}","templated":true}]}}