{"id":8689,"date":"2023-06-21T12:54:21","date_gmt":"2023-06-21T09:54:21","guid":{"rendered":"https:\/\/www.greenpeace.org\/romania\/?p=8689"},"modified":"2023-06-21T12:54:23","modified_gmt":"2023-06-21T09:54:23","slug":"green-community-fest","status":"publish","type":"post","link":"https:\/\/www.greenpeace.org\/romania\/articol\/8689\/green-community-fest\/","title":{"rendered":"Green CommUNITY Fest"},"content":{"rendered":"\n<p><strong><em>T\u00e2rgu Jiu, 20 iunie 2023<\/em><\/strong>&nbsp;&#8211; Greenpeace Rom\u00e2nia \u0219i Asocia\u021bia Colour Your Dreams v\u0103 invit\u0103 la o serie de proiec\u021bii de film \u0219i dezbateri pe subiecte de mediu \u0219i activism, \u00een cadrul&nbsp;<strong>Green CommUNITY Fest<\/strong>, care are loc \u00een perioada 23-25 iunie \u0219i include ateliere \u0219i activit\u0103\u021bi destinate tinerilor din T\u00e2rgu Jiu.<\/p>\n\n<p>T\u00e2rgu Jiu este Capitala Tineretului din Rom\u00e2nia \u00een 2023, un program ce pune accent pe dezvoltarea spa\u021biilor urbane \u0219i proiectelor de sprijin \u0219i de educa\u021bie dedicate tinerilor.&nbsp;La doi ani dup\u0103 lansarea studiului \u201eTranzi\u021bia sustenabil\u0103 a jude\u021bului Gorj\u201d, Greenpeace Rom\u00e2nia revine la T\u00e2rgu Jiu pentru a colabora \u0219i discuta cu tinerii, principala resurs\u0103 a acestui jude\u021b, care trebuie s\u0103 se afle \u00een centrul oric\u0103rui plan transforma\u021bional.<\/p>\n\n<p>Filmele incluse \u00een programul festivalului sunt apreciate la nivel interna\u021bional \u0219i prezint\u0103 oameni care s-au aliat pentru a construi \u00eempreun\u0103 o lume mai sustenabil\u0103.&nbsp;<em>We the Power: The Future of Energy is Community-Owned<\/em>&nbsp;este un documentar despre localnici care \u00eencep s\u0103 \u00ee\u0219i produc\u0103 propria energie verde, nemaidorind s\u0103 fie la m\u00e2na corpora\u021biile poluante care continu\u0103 s\u0103 creasc\u0103 pre\u021burile la energie. Vom descoperi cum comunit\u0103\u021bi de energie din Spania \u0219i Marea Britanie revolu\u021bioneaz\u0103 sistemul energetic \u0219i ne ofer\u0103 exemple de comunit\u0103\u021bi mai s\u0103n\u0103toase \u0219i mai stabile financiar.<\/p>\n\n<p>Proiec\u021biile \u0219i dezbaterile vor deschide un dialog constructiv despre schimb\u0103rile climatice, rolul comunit\u0103\u021bilor, energie regenerabil\u0103, comunit\u0103\u021bi de energie \u0219i sustenabilitate \u00een regiunile aflate \u00een tranzi\u021bie.&nbsp;<\/p>\n\n<p>Unul dintre punctele cheie ale Green CommUNITY Fest este dezbaterea&nbsp;<em>Comunit\u0103\u021bi de energie \u00een Valea Jiului<\/em>, prin intermediul c\u0103reia ne dorim s\u0103 aducem \u00een discu\u021bie rolul pe care \u00eel au tinerii \u0219i comunit\u0103\u021bile locale \u00een procesul de tranzi\u021bie just\u0103. Prin comunit\u0103\u021bile de energie, oamenii cap\u0103t\u0103 mijloacele pentru a-\u0219i produce energia regenerabil\u0103, de a avea un control asupra costurilor energiei \u0219i de a pune bazele unui sistem energetic descentralizat ce ajut\u0103 la dezvoltarea regiunii \u0219i a oamenilor care particip\u0103 la acest proces.&nbsp;<\/p>\n\n<p>Programul proiec\u021biilor:<\/p>\n\n<figure class=\"wp-block-image size-large\"><img loading=\"lazy\" decoding=\"async\" width=\"1024\" height=\"576\" src=\"https:\/\/www.greenpeace.org\/static\/planet4-romania-stateless\/2023\/06\/53fa83da-presa_program-1024x576.jpg\" alt=\"\" class=\"wp-image-8691\" srcset=\"https:\/\/www.greenpeace.org\/static\/planet4-romania-stateless\/2023\/06\/53fa83da-presa_program-1024x576.jpg 1024w, https:\/\/www.greenpeace.org\/static\/planet4-romania-stateless\/2023\/06\/53fa83da-presa_program-300x169.jpg 300w, https:\/\/www.greenpeace.org\/static\/planet4-romania-stateless\/2023\/06\/53fa83da-presa_program-768x432.jpg 768w, https:\/\/www.greenpeace.org\/static\/planet4-romania-stateless\/2023\/06\/53fa83da-presa_program-1536x864.jpg 1536w, https:\/\/www.greenpeace.org\/static\/planet4-romania-stateless\/2023\/06\/53fa83da-presa_program-2048x1152.jpg 2048w, https:\/\/www.greenpeace.org\/static\/planet4-romania-stateless\/2023\/06\/53fa83da-presa_program-510x287.jpg 510w\" sizes=\"auto, (max-width: 1024px) 100vw, 1024px\" \/><\/figure>\n\n<p>\u201eSuntem \u00eenc\u00e2nta\u021bi s\u0103 revenim \u00een Gorj cu un eveniment dedicat tinerilor. Programul celor trei zile le ofer\u0103 acestora posibilitatea de a viziona filme documentare pe teme de mediu care au puterea de a inspira. \u00cen plus, dezbaterile prilejuite de aceste filme, precum \u0219i celelalte activit\u0103\u021bi incluse \u00een program, vor servi drept oportunit\u0103\u021bi pentru ca tinerii din T\u00e2rgu Jiu s\u0103-\u0219i exprime opiniile asupra unor subiecte care le afecteaz\u0103 direct via\u021ba\u201d, spune Andrei Cr\u0103ciun, campaigner Greenpeace Rom\u00e2nia pentru comunit\u0103\u021bi de energie.<\/p>\n\n<p><strong>Vino la Green CommUNITY Fest, festivalul tinerilor care vor s\u0103 fac\u0103 o diferen\u021b\u0103 pentru comunitatea lor!<\/strong><\/p>\n\n<p>Pentru mai multe informa\u021bii:<\/p>\n\n<p>Andrei Cr\u0103ciun, campaigner comunit\u0103\u021bi de energie, Greenpeace Rom\u00e2nia,&nbsp;<a href=\"mailto:acraciun@greenpeace.org\" target=\"_blank\" rel=\"noreferrer noopener\">acraciun@greenpeace.org<\/a>, +40 733 419 254<\/p>\n\n<p>Olimpia Nicolae, PR&amp;Comunicare, Greenpeace Rom\u00e2nia,&nbsp;<a href=\"mailto:onicolae@greenpeace.org\" target=\"_blank\" rel=\"noreferrer noopener\">onicolae@greenpeace.org<\/a>, +40 722 99 61 33<\/p>\n","protected":false},"excerpt":{"rendered":"<p>Greenpeace Rom\u00e2nia \u0219i Asocia\u021bia Colour Your Dreams co-organizeaz\u0103 un festival de proiec\u021bii de film, dezbateri pe subiecte de mediu \u0219i activism \u00een T\u00e2rgu Jiu.<\/p>\n","protected":false},"author":34,"featured_media":8701,"comment_status":"open","ping_status":"closed","sticky":false,"template":"","format":"standard","meta":{"ep_exclude_from_search":false,"p4_og_title":"","p4_og_description":"","p4_og_image":"","p4_og_image_id":"","p4_seo_canonical_url":"","p4_campaign_name":"","p4_local_project":"","p4_basket_name":"","p4_department":"","footnotes":""},"categories":[2,4],"tags":[112,7,117],"p4-page-type":[],"class_list":["post-8689","post","type-post","status-publish","format-standard","has-post-thumbnail","hentry","category-clima-si-energie","category-comunitate","tag-comunitati-de-energie-1","tag-energie-regenerabila","tag-clima-1"],"_links":{"self":[{"href":"https:\/\/www.greenpeace.org\/romania\/wp-json\/wp\/v2\/posts\/8689","targetHints":{"allow":["GET"]}}],"collection":[{"href":"https:\/\/www.greenpeace.org\/romania\/wp-json\/wp\/v2\/posts"}],"about":[{"href":"https:\/\/www.greenpeace.org\/romania\/wp-json\/wp\/v2\/types\/post"}],"author":[{"embeddable":true,"href":"https:\/\/www.greenpeace.org\/romania\/wp-json\/wp\/v2\/users\/34"}],"replies":[{"embeddable":true,"href":"https:\/\/www.greenpeace.org\/romania\/wp-json\/wp\/v2\/comments?post=8689"}],"version-history":[{"count":2,"href":"https:\/\/www.greenpeace.org\/romania\/wp-json\/wp\/v2\/posts\/8689\/revisions"}],"predecessor-version":[{"id":8702,"href":"https:\/\/www.greenpeace.org\/romania\/wp-json\/wp\/v2\/posts\/8689\/revisions\/8702"}],"wp:featuredmedia":[{"embeddable":true,"href":"https:\/\/www.greenpeace.org\/romania\/wp-json\/wp\/v2\/media\/8701"}],"wp:attachment":[{"href":"https:\/\/www.greenpeace.org\/romania\/wp-json\/wp\/v2\/media?parent=8689"}],"wp:term":[{"taxonomy":"category","embeddable":true,"href":"https:\/\/www.greenpeace.org\/romania\/wp-json\/wp\/v2\/categories?post=8689"},{"taxonomy":"post_tag","embeddable":true,"href":"https:\/\/www.greenpeace.org\/romania\/wp-json\/wp\/v2\/tags?post=8689"},{"taxonomy":"p4-page-type","embeddable":true,"href":"https:\/\/www.greenpeace.org\/romania\/wp-json\/wp\/v2\/p4-page-type?post=8689"}],"curies":[{"name":"wp","href":"https:\/\/api.w.org\/{rel}","templated":true}]}}