{"id":874,"date":"2016-07-04T00:00:00","date_gmt":"2016-07-03T21:00:00","guid":{"rendered":"https:\/\/master.k8s.p4.greenpeace.org\/romania\/articol\/874\/raport-europes-dark-cloud-how-coal-burning-countries-make-their-neighbours-sick\/"},"modified":"2019-11-06T12:04:28","modified_gmt":"2019-11-06T09:04:28","slug":"raport-europes-dark-cloud-how-coal-burning-countries-make-their-neighbours-sick","status":"publish","type":"post","link":"https:\/\/www.greenpeace.org\/romania\/raport\/874\/raport-europes-dark-cloud-how-coal-burning-countries-make-their-neighbours-sick\/","title":{"rendered":"Raport &#8211; Europe\u2019s Dark Cloud: How coal-burning countries make their neighbours sick"},"content":{"rendered":"<div class=\"leader\" style=\"font-weight: bold; margin-bottom: 12px;\">Raport \u2013 Europe\u2019s Dark Cloud: How coal-burning countries make their neighbours sick<\/div>\n<div>\n<p>Prima analiz\u0103 a impactului transfrontalier asupra s\u0103n\u0103t\u0103\u021bii cauzat de termocentralele pe c\u0103rbune<\/p>\n<\/div>\n<p><a href=\"https:\/\/www.greenpeace.org\/static\/planet4-romania-stateless\/2019\/07\/f2782960-f2782960-dark-cloud-report.pdf\" target=\"_blank\" rel=\"noopener noreferrer\">Europe\u2019s Dark Cloud: How coal-burning countries make their neighbours sick<\/a><\/p>\n","protected":false},"excerpt":{"rendered":"<p>Raport &#8211; Europe\u2019s Dark Cloud: How coal-burning countries make their neighbors sick.<\/p>\n","protected":false},"author":34,"featured_media":976,"comment_status":"closed","ping_status":"closed","sticky":false,"template":"","format":"standard","meta":{"ep_exclude_from_search":false,"p4_og_title":"","p4_og_description":"","p4_og_image":"","p4_og_image_id":"","p4_seo_canonical_url":"","p4_campaign_name":"","p4_local_project":"","p4_basket_name":"","p4_department":"","footnotes":""},"categories":[2],"tags":[18],"p4-page-type":[28],"class_list":["post-874","post","type-post","status-publish","format-standard","has-post-thumbnail","hentry","category-clima-si-energie","tag-carbune","p4-page-type-raport"],"_links":{"self":[{"href":"https:\/\/www.greenpeace.org\/romania\/wp-json\/wp\/v2\/posts\/874","targetHints":{"allow":["GET"]}}],"collection":[{"href":"https:\/\/www.greenpeace.org\/romania\/wp-json\/wp\/v2\/posts"}],"about":[{"href":"https:\/\/www.greenpeace.org\/romania\/wp-json\/wp\/v2\/types\/post"}],"author":[{"embeddable":true,"href":"https:\/\/www.greenpeace.org\/romania\/wp-json\/wp\/v2\/users\/34"}],"replies":[{"embeddable":true,"href":"https:\/\/www.greenpeace.org\/romania\/wp-json\/wp\/v2\/comments?post=874"}],"version-history":[{"count":2,"href":"https:\/\/www.greenpeace.org\/romania\/wp-json\/wp\/v2\/posts\/874\/revisions"}],"predecessor-version":[{"id":1475,"href":"https:\/\/www.greenpeace.org\/romania\/wp-json\/wp\/v2\/posts\/874\/revisions\/1475"}],"wp:featuredmedia":[{"embeddable":true,"href":"https:\/\/www.greenpeace.org\/romania\/wp-json\/wp\/v2\/media\/976"}],"wp:attachment":[{"href":"https:\/\/www.greenpeace.org\/romania\/wp-json\/wp\/v2\/media?parent=874"}],"wp:term":[{"taxonomy":"category","embeddable":true,"href":"https:\/\/www.greenpeace.org\/romania\/wp-json\/wp\/v2\/categories?post=874"},{"taxonomy":"post_tag","embeddable":true,"href":"https:\/\/www.greenpeace.org\/romania\/wp-json\/wp\/v2\/tags?post=874"},{"taxonomy":"p4-page-type","embeddable":true,"href":"https:\/\/www.greenpeace.org\/romania\/wp-json\/wp\/v2\/p4-page-type?post=874"}],"curies":[{"name":"wp","href":"https:\/\/api.w.org\/{rel}","templated":true}]}}