{"id":8823,"date":"2023-08-31T13:14:06","date_gmt":"2023-08-31T10:14:06","guid":{"rendered":"https:\/\/www.greenpeace.org\/romania\/?p=8823"},"modified":"2026-04-02T13:32:39","modified_gmt":"2026-04-02T10:32:39","slug":"actiunea-civica-e-singura-solutie-pentru-a-salva-natura-din-orase","status":"publish","type":"post","link":"https:\/\/www.greenpeace.org\/romania\/articol\/8823\/actiunea-civica-e-singura-solutie-pentru-a-salva-natura-din-orase\/","title":{"rendered":"Ac\u021biunea civic\u0103 e singura solu\u021bie pentru a salva natura din ora\u0219e"},"content":{"rendered":"\n<p>Am crescut \u00een genera\u021bia \u00een care am pus egal \u00eentre lupta pentru mediu \u0219i protestele pentru Salvarea Ro\u0219ia Montan\u0103. Am petrecut multe zile \u00een strad\u0103, b\u0103t\u00e2nd cu PET-ul plin de pietre \u00een caldar\u00e2m, sim\u021bind c\u0103 am o voce \u0219i am \u0219ansa s\u0103 fac ceva important pentru viitor \u0219i genera\u021bia mea. \u0218i nu sunt singura. Zeci de mii de oameni au ie\u0219it atunci \u00een strad\u0103 pentru mediu.&nbsp;<\/p>\n\n<p>Acum travers\u0103m un alt moment la fel de important pentru societate. Un moment \u00een care la fel ca atunci, oamenii ac\u021bioneaz\u0103 \u0219i lupt\u0103 pentru mediu, se opun distrugerii spa\u021biilor verzi din ora\u0219e, iau la \u00eentreb\u0103ri deciziile autorit\u0103\u021bilor care i-au l\u0103sat f\u0103r\u0103 sute de hectare de \u201epl\u0103m\u00e2ni urbani\u201d \u0219i se unesc \u00een grupuri cu un scop comun: ora\u0219e tr\u0103ibile cu spa\u021bii verzi. Poate nu este o mi\u0219care at\u00e2t de vizibil\u0103 precum protestele de strad\u0103 de la Ro\u0219ia Montan\u0103, dar este \u00een orice caz o mi\u0219care care a atras aten\u021bia presei \u0219i care ne reune\u0219te sub idealul de locuire \u00een ora\u0219e \u00een care natura face parte din via\u021ba noastr\u0103.&nbsp;<\/p>\n\n<figure class=\"wp-block-image size-full\"><img loading=\"lazy\" decoding=\"async\" width=\"534\" height=\"960\" src=\"https:\/\/www.greenpeace.org\/static\/planet4-romania-stateless\/2023\/08\/0994154f-371909387_236791382681142_4512222066821895262_n.jpg\" alt=\"\" class=\"wp-image-8824\" srcset=\"https:\/\/www.greenpeace.org\/static\/planet4-romania-stateless\/2023\/08\/0994154f-371909387_236791382681142_4512222066821895262_n.jpg 534w, https:\/\/www.greenpeace.org\/static\/planet4-romania-stateless\/2023\/08\/0994154f-371909387_236791382681142_4512222066821895262_n-167x300.jpg 167w, https:\/\/www.greenpeace.org\/static\/planet4-romania-stateless\/2023\/08\/0994154f-371909387_236791382681142_4512222066821895262_n-189x340.jpg 189w\" sizes=\"auto, (max-width: 534px) 100vw, 534px\" \/><\/figure>\n\n<p>Masacrul din IOR<\/p>\n\n<p>De\u0219i cartierul Titan are faima unui cartier verde, o suprafa\u021b\u0103 de 12 hectare din Parcul IOR, echivalentul a 12 terenuri de fotbal, e pe cale s\u0103 fie pierdut\u0103 pentru totdeauna. Mai multe despre realitatea trist\u0103 a Parcului IOR se g\u0103sesc aici:&nbsp; <a href=\"https:\/\/suport.greenpeace.ro\/petitieior\">https:\/\/suport.greenpeace.ro\/petitieior<\/a> <\/p>\n\n<p>De luni de zile, comunitatea care s-a unit \u00eentr-un grup civic, <em>Grupul de Ini\u021biativ\u0103 Civic\u0103 IOR &#8211; Titan<\/em>, folose\u0219te diverse metode prin care cere liderilor politici s\u0103 vin\u0103 cu solu\u021bii pentru re\u00eentregirea parcului. \u00centre timp, IOR-ul se confrunt\u0103 cu t\u0103ieri ilegale, otr\u0103viri ale arborilor, incendii dese care las\u0103 spa\u021biul o p\u00e2rloag\u0103.<\/p>\n\n<figure class=\"wp-block-image\"><img alt=\"\"\/><\/figure>\n\n<p><em>Grupul de Ini\u021biativ\u0103 Civic\u0103 IOR &#8211; Titan,<\/em> \u00eempreun\u0103 cu Greenpeace a organizat unul dintre cele mai mari proteste pe care le-a v\u0103zut cartierul, cu peste 1 000 de oameni, <a href=\"https:\/\/www.facebook.com\/groups\/260230886617556\/\">\u00een fiecare s\u0103pt\u0103m\u00e2n\u0103 arti\u0219tii reuni\u021bi sub numele <strong><em>aici a fost o p\u0103dure<\/em><\/strong><em> <\/em>fac lan\u021buri umane la care este invitat\u0103 comunitatea<\/a>, proteste \u00een fa\u021ba Prim\u0103riei, particip\u0103ri \u00een cadrul \u0219edin\u021belor publice, tururi ghidate \u00een care e prezentat\u0103 distrugerea parcului, evenimentul \u201eE via\u021b\u0103 \u00een IOR&#8221; cu sportivi, instructori \u0219i arti\u0219ti ai zonei, iar chiar \u00eencep\u00e2nd din 3 septembrie, pute\u021bi <a href=\"https:\/\/fb.me\/e\/2RDL8mcGR\">participa la urm\u0103torul eveniment de tip occupy, propus de <strong><em>aici a fost o p\u0103dure<\/em><\/strong><\/a>.&nbsp;<\/p>\n\n<p>\u00centre timp, peti\u021bia pentru salvarea Parcului IOR poate convinge autorit\u0103\u021bile s\u0103 g\u0103seasc\u0103 solu\u021bii. Peste 20.000 de cet\u0103\u021beni au semnat, dac\u0103 nu ai apucat s\u0103 semnezi \u0219i tu, intr\u0103 aici: <a href=\"https:\/\/suport.greenpeace.ro\/petitieior\">https:\/\/suport.greenpeace.ro\/petitieior<\/a>.&nbsp;<\/p>\n\n<figure class=\"wp-block-image\"><img decoding=\"async\" src=\"https:\/\/lh3.googleusercontent.com\/A15_JriavXocghWfA_ZVSgq7SWRvfh7Am0FRg8oyH3DCYqL6u1bWwIsPzjU113QPuvf3UUY87bojBYkWVqThy_Dn4-_dogB3JEAdI1LR04FzZBtCxMs_462-gC3j6KJAaHG5Hj-uRHP1Lclsoy_zVBY\" alt=\"\"\/><\/figure>\n\n<p>Ini\u021biativa <a href=\"https:\/\/www.facebook.com\/profile.php?id=100094536877679&amp;__cft__[0]=AZWHwcQMTAFv-iwMxdf9mXdlB6QQWQF28bUDqp4jDILnIePojrUlMH33_yz_z8_EQOsiNyOaxeP8jG03x3avYXzE8rlINkde6JWEZBGCokzGQYCi3KNfRkFALS20G11J4e2sF7mptWpJi_ueb6j9Gjm6&amp;__tn__=-UC%2CP-R\">Oprim mutilarea Clujului. Salv\u0103m copacii de pe strada Universit\u0103\u0163ii<\/a> ne-a ar\u0103tat tuturor ce poate \u00eensemna puterea salvatoare a comunit\u0103\u021bii. Reac\u021bia rapid\u0103 \u0219i lan\u021bul uman care a protejat arborii de pe strada Kog\u0103lniceanu din Cluj a f\u0103cut ca administra\u021bia public\u0103 local\u0103 s\u0103 asculte de dorin\u021ba oamenilor din zon\u0103 \u0219i s\u0103 g\u0103seasc\u0103 o solu\u021bie care s\u0103 salveze arborii crescu\u021bi \u00een zeci de ani, de care comunitatea este at\u00e2t de legat\u0103.&nbsp;<\/p>\n\n<figure class=\"wp-block-image\"><img decoding=\"async\" src=\"https:\/\/lh5.googleusercontent.com\/RitBGw8-UGkesh-ROh-8vdoeyuHsh83wzoAf7AdNyLUHooKR1MjziMq9VP-HeWG9AMl3N-hcpILMnKGc7u7WrQ8K1Cw0B98ZkwCxMBRNeUGVIVP9pDfXwllXYA6JnDCGRFMuuwPI2yc6KkAWri1kiRk\" alt=\"\"\/><\/figure>\n\n<p>\u00cen Media\u0219 cet\u0103\u021benii<a href=\"https:\/\/www.facebook.com\/orasulteilor\"> redescoper\u0103 c\u0103 au o voce<\/a>. Prim\u0103ria propune un proiect de Modernizare a Centrului Istoric al Media\u0219ului, al c\u0103rui rezultat va fi masacrarea teilor pentru care este recunoscut ora\u0219ul. Dar aceste decizii nu r\u0103m\u00e2n f\u0103r\u0103<a href=\"https:\/\/www.facebook.com\/orasulteilor\/posts\/pfbid02mQvqJDC9vZHYfstKayJoaWrUBWyzDd77pGpb8kBEoHfa5bg8RMmX7pGgMhtqz1Psl\"> ecouri \u00een comunitate<\/a>: la limonada s\u0103pt\u0103m\u00e2nal\u0103 vecinii discut\u0103 solu\u021bii \u0219i viitoare ac\u021biuni pentru a salva teii.&nbsp;<\/p>\n\n<p>Acestea nu sunt unicele lupte active pentru salvarea spa\u021biilor verzi. Cu c\u00e2t ora\u0219ele ne duc mai departe de natur\u0103, cu at\u00e2t sim\u021bim mai mult \u0219i suntem mai dispu\u0219i s\u0103 ne ap\u0103r\u0103m ultimele resorturi naturale urbane. Experien\u021ba de a tr\u0103i \u00een ora\u0219e gola\u0219e ne arat\u0103 c\u0103 p\u0103durile urbane, parcurile, dar \u0219i simplele spa\u021bii verzi dintre blocuri sunt aliatul nostru \u00een perioadele de canicul\u0103, iar noua con\u0219tiin\u021b\u0103 de lupt\u0103 pentru spa\u021biile verzi urbane ne va ajuta s\u0103 men\u021binem ora\u0219ele verzi pe care le merit\u0103m. Nu ora\u0219e-dormitoare \u00een care doar dimensiunea economic\u0103 \u0219i bun\u0103starea dezvoltatorilor imobiliari este important\u0103, ci calitatea real\u0103 a vie\u021bii locuitorilor \u0219i integrarea naturii \u00een cotidian.&nbsp;<\/p>\n\n<p>Aceste probleme pe care suprapunem discu\u021biile pentru o nou\u0103 Lege a Spa\u021biilor Verzi sau diverse amendamente \u00een alte legi care vor avea ca rezultat distrugerea spa\u021biilor verzi din ora\u0219e fac ca r\u0103spunsul comunit\u0103\u021bilor s\u0103 fie la fel de puternic precum atacurile asupra acestor spa\u021bii.&nbsp;<\/p>\n","protected":false},"excerpt":{"rendered":"<p>Oamenii ac\u021bioneaz\u0103 \u0219i lupt\u0103 pentru mediu, se opun distrugerii spa\u021biilor verzi din ora\u0219e, iau la \u00eentreb\u0103ri deciziile autorit\u0103\u021bilor care i-au l\u0103sat f\u0103r\u0103 sute de hectare de \u201epl\u0103m\u00e2ni urbani\u201d \u0219i se unesc \u00een grupuri cu un scop comun: ora\u0219e tr\u0103ibile cu spa\u021bii verzi. <\/p>\n","protected":false},"author":56,"featured_media":8824,"comment_status":"open","ping_status":"closed","sticky":false,"template":"","format":"standard","meta":{"ep_exclude_from_search":false,"p4_og_title":"Ac\u021biunea civic\u0103 e singura solu\u021bie pentru a salva natura din ora\u0219e","p4_og_description":"Oamenii ac\u021bioneaz\u0103 \u0219i lupt\u0103 pentru mediu, se opun distrugerii spa\u021biilor verzi din ora\u0219e, iau la \u00eentreb\u0103ri deciziile autorit\u0103\u021bilor care i-au l\u0103sat f\u0103r\u0103 sute de hectare de \u201epl\u0103m\u00e2ni urbani\u201d \u0219i se unesc \u00een grupuri cu un scop comun: ora\u0219e tr\u0103ibile cu spa\u021bii verzi. ","p4_og_image":"https:\/\/www.greenpeace.org\/static\/planet4-romania-stateless\/2023\/08\/0994154f-371909387_236791382681142_4512222066821895262_n.jpg","p4_og_image_id":"8824","p4_seo_canonical_url":"","p4_campaign_name":"","p4_local_project":"","p4_basket_name":"Forests","p4_department":"","footnotes":""},"categories":[4,31,3],"tags":[26,19,115,27,107,60,8,95,132,45],"p4-page-type":[],"class_list":["post-8823","post","type-post","status-publish","format-standard","has-post-thumbnail","hentry","category-comunitate","category-greenpeace","category-paduri","tag-activism","tag-biodiversitate","tag-climatejustice-1","tag-democratie-1","tag-impreunapentrupaduri","tag-natura","tag-participare-civica-2","tag-taieri-ilegale","tag-campanii-vechi","tag-paduri"],"_links":{"self":[{"href":"https:\/\/www.greenpeace.org\/romania\/wp-json\/wp\/v2\/posts\/8823","targetHints":{"allow":["GET"]}}],"collection":[{"href":"https:\/\/www.greenpeace.org\/romania\/wp-json\/wp\/v2\/posts"}],"about":[{"href":"https:\/\/www.greenpeace.org\/romania\/wp-json\/wp\/v2\/types\/post"}],"author":[{"embeddable":true,"href":"https:\/\/www.greenpeace.org\/romania\/wp-json\/wp\/v2\/users\/56"}],"replies":[{"embeddable":true,"href":"https:\/\/www.greenpeace.org\/romania\/wp-json\/wp\/v2\/comments?post=8823"}],"version-history":[{"count":3,"href":"https:\/\/www.greenpeace.org\/romania\/wp-json\/wp\/v2\/posts\/8823\/revisions"}],"predecessor-version":[{"id":9040,"href":"https:\/\/www.greenpeace.org\/romania\/wp-json\/wp\/v2\/posts\/8823\/revisions\/9040"}],"wp:featuredmedia":[{"embeddable":true,"href":"https:\/\/www.greenpeace.org\/romania\/wp-json\/wp\/v2\/media\/8824"}],"wp:attachment":[{"href":"https:\/\/www.greenpeace.org\/romania\/wp-json\/wp\/v2\/media?parent=8823"}],"wp:term":[{"taxonomy":"category","embeddable":true,"href":"https:\/\/www.greenpeace.org\/romania\/wp-json\/wp\/v2\/categories?post=8823"},{"taxonomy":"post_tag","embeddable":true,"href":"https:\/\/www.greenpeace.org\/romania\/wp-json\/wp\/v2\/tags?post=8823"},{"taxonomy":"p4-page-type","embeddable":true,"href":"https:\/\/www.greenpeace.org\/romania\/wp-json\/wp\/v2\/p4-page-type?post=8823"}],"curies":[{"name":"wp","href":"https:\/\/api.w.org\/{rel}","templated":true}]}}