{"id":937,"date":"2017-08-31T00:00:00","date_gmt":"2017-08-30T21:00:00","guid":{"rendered":"https:\/\/master.k8s.p4.greenpeace.org\/romania\/articol\/937\/activistii-greenpeace-romania-blocheaza-o-exploatare-ilegala-intr-o-padure-cvasivirgina\/"},"modified":"2021-03-01T11:11:35","modified_gmt":"2021-03-01T08:11:35","slug":"activistii-greenpeace-romania-blocheaza-o-exploatare-ilegala-intr-o-padure-cvasivirgina","status":"publish","type":"post","link":"https:\/\/www.greenpeace.org\/romania\/comunicat-presa\/937\/activistii-greenpeace-romania-blocheaza-o-exploatare-ilegala-intr-o-padure-cvasivirgina\/","title":{"rendered":"Activi\u0219tii Greenpeace Rom\u00e2nia blocheaz\u0103 o exploatare ilegal\u0103 \u00eentr-o p\u0103dure cvasivirgin\u0103"},"content":{"rendered":"<div class=\"leader\" style=\"font-weight: bold; margin-bottom: 12px;\">10 activi\u0219ti Greenpeace (din Rom\u00e2nia) au blocat utilajele unei exploat\u0103ri forestiere ilegale dintr-o p\u0103dure cvasivirgin\u0103 din mun\u021bii Ciuca\u0219. Activi\u0219tii cer Ministerului Apelor \u0219i P\u0103durilor s\u0103 impun\u0103 oprirea t\u0103ierilor \u00een p\u0103durile virgine si cvasivirgine \u0219i s\u0103 le protejeze prin realizarea de urgen\u021b\u0103 a unui inventar na\u021bional. Greenpeace Rom\u00e2nia a notificat Garda Forestier\u0103 Prahova \u0219i Garda de Mediu.<\/div>\n<div>\n<p class=\"m-7389127072789694317s5\"><strong>Exploat\u0103rile forestiere \u00een p\u0103durile virgine\u00a0si cvasivirgine\u00a0sunt ilegale<\/strong><\/p>\n<p class=\"m-7389127072789694317s5\">Activi\u0219tii Greenpeace monitorizeaz\u0103 p\u0103durile virgine \u0219i cvasivirgine pentru a se asigura c\u0103 acestea nu sunt distruse \u00eenainte de a fi recunoscute oficial prin includerea \u00een <em>Catalogul na\u021bional al p\u0103durilor virgine \u0219i cvasivirgine din Romania<\/em>. Astfel, am descoperit o exploatare ilegal\u0103 ce are loc \u00eentr-o p\u0103dure cvasivirgin\u0103 administrat\u0103 de Romsilva, prin ocolul silvic M\u0103neciu, din jude\u021bul Prahova. Mai mult, arborii sunt extra\u0219i din p\u0103dure prin albia r\u00e2ului, ceea ce este interzis de lege deoarece \u00eel distruge iremediabil. P\u0103durea a fost inventariat\u0103 drept p\u0103dure cvasivirgin\u0103 \u00een 2005 prin studiul PIN Matra, ultimul inventar par\u021bial al p\u0103durilor virgine \u0219i cvasivirgine.<\/p>\n<p class=\"m-7389127072789694317s5\">Garda Forestier\u0103 Ploie\u0219ti a aprobat, printr-o derogare\u00a0de la legea \u00een vigoare, t\u0103ierea a 46 de arbori b\u0103tr\u00e2ni de aproximativ 180 de ani de pe o suprafa\u021b\u0103 de 20 hectare, cu un volum total de 271 de metri cubi de lemn.<\/p>\n<p class=\"m-7389127072789694317s5\"><strong>Acest caz ne determin\u0103 s\u0103 cerem Ministerului Apelor \u0219i P\u0103durilor, \u00eenc\u0103 o dat\u0103, urm\u0103toarele:<\/strong><\/p>\n<ul>\n<li>s\u0103 ini\u021bieze de urgen\u021b\u0103 \u0219i s\u0103 coordoneze un proiect na\u021bional de inventariere a tuturor p\u0103durilor virgine \u0219i cvasivirgine care ne-au mai r\u0103mas \u0219i s\u0103 le includ\u0103 \u00een Catalogul p\u0103durilor virgine \u0219i cvasivirgine din Rom\u00e2nia;<\/li>\n<li>s\u0103 publice de urgen\u021b\u0103 pe pagina oficial\u0103 de internet a Ministerului Apelor \u0219i P\u0103durilor Catalogul p\u0103durilor virgine \u0219i cvasivirgine din Rom\u00e2nia conform obliga\u021biei legale;<\/li>\n<li>s\u0103 impun\u0103 de urgen\u021b\u0103un moratoriu pe orice fel de interven\u021bii \u00een aceste p\u0103duri;<\/li>\n<li>s\u0103 introduc\u0103 de urgen\u021b\u0103 \u00een <em>Catalog<\/em> toate p\u0103durile nominalizate pentru includerea \u00een lista patrimoniului mondial UNESCO, deoarece acestea au fost deja evaluate;<\/li>\n<\/ul>\n<p class=\"m-7389127072789694317s5\">Valentin S\u0103l\u0103geanu, coordonator campanie p\u0103duri \u0219i biodiversitate:<\/p>\n<p class=\"m-7389127072789694317s5\"><em>\u201e<strong>Ministerul Apelor \u0219i P\u0103durilor prin reprezentan\u021bii s\u0103i vremelnici, ministrul Doina Pan\u0103 \u0219i secretarul de stat Istrate \u0218te\u021bco, trebuie s\u0103-\u0219i asume responsabilitatea impus\u0103 de lege de a proteja p\u0103durile virgine \u0219i cvasivigine din Rom\u00e2nia. Acestea sunt un bun na\u021bional \u0219i european \u00eentruc\u00e2t<\/strong><\/em><strong> <em>sunt ultimele suprafe\u021be de natur\u0103 pur\u0103 r\u0103mase \u00een Europa. Pentru aceasta trebuie s\u0103 foloseasc\u0103 bugetul destinat Inventarului na\u021bional al p\u0103durilor virgine \u0219i cvasivirgine, s\u0103 le identifice pe toate acelea care au supravie\u021buit \u0219i s\u0103 le includ\u0103 \u00een Catalogul na\u021bional al p\u0103durilor virgine \u0219i cvasivirgine. Nu vom sta indiferen\u021bi \u0219i nu vom tolera distrugerea acestui patrimoniu<\/em><\/strong><em>.\u201d<\/em><\/p>\n<p>[1] \u201dCatalogul na\u021bional al p\u0103durilor virgine \u0219i cvasivirgine\u201d este instrumentul legal care stabile\u0219te criteriile de identificare, procedura de includere \u0219i m\u0103surile prin care vor fi protejate. Ordinul de ministru care instituie acest <em>Catalog <\/em>poate fi consultat aici: <a href=\"https:\/\/lege5.ro\/Gratuit\/ge2dkojxgazq\/ordinul-nr-2525-2016-privind-constituirea-catalogului-national-al-padurilor-virgine-si-cvasivirgine-din-romania\">https:\/\/lege5.ro\/Gratuit\/ge2dkojxgazq\/ordinul-nr-2525-2016-privind-constituirea-catalogului-national-al-padurilor-virgine-si-cvasivirgine-din-romania<\/a><\/p>\n<\/div>\n","protected":false},"excerpt":{"rendered":"<p>10 activi\u0219ti Greenpeace (din Rom\u00e2nia) au blocat utilajele unei exploat\u0103ri forestiere ilegale dintr-o p\u0103dure cvasivirgin\u0103 din mun\u021bii Ciuca\u0219. <\/p>\n","protected":false},"author":34,"featured_media":1291,"comment_status":"closed","ping_status":"closed","sticky":false,"template":"","format":"standard","meta":{"ep_exclude_from_search":false,"p4_og_title":"","p4_og_description":"","p4_og_image":"","p4_og_image_id":"","p4_seo_canonical_url":"","p4_campaign_name":"","p4_local_project":"","p4_basket_name":"","p4_department":"","footnotes":""},"categories":[3],"tags":[26,95,19],"p4-page-type":[29],"class_list":["post-937","post","type-post","status-publish","format-standard","has-post-thumbnail","hentry","category-paduri","tag-activism","tag-taieri-ilegale","tag-biodiversitate","p4-page-type-comunicat-presa"],"_links":{"self":[{"href":"https:\/\/www.greenpeace.org\/romania\/wp-json\/wp\/v2\/posts\/937","targetHints":{"allow":["GET"]}}],"collection":[{"href":"https:\/\/www.greenpeace.org\/romania\/wp-json\/wp\/v2\/posts"}],"about":[{"href":"https:\/\/www.greenpeace.org\/romania\/wp-json\/wp\/v2\/types\/post"}],"author":[{"embeddable":true,"href":"https:\/\/www.greenpeace.org\/romania\/wp-json\/wp\/v2\/users\/34"}],"replies":[{"embeddable":true,"href":"https:\/\/www.greenpeace.org\/romania\/wp-json\/wp\/v2\/comments?post=937"}],"version-history":[{"count":3,"href":"https:\/\/www.greenpeace.org\/romania\/wp-json\/wp\/v2\/posts\/937\/revisions"}],"predecessor-version":[{"id":1407,"href":"https:\/\/www.greenpeace.org\/romania\/wp-json\/wp\/v2\/posts\/937\/revisions\/1407"}],"wp:featuredmedia":[{"embeddable":true,"href":"https:\/\/www.greenpeace.org\/romania\/wp-json\/wp\/v2\/media\/1291"}],"wp:attachment":[{"href":"https:\/\/www.greenpeace.org\/romania\/wp-json\/wp\/v2\/media?parent=937"}],"wp:term":[{"taxonomy":"category","embeddable":true,"href":"https:\/\/www.greenpeace.org\/romania\/wp-json\/wp\/v2\/categories?post=937"},{"taxonomy":"post_tag","embeddable":true,"href":"https:\/\/www.greenpeace.org\/romania\/wp-json\/wp\/v2\/tags?post=937"},{"taxonomy":"p4-page-type","embeddable":true,"href":"https:\/\/www.greenpeace.org\/romania\/wp-json\/wp\/v2\/p4-page-type?post=937"}],"curies":[{"name":"wp","href":"https:\/\/api.w.org\/{rel}","templated":true}]}}