{"id":952,"date":"2018-02-24T00:00:00","date_gmt":"2018-02-23T21:00:00","guid":{"rendered":"https:\/\/master.k8s.p4.greenpeace.org\/romania\/articol\/952\/dezvoltare-fara-defrisare\/"},"modified":"2021-03-01T11:11:31","modified_gmt":"2021-03-01T08:11:31","slug":"dezvoltare-fara-defrisare","status":"publish","type":"post","link":"https:\/\/www.greenpeace.org\/romania\/articol\/952\/dezvoltare-fara-defrisare\/","title":{"rendered":"DEZVOLTARE F\u0102R\u0102 DEFRI\u0218ARE"},"content":{"rendered":"<div class=\"leader\" style=\"font-weight: bold; margin-bottom: 12px;\">O propunere legislativ\u0103 care pune \u00een pericol p\u0103durile virgine \u0219i cvasivirgine a primit votul Senatului. Din expunerea de motive a acesteia lipsesc studiile de fezabilitate sau de impact.<\/div>\n<div>\u00cen urm\u0103 cu c\u00e2teva zile, Senatul Rom\u00e2niei a votat pentru modificarea \u015fi completarea Legii nr.51\/2006 a serviciilor comunitare de utilit\u0103\u0163i publice, \u00eenregistrat\u0103 ca <a href=\"https:\/\/senat.ro\/legis\/lista.aspx?nr_cls=L52&amp;an_cls=2018\">Legea 52\/2018<\/a>. Sub pretextul extinderii, \u00eembun\u0103t\u0103\u021birii \u0219i renov\u0103rii serviciilor de utilitate public\u0103, aceast\u0103 lege va permite scoaterea definitiv\u0103 a oric\u0103rei p\u0103duri din Fondul Forestier Na\u021bional, chiar \u0219i a acelora din parcurile na\u021bionale \u0219i naturale ale Rom\u00e2niei. Astfel, va fi permis\u0103 defri\u0219area \u00een inima celor mai valoroase p\u0103duri ale Rom\u00e2niei, ultimele r\u0103mase din Europa: p\u0103durile virgine \u0219i cvasi-virgine, precum \u0219i pe cele poten\u021biale, care astfel nu vor mai \u00eendeplini criteriile de \u00eenscriere \u00een <a href=\"https:\/\/www.greenpeace.org\/static\/planet4-romania-stateless\/2019\/07\/1c662af7-1c662af7-2016-12-07_prezentare_catalog_paduri_virgine1.pdf\">Catalogul Na\u021bional al P\u0103durilor Virgine \u0219i Cvasivirgine<\/a> \u0219i, ca atare, \u00ee\u0219i vor pierde statutul de zone cu protec\u021bie integral\u0103.<br \/>\nSitua\u021bia este cu at\u00e2t mai alarmant\u0103 cu c\u00e2t propunerea legislativ\u0103 vine la doar doi ani dup\u0103 ce, la insisten\u021bele ONG-urilor de mediu reprezentante ale societ\u0103\u021bii civile, a ap\u0103rut cadrul legislativ care protejeaz\u0103 aceste p\u0103duri. \u0218i, curios, la doar c\u00e2teva s\u0103pt\u0103m\u00e2ni dup\u0103 \u00eenvestirea \u00een func\u021bie a noului Ministru al Apelor \u0219i P\u0103durilor, Ioan Dene\u0219, care a pus pe <a href=\"http:\/\/apepaduri.gov.ro\/ioan-denes-noul-ministru-al-apelor-si-padurilor\/\">lista priorit\u0103\u021bilor sale<\/a> combaterea t\u0103ierilor ilegale \u0219i protec\u021bia p\u0103durilor virgine.<br \/>\n<img loading=\"lazy\" decoding=\"async\" src=\"https:\/\/www.greenpeace.org\/static\/planet4-romania-stateless\/2019\/07\/96da30c6-96da30c6-112_mg_2338.jpg\" alt=\"\" width=\"600\" height=\"400\" \/><br \/>\nReamintim c\u0103 un caz similar a avut loc recent \u00een Polonia, unde\u00a0Parcul Na\u021bional Bia\u0142owie\u017ca, care face parte din re\u021beaua Natura 2000, este amenin\u021bat de defri\u0219\u0103ri. Acest caz care se judec\u0103 acum la Curtea de Justi\u021bie a Uniunii Europe, care a somat Polonia s\u0103 opreasc\u0103 defri\u0219\u0103rile pentru a evita\u00a0<a href=\"https:\/\/www.greenpeace.org\/static\/planet4-romania-stateless\/2019\/07\/8a0f7c39-8a0f7c39-cp170122en.pdf\">amenzi de 100 000 de Euro pe zi.<\/a><br \/>\nCe urmeaz\u0103 s\u0103 se \u00eent\u00e2mple:<\/p>\n<ul>\n<li dir=\"ltr\">Acest proiect de lege urmeaz\u0103 s\u0103 fie \u00eenregistrat de c\u0103tre Camera Deputa\u021bilor \u0219i distribuit comisiilor parlamentare relevante pentru examinarea \u00een fond sau pentru avizare.<\/li>\n<\/ul>\n<ul>\n<li dir=\"ltr\">Comisia de fond (cel mai probabil Comisia pentru administra\u021bie public\u0103 \u0219i amenajarea teritoriului din Camera Deputa\u021bilor, <a href=\"http:\/\/www.cdep.ro\/pls\/parlam\/structura2015.co?idl=1&amp;idc=6\">comisie<\/a> din care fac parte Liviu Dragnea \u0219i Nicu\u0219or Dan) \u00eentocme\u0219te un raport care va propune adoptarea, adoptarea cu modific\u0103ri sau respingerea proiectului de lege. \u00cen acest punct, vom putea cere s\u0103 particip\u0103m la lucr\u0103rile comisiei \u0219i s\u0103 luam cuv\u00e2ntul pentru a ne expune argumentele \u00eempotriva acestei propuneri legislative.<\/li>\n<\/ul>\n<ul>\n<li dir=\"ltr\">Votul \u00een plen<\/li>\n<\/ul>\n<ul>\n<li dir=\"ltr\">Dac\u0103 propunerea legislativ\u0103 trece de Camera Deputa\u021bilor, trebuie promulgat\u0103 de Pre\u0219edintele Rom\u00e2niei. Caz \u00een care, al\u0103turi de voi, sus\u021bin\u0103torii no\u0219tri, putem cere pre\u0219edintelui Rom\u00e2niei s\u0103 solicite reexaminarea acestei legi, astfel \u00eenc\u00e2t articolul privind p\u0103durile virgine \u0219i cvasi-virgine s\u0103 fie modificat.<\/li>\n<\/ul>\n<p><strong>\u00cen ultimii doi ani, Greenpeace Rom\u00e2nia:<\/strong><\/p>\n<ul>\n<li dir=\"ltr\">a contribuit decisiv la crearea cadrului legal pentru protejarea p\u0103durilor virgine<\/li>\n<li dir=\"ltr\">a realizat <a href=\"https:\/\/www.greenpeace.org\/static\/planet4-romania-stateless\/2019\/07\/fc9a69b4-fc9a69b4-ghidul-voluntarului-pentru-protejarea-padurilor.pdf\">Ghidul Voluntarului pentru P\u0103duri<\/a><\/li>\n<li dir=\"ltr\">a lansat platforma <a href=\"http:\/\/www.salvezpadurea.ro\/\">www.salvezpadurea.ro<\/a> unde oricine poate sesiza posibile t\u0103ieri ilegale de arbori<\/li>\n<li dir=\"ltr\">a identificat \u0219i documentat 845 hectare de p\u0103duri virgine, dintre care 555 de hectare au fost introduse \u00een Catalogul Na\u021bional al P\u0103durilor Virgine \u0219i Cvasivirge din Rom\u00e2nia.<\/li>\n<li dir=\"ltr\">a contribuit la \u00eembun\u0103t\u0103\u021birea legii contraven\u021biilor silvice<\/li>\n<li dir=\"ltr\">a oprit distrugerea p\u0103durii virgine Bratocea din mun\u021bii Ciuca\u0219<\/li>\n<li dir=\"ltr\">a realizat <a href=\"https:\/\/uncut.ro\/harta-padurilor-virgine-potentiale\/\">Harta p\u0103durilor virgine poten\u021biale din Rom\u00e2nia<\/a><\/li>\n<li dir=\"ltr\">a documentat, \u00een parteneriat cu Asocia\u021bia Kogayon, 70 de hectare de p\u0103dure virgin\u0103 \u00een Parcul Natural Buila-V\u00e2nturari\u021ba. \u00cen prezent, a\u0219tept\u0103m recunoa\u0219terea oficial\u0103 a acesteia.<\/li>\n<\/ul>\n<p>\u00cen 2016, 42% din t\u0103ierile ilegale depistate au fost semnalate de cet\u0103\u021beni. Suntem mul\u021bi, suntem puternici \u0219i \u00eempreun\u0103 putem schimba lucrurile!<br \/>\n<img decoding=\"async\" src=\"https:\/\/www.greenpeace.org\/static\/planet4-romania-stateless\/2019\/07\/a187c56c-a187c56c-_dsc3785.jpg\" alt=\"\" width=\"600\" \/><\/p>\n<\/div>\n","protected":false},"excerpt":{"rendered":"<div>\n\tO propunere legislativ\u0103 care pune \u00een pericol p\u0103durile virgine \u0219i cvasivirgine a primit votul Senatului. Din expunerea de motive a acesteia lipsesc studiile de fezabilitate sau de impact.\n<\/div>\n","protected":false},"author":34,"featured_media":953,"comment_status":"open","ping_status":"closed","sticky":false,"template":"","format":"standard","meta":{"ep_exclude_from_search":false,"p4_og_title":"","p4_og_description":"","p4_og_image":"","p4_og_image_id":"","p4_seo_canonical_url":"","p4_campaign_name":"","p4_local_project":"","p4_basket_name":"","p4_department":"","footnotes":""},"categories":[3],"tags":[26,95],"p4-page-type":[30],"class_list":["post-952","post","type-post","status-publish","format-standard","has-post-thumbnail","hentry","category-paduri","tag-activism","tag-taieri-ilegale","p4-page-type-articol"],"_links":{"self":[{"href":"https:\/\/www.greenpeace.org\/romania\/wp-json\/wp\/v2\/posts\/952","targetHints":{"allow":["GET"]}}],"collection":[{"href":"https:\/\/www.greenpeace.org\/romania\/wp-json\/wp\/v2\/posts"}],"about":[{"href":"https:\/\/www.greenpeace.org\/romania\/wp-json\/wp\/v2\/types\/post"}],"author":[{"embeddable":true,"href":"https:\/\/www.greenpeace.org\/romania\/wp-json\/wp\/v2\/users\/34"}],"replies":[{"embeddable":true,"href":"https:\/\/www.greenpeace.org\/romania\/wp-json\/wp\/v2\/comments?post=952"}],"version-history":[{"count":2,"href":"https:\/\/www.greenpeace.org\/romania\/wp-json\/wp\/v2\/posts\/952\/revisions"}],"predecessor-version":[{"id":1242,"href":"https:\/\/www.greenpeace.org\/romania\/wp-json\/wp\/v2\/posts\/952\/revisions\/1242"}],"wp:featuredmedia":[{"embeddable":true,"href":"https:\/\/www.greenpeace.org\/romania\/wp-json\/wp\/v2\/media\/953"}],"wp:attachment":[{"href":"https:\/\/www.greenpeace.org\/romania\/wp-json\/wp\/v2\/media?parent=952"}],"wp:term":[{"taxonomy":"category","embeddable":true,"href":"https:\/\/www.greenpeace.org\/romania\/wp-json\/wp\/v2\/categories?post=952"},{"taxonomy":"post_tag","embeddable":true,"href":"https:\/\/www.greenpeace.org\/romania\/wp-json\/wp\/v2\/tags?post=952"},{"taxonomy":"p4-page-type","embeddable":true,"href":"https:\/\/www.greenpeace.org\/romania\/wp-json\/wp\/v2\/p4-page-type?post=952"}],"curies":[{"name":"wp","href":"https:\/\/api.w.org\/{rel}","templated":true}]}}