{"id":9578,"date":"2024-03-13T16:42:15","date_gmt":"2024-03-13T13:42:15","guid":{"rendered":"https:\/\/www.greenpeace.org\/romania\/?p=9578"},"modified":"2024-03-13T16:42:20","modified_gmt":"2024-03-13T13:42:20","slug":"o-miscare-de-mediu-puternica-trebuie-sa-fie-incluziva-interviu-cu-irina-breniuc","status":"publish","type":"post","link":"https:\/\/www.greenpeace.org\/romania\/articol\/9578\/o-miscare-de-mediu-puternica-trebuie-sa-fie-incluziva-interviu-cu-irina-breniuc\/","title":{"rendered":"\u00abO mi\u0219care de mediu puternic\u0103 trebuie s\u0103 fie incluziv\u0103\u00bb, interviu cu Irina Breniuc"},"content":{"rendered":"\n<p><strong>Irina Breniuc a contribuit la mi\u0219carea de mediu din Rom\u00e2nia \u00een ultimii 10 ani, \u00eent\u00e2i ca jurnalist\u0103, apoi ca ESG research analyst \u0219i activist\u0103. \u00cen prezent, se specializeaz\u0103 pe crearea de m\u00e2ncare vegan\u0103 \u0219i sper\u0103 s\u0103-i inspire \u00een cur\u00e2nd \u0219i pe al\u021bii, pe ib.eco<\/strong><\/p>\n\n<figure class=\"wp-block-image size-large\"><img loading=\"lazy\" decoding=\"async\" width=\"1024\" height=\"736\" src=\"https:\/\/www.greenpeace.org\/static\/planet4-romania-stateless\/2024\/03\/ebe4c281-323092286_1099197890752587_2354247649263036781_n-1024x736.jpg\" alt=\"\" class=\"wp-image-9580\" srcset=\"https:\/\/www.greenpeace.org\/static\/planet4-romania-stateless\/2024\/03\/ebe4c281-323092286_1099197890752587_2354247649263036781_n-1024x736.jpg 1024w, https:\/\/www.greenpeace.org\/static\/planet4-romania-stateless\/2024\/03\/ebe4c281-323092286_1099197890752587_2354247649263036781_n-300x216.jpg 300w, https:\/\/www.greenpeace.org\/static\/planet4-romania-stateless\/2024\/03\/ebe4c281-323092286_1099197890752587_2354247649263036781_n-768x552.jpg 768w, https:\/\/www.greenpeace.org\/static\/planet4-romania-stateless\/2024\/03\/ebe4c281-323092286_1099197890752587_2354247649263036781_n-1536x1104.jpg 1536w, https:\/\/www.greenpeace.org\/static\/planet4-romania-stateless\/2024\/03\/ebe4c281-323092286_1099197890752587_2354247649263036781_n-473x340.jpg 473w, https:\/\/www.greenpeace.org\/static\/planet4-romania-stateless\/2024\/03\/ebe4c281-323092286_1099197890752587_2354247649263036781_n.jpg 1824w\" sizes=\"auto, (max-width: 1024px) 100vw, 1024px\" \/><\/figure>\n\n<p><strong>Ziua \u0219i luna femeii au fost transformate \u00een evenimente \u00een care consumul primeaz\u0103, dar care s-au dep\u0103rtat de istoria \u0219i de sensul lor profund. Poate prea rar \u0219i \u00een cercuri prea mici se vorbe\u0219te despre nesupunere civic\u0103, drepturile femeilor, greve, mar\u0219uri. Pentru tine, exist\u0103 vreo leg\u0103tur\u0103 \u00eentre activismul de mediu si activismul feminist?&nbsp;<\/strong><\/p>\n\n<p><em>Cred c\u0103 cele dou\u0103 tipuri de activism sunt greu de separat, c\u0103ci ambele se opun sistemului capitalist patriarhal opresiv, care exploateaz\u0103 \u0219i asupre\u0219te deopotriv\u0103 natura \u0219i femeia. \u00cen plus, oamenii, deci implicit \u0219i femeile, fac parte din natur\u0103, prin urmare nu va putea exista bun\u0103starea femeilor p\u00e2n\u0103 c\u00e2nd nu vom proteja cu adev\u0103rat natura.\u00a0<\/em><\/p>\n\n<p><strong>Ce pot \u00eenv\u0103\u021ba mi\u0219c\u0103rile de mediu din lupta pentru egalitate \u0219i ce rol vezi tu pentru femei \u00een mi\u0219c\u0103rile de mediu?<\/strong><\/p>\n\n<p><em>\u00cen opinia mea, o mi\u0219care de mediu puternic\u0103 trebuie s\u0103 fie incluziv\u0103, adic\u0103 trebuie s\u0103 cuprind\u0103 mai ales perspectivele celor mai vulnerabile categorii sociale, care sunt \u0219i cele mai afectate de criza climatic\u0103 \u0219i ecologic\u0103. Printre aceste categorii, se num\u0103r\u0103 \u0219i femeile. <\/em><\/p>\n\n<p><em>Pentru a explica relevan\u021ba integr\u0103rii perspectivei feministe, voi da un exemplu din mi\u0219carea descre\u0219terii, care ia amploare \u00een Europa. Printre m\u0103surile propuse de descre\u0219tere, se num\u0103r\u0103 \u0219i reducerea timpului muncit, pe urm\u0103toarea logic\u0103: dac\u0103 ne d\u0103m seama c\u0103 valoarea vie\u021bii st\u0103 mai pu\u021bin \u00een acumularea de posesiuni materiale \u0219i mai mult \u00een rela\u021biile pe care le avem, vom ajunge s\u0103 consum\u0103m mai pu\u021bin. Astfel, vom avea nevoie de mai pu\u021bini bani \u0219i nu vom mai fi nevoi\u021bi s\u0103 muncim at\u00e2t de mult. Prin urmare, vom putea folosi timpul eliberat pentru ceea ce ne aduce pl\u0103cere \u0219i, totodat\u0103, vom putea redistribui orele de munc\u0103 necesare c\u0103tre mai multe persoane, d\u00e2nd \u0219ansa unor \u0219omeri s\u0103 \u00ee\u0219i c\u00e2\u0219tige un venit. S-a ajuns astfel la propunerea de a reduce num\u0103rul de zile lucrate de la 5 la 4 \u0219i s-a testat m\u0103sura \u00een mai multe companii. Dar modul \u00een care s-a implementat aceast\u0103 propunere nu a \u021binut cont de la \u00eenceput de perspectiva feminist\u0103. \u00cen continuare \u00een societatea curent\u0103, femeile sunt cele care \u00eendeplinesc cea mai mare parte din munca de \u00eengrijire. Aceast\u0103 munc\u0103 este efectuat\u0103 zilnic, a\u0219a c\u0103 o femeie va lucra de fapt 8 ore la serviciu, plus \u00eenc\u0103 2-3 necesare preg\u0103tirii copiilor pentru \u0219coal\u0103, f\u0103cutului de m\u00e2ncare sau altor treburi gospod\u0103re\u0219ti. A\u0219a c\u0103 mi\u0219carea feminist\u0103 a propus o flexibilitate a m\u0103surii ini\u021biale, prin reducerea num\u0103rului de ore, iar nu de zile. Ideal ar fi ca angaja\u021bii s\u0103 poat\u0103 alege dac\u0103 doresc s\u0103 lucreze 6 ore pe zi timp de 5 zile sau 8 ore pe zi timp de 4 zile, \u00een func\u021bie de responsabilit\u0103\u021bile lor extra-job. <\/em><\/p>\n\n<p><em>Acesta este desigur un exemplu din societ\u0103\u021bile privilegiate din Europa, care poate p\u0103rea derizoriu comparat cu situa\u021bia din teritoriile colonizate, exploatate secole \u00eentregi \u0219i l\u0103sate acum s\u0103 se confrunte singure cu efectele crizei climatice \u0219i ecologice. \u00cen astfel de locuri, integrarea perspectivei femeilor \u00een mi\u0219c\u0103rile de mediu devine vital\u0103, c\u0103ci problemele cu care se confrunt\u0103 sunt \u00eentr-adev\u0103r unele de via\u021b\u0103 \u0219i de moarte. <\/em><\/p>\n\n<p><em>Dar s\u0103 revenim \u00een Rom\u00e2nia. Cred c\u0103 la noi, mi\u0219carea feminist\u0103 este mult mai coagulat\u0103 \u0219i mai puternic\u0103 dec\u00e2t cea de mediu. Mobiliz\u0103rile masive pe subiecte de mediu au loc doar c\u00e2nd exist\u0103 un pericol imens \u0219i imediat, pe c\u00e2nd mar\u0219urile \u0219i campaniile feministe sunt oarecum recurente. De asemenea, pare c\u0103 exist\u0103 o mai bun\u0103 colaborare \u00eentre organiza\u021biile feministe dec\u00e2t \u00eentre cele de mediu. A\u0219adar, cred mi\u0219carea de mediu ar putea \u00eenv\u0103\u021ba de la cea feminist\u0103 cum s\u0103 explice pe \u00een\u021belesul maselor impactul multiplelor crize ecologice, dar \u0219i cum s\u0103 mobilizeze oamenii pentru a le sus\u021bine.<\/em><\/p>\n","protected":false},"excerpt":{"rendered":"<p>Oamenii, deci implicit \u0219i femeile, fac parte din natur\u0103, prin urmare nu va putea exista bun\u0103starea femeilor p\u00e2n\u0103 c\u00e2nd nu vom proteja cu adev\u0103rat natura.\u00a0<\/p>\n","protected":false},"author":56,"featured_media":9580,"comment_status":"open","ping_status":"closed","sticky":false,"template":"","format":"standard","meta":{"ep_exclude_from_search":false,"p4_og_title":"","p4_og_description":"","p4_og_image":"","p4_og_image_id":"","p4_seo_canonical_url":"","p4_campaign_name":"","p4_local_project":"","p4_basket_name":"","p4_department":"","footnotes":""},"categories":[4,31],"tags":[26,117,36,73],"p4-page-type":[],"class_list":["post-9578","post","type-post","status-publish","format-standard","has-post-thumbnail","hentry","category-comunitate","category-greenpeace","tag-activism","tag-clima-1","tag-criza-climatica","tag-tranzitie-justa-1"],"_links":{"self":[{"href":"https:\/\/www.greenpeace.org\/romania\/wp-json\/wp\/v2\/posts\/9578","targetHints":{"allow":["GET"]}}],"collection":[{"href":"https:\/\/www.greenpeace.org\/romania\/wp-json\/wp\/v2\/posts"}],"about":[{"href":"https:\/\/www.greenpeace.org\/romania\/wp-json\/wp\/v2\/types\/post"}],"author":[{"embeddable":true,"href":"https:\/\/www.greenpeace.org\/romania\/wp-json\/wp\/v2\/users\/56"}],"replies":[{"embeddable":true,"href":"https:\/\/www.greenpeace.org\/romania\/wp-json\/wp\/v2\/comments?post=9578"}],"version-history":[{"count":1,"href":"https:\/\/www.greenpeace.org\/romania\/wp-json\/wp\/v2\/posts\/9578\/revisions"}],"predecessor-version":[{"id":9581,"href":"https:\/\/www.greenpeace.org\/romania\/wp-json\/wp\/v2\/posts\/9578\/revisions\/9581"}],"wp:featuredmedia":[{"embeddable":true,"href":"https:\/\/www.greenpeace.org\/romania\/wp-json\/wp\/v2\/media\/9580"}],"wp:attachment":[{"href":"https:\/\/www.greenpeace.org\/romania\/wp-json\/wp\/v2\/media?parent=9578"}],"wp:term":[{"taxonomy":"category","embeddable":true,"href":"https:\/\/www.greenpeace.org\/romania\/wp-json\/wp\/v2\/categories?post=9578"},{"taxonomy":"post_tag","embeddable":true,"href":"https:\/\/www.greenpeace.org\/romania\/wp-json\/wp\/v2\/tags?post=9578"},{"taxonomy":"p4-page-type","embeddable":true,"href":"https:\/\/www.greenpeace.org\/romania\/wp-json\/wp\/v2\/p4-page-type?post=9578"}],"curies":[{"name":"wp","href":"https:\/\/api.w.org\/{rel}","templated":true}]}}