{"id":9585,"date":"2024-03-19T10:18:55","date_gmt":"2024-03-19T07:18:55","guid":{"rendered":"https:\/\/www.greenpeace.org\/romania\/?p=9585"},"modified":"2024-03-19T12:51:04","modified_gmt":"2024-03-19T09:51:04","slug":"comunitatile-de-energie-o-solutie-pentru-reducerea-facturilor-la-energie","status":"publish","type":"post","link":"https:\/\/www.greenpeace.org\/romania\/articol\/9585\/comunitatile-de-energie-o-solutie-pentru-reducerea-facturilor-la-energie\/","title":{"rendered":"Comunit\u0103\u021bile de energie, o solu\u021bie pentru reducerea facturilor la energie"},"content":{"rendered":"\n<p><strong>19 martie <\/strong>&#8211; Un studiu recent realizat de Corina Murafa (expert\u0103 \u00een politici energetice) \u0219i Anca Adamescu (consultant independent \u00een sustenabilitate) demonstreaz\u0103 poten\u021bialul comunit\u0103\u021bilor de energie \u0219i abordeaz\u0103 lacunele legislative pe care Rom\u00e2nia le are \u00een aceast\u0103 privin\u021b\u0103. Estim\u0103rile spun c\u0103 <strong>rom\u00e2nii ar beneficia de reduceri semnificative la facturi<\/strong>, dac\u0103 acest model ar fi implementat pe scar\u0103 larg\u0103.<\/p>\n\n<p><strong><em>Care este situa\u021bia \u00een Rom\u00e2nia?&nbsp;<\/em><\/strong><\/p>\n\n<p>\u00cen Rom\u00e2nia s-a dezvoltat, pe \u00eentreg teritoriul \u021b\u0103rii, o mi\u0219care cet\u0103\u021beneasc\u0103 ambi\u021bioas\u0103 de proiectare a unor comunit\u0103\u021bi de energie. Cercetarea a identificat 21 de proiecte de comunit\u0103\u021bi de energie, din care dou\u0103 au \u0219i reu\u0219it s\u0103 se \u00eenfiin\u021beze \u0219i s\u0103 func\u021bioneze, \u00een limitele cadrului legal existent. Asta \u00een condi\u021biile \u00een care, autorit\u0103\u021bile nu au organizat sesiuni de informare, nu au acordat finan\u021b\u0103ri \u0219i nu au f\u0103cut evalu\u0103ri cu privire la oportunit\u0103\u021bile acestor modele.<\/p>\n\n<p><strong><em>Ce ofer\u0103 studiul?&nbsp;<\/em><\/strong><\/p>\n\n<p>Studiul pune \u00een m\u00e2inile cet\u0103\u021benilor \u0219i comunit\u0103\u021bilor locale instrumente \u0219i cuno\u0219tin\u021be tehnice de a pleca la drum spre un proiect de comunitate de energie. Astfel, autoarele propun modele tehnico-economice pentru cele mai \u00eent\u00e2lnite tipuri de comunit\u0103\u021bi de energie dorite \u00een Rom\u00e2nia:&nbsp;<\/p>\n\n<ul class=\"wp-block-list\">\n<li class=\"has-medium-font-size\">o comunitate de energie la bloc;&nbsp;<\/li>\n\n\n\n<li class=\"has-medium-font-size\">o comunitate de energie \u00eentr-un cartier reziden\u021bial nou, de case;&nbsp;<\/li>\n\n\n\n<li class=\"has-medium-font-size\">o comunitate de energie prin parteneriat public-privat la nivelul unei comune de dimensiuni medii;<\/li>\n\n\n\n<li class=\"has-medium-font-size\">o comunitate de energie la nivelul unui \u00eentreg ora\u0219 mic.&nbsp;<\/li>\n<\/ul>\n\n<p>\u201e<em>Studiul este o premier\u0103 \u00een Rom\u00e2nia. Arat\u0103 nu numai lacunele legislative majore care \u00eempiedic\u0103 dezvoltarea comunit\u0103\u021bilor de energie la noi, ci mai ales c\u00e2t de fezabil\u0103 este aceast\u0103 form\u0103 de participare la pia\u021ba de energie. Baz\u00e2ndu-ne pe date reale culese din teren, am concluzionat c\u0103 o comunitate de energie, la nivelul unui bloc sau a unui sat din Rom\u00e2nia, reprezint\u0103 o investi\u021bie de c\u00e2teva sute de euro pe cap de locuitor \u0219i se amortizeaz\u0103, \u00een medie, \u00eentr-o perioad\u0103 cuprins\u0103 \u00eentre 1 \u0219i 7 ani. <\/em><em>Ulterior, dup\u0103 <\/em><em>amortizarea investi\u021biei ini\u021biale, membrii comunit\u0103\u021bii \u00ee\u0219i acoper\u0103 consumurile \u00een \u00eentregime din energia produs\u0103, sunt proteja\u021bi \u00een fa\u021ba s\u0103r\u0103ciei energetice \u0219i se bucur\u0103 de independen\u021b\u0103 energetic\u0103.<\/em>\u201d a declarat Corina Murafa, expert\u0103 \u00een politici energetice \u0219i co-autoare a studiului.<\/p>\n\n<p>\u201e<em>Studiul este un important pas \u00eenainte pentru mi\u0219carea comunit\u0103\u021bilor de energie din Rom\u00e2nia pentru c\u0103 pune pe hart\u0103 toate ini\u021biativele \u0219i ne ajut\u0103 s\u0103 \u00een\u021belegem cine sunt \u0219i ce vor s\u0103 fac\u0103 ace\u0219ti pionieri ai democra\u021biei energetice. Este vorba de o prim\u0103 analiz\u0103 a obstacolelor pe care le \u00eent\u00e2mpin\u0103 cei care vor s\u0103 \u00ee\u0219i produc\u0103 \u00een comun propria energie curat\u0103, dar \u0219i a solu\u021biilor posibile. Nu \u00een ultimul r\u00e2nd, pentru c\u0103 este un domeniu at\u00e2t de nou, oamenii au nevoie de modele tehnice \u0219i financiare de la care s\u0103 plece atunci c\u00e2nd g\u00e2ndesc un proiect de comunitate de energie, iar studiul r\u0103spunde tocmai la aceast\u0103 nevoie.<\/em>\u201d a explicat Andrei Cr\u0103ciun, coordonator de campanie \u00een cadrul Greenpeace.&nbsp;<\/p>\n\n<p><strong><em>Ce este o comunitate de energie \u0219i ce beneficii aduce?<\/em><\/strong><\/p>\n\n<p>Comunit\u0103\u021bile de energie reprezint\u0103 ini\u021biative \u00een care cet\u0103\u021benii, \u00eentreprinderile de mici dimensiuni, administra\u021biile publice locale \u0219i alte organiza\u021bii colaboreaz\u0103 pentru a genera, gestiona \u0219i consuma energie \u00een mod colectiv. Aceste ini\u021biative sprijin\u0103 utilizarea surselor regenerabile de energie (solar, eolian, geotermal), promoveaz\u0103 eficien\u021ba energetic\u0103 \u0219i reduce semnificativ facturile la energie ale membrilor.<br>Comunit\u0103\u021bile de energie europene au generat <strong>venituri de dou\u0103 p\u00e2n\u0103 la opt ori mai mari<\/strong> pentru comunit\u0103\u021bile locale dec\u00e2t capacit\u0103\u021bi similare de energie regenerabil\u0103 dezvoltate de actori priva\u021bi din afara comunit\u0103\u021bii. Calculele efectuate \u00een 2020 \u0219i 2022 \u00een \u0219apte state care folosesc astfel de modele indic\u0103 economii anuale la factura de energie electric\u0103 de 62%.<\/p>\n\n<div data-wp-interactive=\"core\/file\" class=\"wp-block-file\"><object data-wp-bind--hidden=\"!state.hasPdfPreview\" hidden class=\"wp-block-file__embed\" data=\"https:\/\/www.greenpeace.org\/static\/planet4-romania-stateless\/2024\/03\/21d2dcb5-comunitatile-de-energie-in-romania-de-la-aspiratie-la-realitate.pdf\" type=\"application\/pdf\" style=\"width:100%;height:600px\" aria-label=\"\u00cenglobare pentru 21d2dcb5-comunitatile-de-energie-in-romania-de-la-aspiratie-la-realitate.\"><\/object><a id=\"wp-block-file--media-bb80424e-bbe6-4e10-9c02-09ea33a2c44e\" href=\"https:\/\/www.greenpeace.org\/static\/planet4-romania-stateless\/2024\/03\/21d2dcb5-comunitatile-de-energie-in-romania-de-la-aspiratie-la-realitate.pdf\">21d2dcb5-comunitatile-de-energie-in-romania-de-la-aspiratie-la-realitate<\/a><\/div>\n","protected":false},"excerpt":{"rendered":"<p>\u00cen Rom\u00e2nia s-a dezvoltat, pe \u00eentreg teritoriul \u021b\u0103rii, o mi\u0219care cet\u0103\u021beneasc\u0103 ambi\u021bioas\u0103 de proiectare a unor comunit\u0103\u021bi de energie.<\/p>\n","protected":false},"author":34,"featured_media":9587,"comment_status":"open","ping_status":"closed","sticky":false,"template":"","format":"standard","meta":{"ep_exclude_from_search":false,"p4_og_title":"","p4_og_description":"","p4_og_image":"","p4_og_image_id":"","p4_seo_canonical_url":"","p4_campaign_name":"","p4_local_project":"","p4_basket_name":"","p4_department":"","footnotes":""},"categories":[2,31],"tags":[117,112,36,120,68,7,6,121,73],"p4-page-type":[],"class_list":["post-9585","post","type-post","status-publish","format-standard","has-post-thumbnail","hentry","category-clima-si-energie","category-greenpeace","tag-clima-1","tag-comunitati-de-energie-1","tag-criza-climatica","tag-eficienta-energetica-1","tag-energie","tag-energie-regenerabila","tag-prosumatori-1","tag-saracie-energetica-1","tag-tranzitie-justa-1"],"_links":{"self":[{"href":"https:\/\/www.greenpeace.org\/romania\/wp-json\/wp\/v2\/posts\/9585","targetHints":{"allow":["GET"]}}],"collection":[{"href":"https:\/\/www.greenpeace.org\/romania\/wp-json\/wp\/v2\/posts"}],"about":[{"href":"https:\/\/www.greenpeace.org\/romania\/wp-json\/wp\/v2\/types\/post"}],"author":[{"embeddable":true,"href":"https:\/\/www.greenpeace.org\/romania\/wp-json\/wp\/v2\/users\/34"}],"replies":[{"embeddable":true,"href":"https:\/\/www.greenpeace.org\/romania\/wp-json\/wp\/v2\/comments?post=9585"}],"version-history":[{"count":2,"href":"https:\/\/www.greenpeace.org\/romania\/wp-json\/wp\/v2\/posts\/9585\/revisions"}],"predecessor-version":[{"id":9594,"href":"https:\/\/www.greenpeace.org\/romania\/wp-json\/wp\/v2\/posts\/9585\/revisions\/9594"}],"wp:featuredmedia":[{"embeddable":true,"href":"https:\/\/www.greenpeace.org\/romania\/wp-json\/wp\/v2\/media\/9587"}],"wp:attachment":[{"href":"https:\/\/www.greenpeace.org\/romania\/wp-json\/wp\/v2\/media?parent=9585"}],"wp:term":[{"taxonomy":"category","embeddable":true,"href":"https:\/\/www.greenpeace.org\/romania\/wp-json\/wp\/v2\/categories?post=9585"},{"taxonomy":"post_tag","embeddable":true,"href":"https:\/\/www.greenpeace.org\/romania\/wp-json\/wp\/v2\/tags?post=9585"},{"taxonomy":"p4-page-type","embeddable":true,"href":"https:\/\/www.greenpeace.org\/romania\/wp-json\/wp\/v2\/p4-page-type?post=9585"}],"curies":[{"name":"wp","href":"https:\/\/api.w.org\/{rel}","templated":true}]}}