{"id":9658,"date":"2024-03-29T14:48:42","date_gmt":"2024-03-29T11:48:42","guid":{"rendered":"https:\/\/www.greenpeace.org\/romania\/?p=9658"},"modified":"2024-03-31T12:20:40","modified_gmt":"2024-03-31T09:20:40","slug":"cum-am-invins-omv-in-australia","status":"publish","type":"post","link":"https:\/\/www.greenpeace.org\/romania\/articol\/9658\/cum-am-invins-omv-in-australia\/","title":{"rendered":"E crucial s\u0103 protej\u0103m Marea Neagr\u0103. Ajut\u0103-ne \u0219i tu"},"content":{"rendered":"\n<p>\u00cen 2019, colegii din Greenpeace Noua Zeeland\u0103, \u00eempreun\u0103 cu mi\u0219c\u0103rile de mediu din \u021bar\u0103, au reu\u0219it s\u0103 opreasc\u0103 proiectele de explorare gaz\/petrol ale OMV&nbsp; din bazinul Taranaki. OMV era ultimul gigant petrolier care se \u00eenc\u0103p\u0103\u021b\u00e2na s\u0103 \u00ee\u0219i continue opera\u021biunile, de\u0219i companii precum Petrobras, Equinor \u0219i Chevron plecaser\u0103.&nbsp;<\/p>\n\n<p>I-am \u00eentrebat cum au reu\u0219it s\u0103 opreasc\u0103 activit\u0103\u021bile OMV.<\/p>\n\n<p>Ne-au spus c\u0103 OMV a devenit prioritatea num\u0103rul 1 pentru campanie \u0219i c\u0103 au folosit tactic\u0103, dup\u0103 tactic\u0103, dup\u0103 tactic\u0103. Munc\u0103 non stop, ac\u021biuni \u00eendr\u0103zne\u021be, proteste non violente, confrunt\u0103ri creative, mobilizarea publicului larg pentru a opri o corpora\u021bie care ar fi afectat localnicii \u0219i via\u021ba s\u0103lbatic\u0103 din Taranaki.&nbsp; A fost victoria unei genera\u021bii!<\/p>\n\n<figure class=\"wp-block-image size-full\"><img loading=\"lazy\" decoding=\"async\" width=\"800\" height=\"533\" src=\"https:\/\/www.greenpeace.org\/static\/planet4-romania-stateless\/2024\/03\/ac7a1e7a-gp0studnh_low_res_with_credit_line-1.jpg\" alt=\"30 de persoane au ocupat \u201eambarca\u021biunea\u201d OMV timp de trei zile, \u00eempiedic\u00e2nd programul lor de foraj s\u0103 ias\u0103 \u00een larg\n\" class=\"wp-image-9659\" srcset=\"https:\/\/www.greenpeace.org\/static\/planet4-romania-stateless\/2024\/03\/ac7a1e7a-gp0studnh_low_res_with_credit_line-1.jpg 800w, https:\/\/www.greenpeace.org\/static\/planet4-romania-stateless\/2024\/03\/ac7a1e7a-gp0studnh_low_res_with_credit_line-1-300x200.jpg 300w, https:\/\/www.greenpeace.org\/static\/planet4-romania-stateless\/2024\/03\/ac7a1e7a-gp0studnh_low_res_with_credit_line-1-768x512.jpg 768w, https:\/\/www.greenpeace.org\/static\/planet4-romania-stateless\/2024\/03\/ac7a1e7a-gp0studnh_low_res_with_credit_line-1-510x340.jpg 510w\" sizes=\"auto, (max-width: 800px) 100vw, 800px\" \/><figcaption class=\"wp-element-caption\">30 de persoane au ocupat \u201eambarca\u021biunea\u201d OMV timp de trei zile, \u00eempiedic\u00e2nd programul lor de foraj s\u0103 ias\u0103 \u00een larg<br><\/figcaption><\/figure>\n\n<p>\u00cen Rom\u00e2nia ne propunem acela\u0219i lucru. Pentru a opri proiectul Neptun Deep din Marea Neagr\u0103 ne folosim de toate p\u00e2rghiile posibile. Am <a href=\"https:\/\/www.greenpeace.org\/romania\/articol\/9446\/greenpeace-ataca-in-instanta-puz-ul-emis-pentru-proiectul-neptun-deep\/\">atacat \u00een instan\u021b\u0103 avizele<\/a> emise pentru proiectul Neptun Deep, am publicat<a href=\"https:\/\/www.greenpeace.org\/romania\/articol\/9534\/neptun-deep-un-proiect-cu-impact-climatic-mult-subestimat\/\"> studii <\/a>prin care ar\u0103t\u0103m cum OMV Petrom va deveni cel mai mare poluator din Rom\u00e2nia, am expus platformele offshore l\u0103sate \u00een paragin\u0103 de OMV. \u0218i nu ne oprim aici!&nbsp;<\/p>\n\n<figure class=\"wp-block-image size-large\"><img loading=\"lazy\" decoding=\"async\" width=\"1024\" height=\"768\" src=\"https:\/\/www.greenpeace.org\/static\/planet4-romania-stateless\/2024\/03\/91973815-431186336_811000554403687_3583364398440541230_n-1-1024x768.jpg\" alt=\"\" class=\"wp-image-9660\" srcset=\"https:\/\/www.greenpeace.org\/static\/planet4-romania-stateless\/2024\/03\/91973815-431186336_811000554403687_3583364398440541230_n-1-1024x768.jpg 1024w, https:\/\/www.greenpeace.org\/static\/planet4-romania-stateless\/2024\/03\/91973815-431186336_811000554403687_3583364398440541230_n-1-300x225.jpg 300w, https:\/\/www.greenpeace.org\/static\/planet4-romania-stateless\/2024\/03\/91973815-431186336_811000554403687_3583364398440541230_n-1-768x576.jpg 768w, https:\/\/www.greenpeace.org\/static\/planet4-romania-stateless\/2024\/03\/91973815-431186336_811000554403687_3583364398440541230_n-1-1536x1152.jpg 1536w, https:\/\/www.greenpeace.org\/static\/planet4-romania-stateless\/2024\/03\/91973815-431186336_811000554403687_3583364398440541230_n-1-453x340.jpg 453w, https:\/\/www.greenpeace.org\/static\/planet4-romania-stateless\/2024\/03\/91973815-431186336_811000554403687_3583364398440541230_n-1.jpg 1600w\" sizes=\"auto, (max-width: 1024px) 100vw, 1024px\" \/><\/figure>\n\n<p>Cea mai recent\u0103 activitate a fost \u00een cadrul conferin\u021bei \u201dTranzi\u021bia de la aurul negru la energia verde\u201d, unde l-am \u00eentrerupt pe C\u0103t\u0103lin Hristescu, director Managementul Portofoliului Gaze \u0219i Energie, care venise s\u0103 ne spun\u0103 acelea\u0219i minciuni \u00eempachetate frumos, despre ce rol important joac\u0103 OMV \u00een tranzi\u021bia c\u0103tre o societate f\u0103r\u0103 emisii. Asta \u00een condi\u021biile \u00een care <strong>proiectul Neptun Deep va genera peste 200 de milioane de tone de CO2<\/strong>.&nbsp;&nbsp;<\/p>\n\n<p>Tot in luna martie, \u0219i datorit\u0103 implic\u0103rii Greenpeace Bulgaria, autorit\u0103\u021bile de mediu din \u021bara vecin\u0103 au <a href=\"https:\/\/www.moew.government.bg\/static\/media\/ups\/articles\/attachments\/Letter_to_Romania_11.03.2024_enddec8e0fcdf077d6812200b35de7b6b6.pdf\">cerut refacerea raportului<\/a> de impact asupra mediului, fiind \u00eengrijorate de riscul de poluare a apelor sale teritoriale din Marea Neagr\u0103. Tactic\u0103, dup\u0103 tactic\u0103, dup\u0103 tactic\u0103 \ud83d\ude42<\/p>\n\n<p>Au trecut mai bine de 10 ani de c\u00e2nd mergeam \u00een Punge\u0219ti \u0219i informam comunitatea local\u0103 despre riscurile asociate extragerii gazelor de \u0219ist. Au trecut 10 ani de c\u00e2nd am contribuit la crearea mi\u0219c\u0103rii de rezisten\u021b\u0103 Punge\u0219ti \u0219i de c\u00e2nd am oprit opera\u021biunile Chevron. Opera\u021biuni care ar fi afectat iremediabil mediul \u0219i comunit\u0103\u021bile locale din jude\u021bul Vaslui.&nbsp; <strong>A fost victoria unei genera\u021bii!&nbsp;<\/strong><\/p>\n\n<figure class=\"wp-block-image size-full\"><img loading=\"lazy\" decoding=\"async\" width=\"960\" height=\"720\" src=\"https:\/\/www.greenpeace.org\/static\/planet4-romania-stateless\/2024\/03\/b53d2f28-1382136_534182836651066_323525846_n-1.jpg\" alt=\"\" class=\"wp-image-9661\" srcset=\"https:\/\/www.greenpeace.org\/static\/planet4-romania-stateless\/2024\/03\/b53d2f28-1382136_534182836651066_323525846_n-1.jpg 960w, https:\/\/www.greenpeace.org\/static\/planet4-romania-stateless\/2024\/03\/b53d2f28-1382136_534182836651066_323525846_n-1-300x225.jpg 300w, https:\/\/www.greenpeace.org\/static\/planet4-romania-stateless\/2024\/03\/b53d2f28-1382136_534182836651066_323525846_n-1-768x576.jpg 768w, https:\/\/www.greenpeace.org\/static\/planet4-romania-stateless\/2024\/03\/b53d2f28-1382136_534182836651066_323525846_n-1-453x340.jpg 453w\" sizes=\"auto, (max-width: 960px) 100vw, 960px\" \/><\/figure>\n\n<p>Dup\u0103 10 ani, suntem tot pe baricade, ghida\u021bi de aceea\u0219i misiune &#8211; <em>s\u0103 protej\u0103m biodiversitatea \u00een toate formele ei, s\u0103 prevenim poluarea \u0219i abuzul asupra apelor, p\u0103m\u00e2ntului, aerului, s\u0103 lupt\u0103m pentru eliminarea tuturor amenin\u021b\u0103rilor nucleare, s\u0103 promov\u0103m pacea, dezarmarea global\u0103 \u0219i nonviolen\u021ba.<\/em><\/p>\n\n<p>Suntem peste zece mii de semnatari ai <a href=\"https:\/\/act-cee.greenpeace.org\/e3t\/Ctc\/2N+113\/d2-fBJ04\/VX9Sdg35PHTGW1lgZLb6vhmMMW8LzBkh5brKKJN2ZRHBH3qgyTW7lCdLW6lZ3mBW2grLTr8pJChXW3n_PG-3LW9LmW1SrnKs6VBvWNW7Jz5lD4hqgS3Mw5_-MTWY7mN7BBpDlSjBJVW3gNrvh2qT-q1N16vThlLn2c3W1hX7dN7PRJkZN70hZT8TxhXPVDfyQK6V35z4W8XK--N6bCS9SW7d07SK721gLGW1T19t17_NQtyW8WbjKK8r3lqtW4PDF4_7Gh2cMN98D9rWb1NktW93G2QB7Twmx3N1xmfMTVcyw1W5-l33R23lvFFW3k9Gv99b2z9qW7N0d6k5Ydx9MW4k_pb44TNTJHV28Bm91XxK_Pf8pSLFj04\">peti\u021biei pentru protejarea M\u0103rii Negre<\/a><img loading=\"lazy\" decoding=\"async\" width=\"19\" height=\"19\" src=\"https:\/\/lh7-us.googleusercontent.com\/f6VXp2T6Dh0heXIy-8LV7bqNDNkYf-7ppkjRyJAGVNp7rsSN47aKmnmVOmgR91jK9dx_MaLor1SVIn3_iMdpOUV_kjIsuFK106QNVkomtCzPOuSl436MOMtZ1NdJfzIac-6iFOcYEa4YiOI_POgGwyU\" alt=\"\ud83d\udc99\"> <\/p>\n\n<p><strong>Ne aju\u021bi s\u0103 ajungem la 20.000 de semn\u0103turi?<\/strong><\/p>\n","protected":false},"excerpt":{"rendered":"<p>Munc\u0103 non stop, ac\u021biuni \u00eendr\u0103zne\u021be, proteste non violente, confrunt\u0103ri creative, mobilizarea publicului larg pentru a opri o corpora\u021bie care ar fi afectat localnicii \u0219i via\u021ba s\u0103lbatic\u0103 din Taranaki.<\/p>\n","protected":false},"author":30,"featured_media":9659,"comment_status":"open","ping_status":"closed","sticky":false,"template":"","format":"standard","meta":{"ep_exclude_from_search":false,"p4_og_title":"","p4_og_description":"","p4_og_image":"","p4_og_image_id":"","p4_seo_canonical_url":"","p4_campaign_name":"","p4_local_project":"","p4_basket_name":"","p4_department":"","footnotes":""},"categories":[2,31],"tags":[26,117,115,36,68,102,119,125,97],"p4-page-type":[],"class_list":["post-9658","post","type-post","status-publish","format-standard","has-post-thumbnail","hentry","category-clima-si-energie","category-greenpeace","tag-activism","tag-clima-1","tag-climatejustice-1","tag-criza-climatica","tag-energie","tag-gaz-fosil-2","tag-oceane","tag-marea-neagra-gaz-fosil","tag-schimbari-climatice"],"_links":{"self":[{"href":"https:\/\/www.greenpeace.org\/romania\/wp-json\/wp\/v2\/posts\/9658","targetHints":{"allow":["GET"]}}],"collection":[{"href":"https:\/\/www.greenpeace.org\/romania\/wp-json\/wp\/v2\/posts"}],"about":[{"href":"https:\/\/www.greenpeace.org\/romania\/wp-json\/wp\/v2\/types\/post"}],"author":[{"embeddable":true,"href":"https:\/\/www.greenpeace.org\/romania\/wp-json\/wp\/v2\/users\/30"}],"replies":[{"embeddable":true,"href":"https:\/\/www.greenpeace.org\/romania\/wp-json\/wp\/v2\/comments?post=9658"}],"version-history":[{"count":7,"href":"https:\/\/www.greenpeace.org\/romania\/wp-json\/wp\/v2\/posts\/9658\/revisions"}],"predecessor-version":[{"id":9668,"href":"https:\/\/www.greenpeace.org\/romania\/wp-json\/wp\/v2\/posts\/9658\/revisions\/9668"}],"wp:featuredmedia":[{"embeddable":true,"href":"https:\/\/www.greenpeace.org\/romania\/wp-json\/wp\/v2\/media\/9659"}],"wp:attachment":[{"href":"https:\/\/www.greenpeace.org\/romania\/wp-json\/wp\/v2\/media?parent=9658"}],"wp:term":[{"taxonomy":"category","embeddable":true,"href":"https:\/\/www.greenpeace.org\/romania\/wp-json\/wp\/v2\/categories?post=9658"},{"taxonomy":"post_tag","embeddable":true,"href":"https:\/\/www.greenpeace.org\/romania\/wp-json\/wp\/v2\/tags?post=9658"},{"taxonomy":"p4-page-type","embeddable":true,"href":"https:\/\/www.greenpeace.org\/romania\/wp-json\/wp\/v2\/p4-page-type?post=9658"}],"curies":[{"name":"wp","href":"https:\/\/api.w.org\/{rel}","templated":true}]}}