{"id":9689,"date":"2024-04-11T14:59:17","date_gmt":"2024-04-11T11:59:17","guid":{"rendered":"https:\/\/www.greenpeace.org\/romania\/?p=9689"},"modified":"2024-04-11T14:59:23","modified_gmt":"2024-04-11T11:59:23","slug":"municipalitatile-si-societatea-civila-cer-solutii-pentru-imbunatatirea-planului-national-integrat-in-domeniul-energiei-si-schimbarilor-climatice-pniesc","status":"publish","type":"post","link":"https:\/\/www.greenpeace.org\/romania\/articol\/9689\/municipalitatile-si-societatea-civila-cer-solutii-pentru-imbunatatirea-planului-national-integrat-in-domeniul-energiei-si-schimbarilor-climatice-pniesc\/","title":{"rendered":"Municipalit\u0103\u021bile \u0219i societatea civil\u0103 cer solu\u021bii pentru \u00eembun\u0103t\u0103\u021birea Planului Na\u021bional Integrat \u00een domeniul Energiei \u0219i Schimb\u0103rilor Climatice (PNIESC)"},"content":{"rendered":"\n<p><strong>11 aprilie, Bra\u0219ov<\/strong> &#8211; Participan\u021bii la \u00eent\u00e2lnirea <a href=\"https:\/\/oer.ro\/proiect\/necplatform\/\">platformei de dialog pentru clim\u0103 \u0219i energie<\/a> cer factorilor de decizie na\u021bionali s\u0103 adopte \u021binte ambi\u021bioase \u0219i m\u0103suri detaliate privind energia regenerabil\u0103 \u0219i comunit\u0103\u021bile de energie \u00een versiunea revizuit\u0103 a Planului Na\u021bional Integrat \u00een domeniul Energiei \u0219i Schimb\u0103rilor Climatice (PNIESC).<\/p>\n\n<p>Municipalit\u0103\u021bi din Asocia\u021bia Ora\u0219e Energie \u00een Rom\u00e2nia (OER), agen\u021bii \u0219i organiza\u021bii non-guvernamentale s-au \u00eent\u00e2lnit pe 10 aprilie la Bra\u0219ov cu membri ai Ministerului Energiei \u0219i ai Ministerului Mediului, Apelor \u0219i P\u0103durilor pentru a discuta situa\u021bia revizuirii PNIESC, document pe care Rom\u00e2nia trebuie s\u0103 \u00eel transmit\u0103 Comisiei Europene p\u00e2n\u0103 la 30 iunie 2024. Punctul de plecare al \u00eent\u00e2lnirii a fost necesitatea ca Rom\u00e2nia s\u0103-\u0219i seteze \u021binte ambi\u021bioase \u00een domeniul energiei regenerabile pentru orizontul de timp 2030.<\/p>\n\n<figure class=\"wp-block-image size-large\"><img loading=\"lazy\" decoding=\"async\" width=\"1024\" height=\"495\" src=\"https:\/\/www.greenpeace.org\/static\/planet4-romania-stateless\/2024\/04\/499b8bd7-mk4k9853-1024x495.jpg\" alt=\"\" class=\"wp-image-9691\" srcset=\"https:\/\/www.greenpeace.org\/static\/planet4-romania-stateless\/2024\/04\/499b8bd7-mk4k9853-1024x495.jpg 1024w, https:\/\/www.greenpeace.org\/static\/planet4-romania-stateless\/2024\/04\/499b8bd7-mk4k9853-300x145.jpg 300w, https:\/\/www.greenpeace.org\/static\/planet4-romania-stateless\/2024\/04\/499b8bd7-mk4k9853-768x372.jpg 768w, https:\/\/www.greenpeace.org\/static\/planet4-romania-stateless\/2024\/04\/499b8bd7-mk4k9853-1536x743.jpg 1536w, https:\/\/www.greenpeace.org\/static\/planet4-romania-stateless\/2024\/04\/499b8bd7-mk4k9853-2048x991.jpg 2048w, https:\/\/www.greenpeace.org\/static\/planet4-romania-stateless\/2024\/04\/499b8bd7-mk4k9853-510x247.jpg 510w\" sizes=\"auto, (max-width: 1024px) 100vw, 1024px\" \/><\/figure>\n\n<p><strong>Participan\u021bii la \u00eent\u00e2lnire au adresat urm\u0103toarele solicit\u0103ri reprezentan\u021bilor ministerelor:<\/strong><\/p>\n\n<ul class=\"wp-block-list\">\n<li><strong>S\u0103 asigure participarea inclusiv\u0103 a publicului \u00een procesul de actualizare a PNIESC, prin oferirea de oportunit\u0103\u021bi concrete de participare, \u00eentr-un cadru transparent \u0219i echitabil, cu acces la toate documentele, rapoartele \u0219i analizele care stau la baza actualiz\u0103rii planului. Participan\u021bii au reclamat absen\u021ba consult\u0103rilor pentru versiunea PNIESC transmis\u0103 de Rom\u00e2nia \u00een 2023;<\/strong><\/li>\n\n\n\n<li><strong>S\u0103 includ\u0103 obiective \u0219i \u021binte specifice pentru comunit\u0103\u021bile de energie regenerabil\u0103 (de exemplu, num\u0103r de comunit\u0103\u021bi de energie care vor fi \u00eenfiin\u021bate, sau capacit\u0103\u021bi instalate de comunit\u0103\u021bi de energie);<\/strong><\/li>\n\n\n\n<li><strong>S\u0103 includ\u0103 \u00een PNIESC, \u00een manier\u0103 detaliat\u0103, a prevederilor care s\u0103 impulsioneze formarea \u0219i func\u021bionarea comunit\u0103\u021bilor de energie.<\/strong><\/li>\n<\/ul>\n\n<figure class=\"wp-block-image size-large\"><img loading=\"lazy\" decoding=\"async\" width=\"1024\" height=\"798\" src=\"https:\/\/www.greenpeace.org\/static\/planet4-romania-stateless\/2024\/04\/6c9a6ba1-mk4k9879-1024x798.jpg\" alt=\"\" class=\"wp-image-9695\" srcset=\"https:\/\/www.greenpeace.org\/static\/planet4-romania-stateless\/2024\/04\/6c9a6ba1-mk4k9879-1024x798.jpg 1024w, https:\/\/www.greenpeace.org\/static\/planet4-romania-stateless\/2024\/04\/6c9a6ba1-mk4k9879-300x234.jpg 300w, https:\/\/www.greenpeace.org\/static\/planet4-romania-stateless\/2024\/04\/6c9a6ba1-mk4k9879-768x599.jpg 768w, https:\/\/www.greenpeace.org\/static\/planet4-romania-stateless\/2024\/04\/6c9a6ba1-mk4k9879-1536x1197.jpg 1536w, https:\/\/www.greenpeace.org\/static\/planet4-romania-stateless\/2024\/04\/6c9a6ba1-mk4k9879-2048x1596.jpg 2048w, https:\/\/www.greenpeace.org\/static\/planet4-romania-stateless\/2024\/04\/6c9a6ba1-mk4k9879-1753x1366.jpg 1753w, https:\/\/www.greenpeace.org\/static\/planet4-romania-stateless\/2024\/04\/6c9a6ba1-mk4k9879-436x340.jpg 436w\" sizes=\"auto, (max-width: 1024px) 100vw, 1024px\" \/><\/figure>\n\n<p>Referitor la consultarea publicului \u00een procesul de revizuire PNIESC, directoarea OER, Leea Mih\u0103il\u0103, a afirmat disponibilitatea organiza\u021biei de a facilita dialogul dintre ministere \u0219i autorit\u0103\u021bile locale. \u201ePlanurile Na\u021bionale privind Energia \u0219i Clima reprezint\u0103 strategiile na\u021bionale pentru atingerea obiectivelor Uniunii Europene, iar con\u021binutul acestora este clar definit de Regulamentului privind Guvernan\u021ba Uniunii Energetice \u0219i a Ac\u021biunilor Climatice. Dincolo de cerin\u021bele de con\u021binut, Regulamentul precizeaz\u0103 cum, \u0219i cel mai important, cu cine trebuie formulate \u0219i revizuite aceste planuri. Implicarea autorit\u0103\u021bilor locale, a organiza\u021biilor societ\u0103\u021bii civile, a mediului privat \u0219i a actorilor cheie relevan\u021bi este esen\u021bial\u0103. Elaborarea acestor planuri ar trebui s\u0103 aduc\u0103 schimb\u0103ri semnificative \u00een privin\u021ba modului \u00een care sunt formulate \u0219i executate politicile na\u021bionale. Cu toate acestea, evaluarea Comisiei Europene indic\u0103 faptul c\u0103 implicarea p\u0103r\u021bilor interesate s-a realizat deficitar de majoritatea Statelor Membre. De aceea dorim s\u0103 stimul\u0103m acest dialog, pentru ca diferitele niveluri de guvernan\u021b\u0103 s\u0103 poat\u0103 coopera pentru viitorul nostru\u201d, explic\u0103 Leea Mih\u0103il\u0103.<\/p>\n\n<figure class=\"wp-block-image size-large\"><img loading=\"lazy\" decoding=\"async\" width=\"1024\" height=\"683\" src=\"https:\/\/www.greenpeace.org\/static\/planet4-romania-stateless\/2024\/04\/21c3b00b-mk4k9897-1024x683.jpg\" alt=\"\" class=\"wp-image-9693\" srcset=\"https:\/\/www.greenpeace.org\/static\/planet4-romania-stateless\/2024\/04\/21c3b00b-mk4k9897-1024x683.jpg 1024w, https:\/\/www.greenpeace.org\/static\/planet4-romania-stateless\/2024\/04\/21c3b00b-mk4k9897-300x200.jpg 300w, https:\/\/www.greenpeace.org\/static\/planet4-romania-stateless\/2024\/04\/21c3b00b-mk4k9897-768x512.jpg 768w, https:\/\/www.greenpeace.org\/static\/planet4-romania-stateless\/2024\/04\/21c3b00b-mk4k9897-1536x1024.jpg 1536w, https:\/\/www.greenpeace.org\/static\/planet4-romania-stateless\/2024\/04\/21c3b00b-mk4k9897-2048x1366.jpg 2048w, https:\/\/www.greenpeace.org\/static\/planet4-romania-stateless\/2024\/04\/21c3b00b-mk4k9897-510x340.jpg 510w\" sizes=\"auto, (max-width: 1024px) 100vw, 1024px\" \/><\/figure>\n\n<p>\u00cen ceea ce prive\u0219te includerea unor obiective \u0219i \u021binte specifice pentru comunit\u0103\u021bile de energie, Andrei Cr\u0103ciun, coordonator de campanie \u00een cadrul Greenpeace, men\u021bioneaz\u0103 c\u0103 \u201eRom\u00e2nia poate \u00eenv\u0103\u021ba din exemplele bune din Europa. Lituania \u0219i-a stabilit pentru 2030 ca 0,473% din produc\u021bia total\u0103 de energie s\u0103 provin\u0103 \u00een mod specific din comunit\u0103\u021bile de energie regenerabil\u0103, iar Spania a inclus un obiectiv de consum individual \u0219i autoconsum de 19GW, precum \u0219i o m\u0103sur\u0103 specific\u0103 cu obiective bine definite pentru comunit\u0103\u021bile energetice. Este necesar ca \u0219i Rom\u00e2nia s\u0103 \u00ee\u0219i ia astfel de angajamente. C\u00e2t mai repede!\u201d<\/p>\n\n<p>Activitatea platformei de dialog pentru clim\u0103 \u0219i energie a fost completat\u0103 de prima \u00eent\u00e2lnire din proiectului <a href=\"https:\/\/oer.ro\/proiect\/ncgcom\/\">NRGCOM<\/a>, dedicat\u0103 eficientiz\u0103rii costurilor \u00een comunit\u0103\u021bile de energie \u0219i poten\u021bialelor investi\u021bii \u00een infrastructur\u0103 cu costuri reduse. Cu aceast\u0103 ocazie, municipalit\u0103\u021bile au \u00eemp\u0103rt\u0103\u0219it din propriile experien\u021be cu privire la cre\u0219terea eficien\u021bei energetice a cl\u0103dirilor, instalarea de facilit\u0103\u021bi de produc\u021bie de energie regenerabil\u0103 pe acoperi\u0219urile cl\u0103dirilor publice, derularea de programe de educare \u0219i con\u0219tientizare, dar \u0219i accesul la finan\u021bare.<\/p>\n\n<p>Dan P\u00eer\u0219an, pre\u0219edintele Asocia\u021biei Prosumatorilor \u0219i Comunit\u0103\u021bilor de Energie, a discutat despre problemele cadrului actual de reglementare care \u00eempiedic\u0103 partajarea energiei la nivelul unei comunit\u0103\u021bi, dar \u0219i despre solu\u021biile tehnice care se impun. \u201eIntroducerea unui sistem de contorizare net\u0103 virtual\u0103 (virtual net metering), dar \u0219i alte aspecte tehnice, sunt esen\u021biale pentru comunit\u0103\u021bile de energie pentru c\u0103 prin ele asigur\u0103m distribu\u021bia corect\u0103 a beneficiilor, utilizarea optim\u0103 a resurselor, stabilitatea re\u021belei \u0219i managementul eficient al energiei. Aceste elemente contribuie la succesul comunit\u0103\u021bilor de energie \u00een tranzi\u021bia c\u0103tre un viitor cu energie curat\u0103\u201d, a afirmat Dan P\u00eer\u0219an.<\/p>\n\n<p>Camelia Sava, manager de proiect la Cooperativa de Energie, explic\u0103 faptul c\u0103 \u201edezvoltarea comunit\u0103\u021bilor de energie din Rom\u00e2nia este limitat\u0103 \u0219i din cauza lipsei de finan\u021bare. Guvernele din UE valorific\u0103 fondurile publice \u00een sprijinul comunit\u0103\u021bilor de energie, iar acest lucru ajut\u0103 la r\u0103sp\u00e2ndirea mi\u0219c\u0103rii comunitare \u00een Europa \u0219i la acceptarea mai rapid\u0103 a surselor de energie regenerabil\u0103. Accesul facil la fonduri europene \u0219i na\u021bionale, cu proceduri simplificate, este esen\u021bial pentru a debloca acest poten\u021bial \u0219i a accelera tranzi\u021bia energetic\u0103 a \u021b\u0103rii.\u201d<\/p>\n\n<figure class=\"wp-block-image size-large\"><img loading=\"lazy\" decoding=\"async\" width=\"1024\" height=\"683\" src=\"https:\/\/www.greenpeace.org\/static\/planet4-romania-stateless\/2024\/04\/2fc73dfa-mk4k9986-1024x683.jpg\" alt=\"\" class=\"wp-image-9696\" srcset=\"https:\/\/www.greenpeace.org\/static\/planet4-romania-stateless\/2024\/04\/2fc73dfa-mk4k9986-1024x683.jpg 1024w, https:\/\/www.greenpeace.org\/static\/planet4-romania-stateless\/2024\/04\/2fc73dfa-mk4k9986-300x200.jpg 300w, https:\/\/www.greenpeace.org\/static\/planet4-romania-stateless\/2024\/04\/2fc73dfa-mk4k9986-768x512.jpg 768w, https:\/\/www.greenpeace.org\/static\/planet4-romania-stateless\/2024\/04\/2fc73dfa-mk4k9986-1536x1024.jpg 1536w, https:\/\/www.greenpeace.org\/static\/planet4-romania-stateless\/2024\/04\/2fc73dfa-mk4k9986-2048x1366.jpg 2048w, https:\/\/www.greenpeace.org\/static\/planet4-romania-stateless\/2024\/04\/2fc73dfa-mk4k9986-510x340.jpg 510w\" sizes=\"auto, (max-width: 1024px) 100vw, 1024px\" \/><\/figure>\n\n<p><strong>Persoane de contact<\/strong><\/p>\n\n<p><strong>Asocia\u021bia Ora\u0219e Energie \u00een Rom\u00e2nia (OER)<\/strong><\/p>\n\n<p>Leea Mihail\u0103, director, 0268 474 209<\/p>\n\n<p><strong>Asocia\u021biei Prosumatorilor \u0219i Comunit\u0103\u021bilor de Energie<\/strong><\/p>\n\n<p>Dan P\u00eer\u0219an, pre\u0219edinte, 0722 819 999<\/p>\n\n<p><strong>Cooperativa de Energie<\/strong><\/p>\n\n<p>Camelia Sava, manager de proiect, 0724 545 185<\/p>\n\n<p><strong>Greenpeace Rom\u00e2nia<\/strong><\/p>\n\n<p>Andrei Cr\u0103ciun, coordonator campanie comunit\u0103\u021bi de energie, 0727 897 591<\/p>\n","protected":false},"excerpt":{"rendered":"<p>Municipalit\u0103\u021bi din OER, agen\u021bii \u0219i ONG-uri s-au \u00eent\u00e2lnit pe 10 aprilie la Bra\u0219ov cu membri ai Ministerului Energiei \u0219i ai Ministerului Mediului, Apelor \u0219i P\u0103durilor pentru a discuta situa\u021bia revizuirii PNIESC, pornind de la necesitatea ca Rom\u00e2nia s\u0103 \u00ee\u0219i seteze \u021binte ambi\u021bioase \u00een domeniul energiei regenerabile pentru orizontul de timp 2030.<\/p>\n","protected":false},"author":34,"featured_media":9690,"comment_status":"open","ping_status":"closed","sticky":false,"template":"","format":"standard","meta":{"ep_exclude_from_search":false,"p4_og_title":"","p4_og_description":"","p4_og_image":"","p4_og_image_id":"","p4_seo_canonical_url":"","p4_campaign_name":"","p4_local_project":"","p4_basket_name":"","p4_department":"","footnotes":""},"categories":[2,31],"tags":[112,7,68,73],"p4-page-type":[],"class_list":["post-9689","post","type-post","status-publish","format-standard","has-post-thumbnail","hentry","category-clima-si-energie","category-greenpeace","tag-comunitati-de-energie-1","tag-energie-regenerabila","tag-energie","tag-tranzitie-justa-1"],"_links":{"self":[{"href":"https:\/\/www.greenpeace.org\/romania\/wp-json\/wp\/v2\/posts\/9689","targetHints":{"allow":["GET"]}}],"collection":[{"href":"https:\/\/www.greenpeace.org\/romania\/wp-json\/wp\/v2\/posts"}],"about":[{"href":"https:\/\/www.greenpeace.org\/romania\/wp-json\/wp\/v2\/types\/post"}],"author":[{"embeddable":true,"href":"https:\/\/www.greenpeace.org\/romania\/wp-json\/wp\/v2\/users\/34"}],"replies":[{"embeddable":true,"href":"https:\/\/www.greenpeace.org\/romania\/wp-json\/wp\/v2\/comments?post=9689"}],"version-history":[{"count":1,"href":"https:\/\/www.greenpeace.org\/romania\/wp-json\/wp\/v2\/posts\/9689\/revisions"}],"predecessor-version":[{"id":9697,"href":"https:\/\/www.greenpeace.org\/romania\/wp-json\/wp\/v2\/posts\/9689\/revisions\/9697"}],"wp:featuredmedia":[{"embeddable":true,"href":"https:\/\/www.greenpeace.org\/romania\/wp-json\/wp\/v2\/media\/9690"}],"wp:attachment":[{"href":"https:\/\/www.greenpeace.org\/romania\/wp-json\/wp\/v2\/media?parent=9689"}],"wp:term":[{"taxonomy":"category","embeddable":true,"href":"https:\/\/www.greenpeace.org\/romania\/wp-json\/wp\/v2\/categories?post=9689"},{"taxonomy":"post_tag","embeddable":true,"href":"https:\/\/www.greenpeace.org\/romania\/wp-json\/wp\/v2\/tags?post=9689"},{"taxonomy":"p4-page-type","embeddable":true,"href":"https:\/\/www.greenpeace.org\/romania\/wp-json\/wp\/v2\/p4-page-type?post=9689"}],"curies":[{"name":"wp","href":"https:\/\/api.w.org\/{rel}","templated":true}]}}