{"id":9725,"date":"2024-04-26T11:10:35","date_gmt":"2024-04-26T08:10:35","guid":{"rendered":"https:\/\/www.greenpeace.org\/romania\/?p=9725"},"modified":"2026-04-02T14:08:58","modified_gmt":"2026-04-02T11:08:58","slug":"de-ce-se-teme-ministerul-energiei-de-energia-produsa-de-comunitati","status":"publish","type":"post","link":"https:\/\/www.greenpeace.org\/romania\/articol\/9725\/de-ce-se-teme-ministerul-energiei-de-energia-produsa-de-comunitati\/","title":{"rendered":"De ce se teme Ministerul Energiei de energia produs\u0103 de comunit\u0103\u021bi?"},"content":{"rendered":"\n<p><strong>Planul Na\u021bional pentru Energie \u0219i Clim\u0103 al Rom\u00e2niei las\u0103 comunit\u0103\u021bile \u0219i cet\u0103\u021benii \u00een afara tranzi\u021biei energetice: f\u0103r\u0103 cadru legal, f\u0103r\u0103 sprijin, f\u0103r\u0103 \u021binte!&nbsp;<\/strong><\/p>\n\n<p><strong>P\u00e2n\u0103 \u00een iunie 2024, statele membre UE trebuie s\u0103 \u00ee\u0219i prezinte Planurile Na\u021bionale pentru Energie \u0219i Clim\u0103 (PNIESC), \u00een formele revizuite \u0219i finale. Planul la care Rom\u00e2nia a lucrat p\u00e2n\u0103 acum are probleme serioase, iar Ministerul Energiei nu d\u0103 semne c\u0103 este interesat s\u0103 implementeze recomand\u0103rile Comisiei Europene de a sus\u021bine participarea cet\u0103\u021benilor la tranzi\u021bia energetic\u0103 prin crearea de comunit\u0103\u021bi de energie. <\/strong><a href=\"https:\/\/communitypowercoalition.eu\/wp-content\/uploads\/2024\/04\/Driving-the-transition-NECP-Brief-2.pdf\"><strong>Analiza recent\u0103<\/strong><\/a><strong> a Coali\u021biei Europene \u201eCommunity Power\u201d, care a examinat planul Rom\u00e2niei, a punctat lipsa m\u0103surilor de sprijin pentru energia produs\u0103 de comunit\u0103\u021bi.<\/strong><\/p>\n\n<p>Comunit\u0103\u021bile de energie sunt una dintre solu\u021biile fezabile pentru tranzi\u021bia energetic\u0103, pentru c\u0103 presupun colaborarea dintre cet\u0103\u021beni, administra\u021bii publice locale, IMM-uri \u0219i alte organiza\u021bii pentru a genera, gestiona \u0219i consuma energie \u00een mod colectiv.&nbsp;<\/p>\n\n<p>La fel ca \u00een cazul prosumatorilor, al c\u0103ror num\u0103r a crescut vertiginos \u00een doar c\u00e2\u021biva ani, comunit\u0103\u021bile de energie au poten\u021bialul s\u0103 schimbe o parte a sectorului energetic din Rom\u00e2nia \u0219i, \u00een acela\u0219i timp, s\u0103 rezolve probleme dificile, precum cele legate de s\u0103r\u0103cie energetic\u0103 \u0219i poluare. Pentru ca acest lucru s\u0103 se \u00eent\u00e2mple, este nevoie ca statul s\u0103 creeze un cadru legal favorabil acestui tip de asociere \u0219i, \u00een acela\u0219i timp, s\u0103 sprijine, inclusiv financiar, dezvoltarea comunit\u0103\u021bilor.&nbsp;<\/p>\n\n<p>De altfel, aceast\u0103 direc\u021bie este \u00eencurajat\u0103 \u0219i la nivel european, Rom\u00e2nia primind deja semnale din partea Comisiei Europene. Pentru a demonstra c\u0103 vrea s\u0103 mearg\u0103 pe traseul decarbon\u0103rii \u0219i descentraliz\u0103rii sectorului energetic, Rom\u00e2nia trebuie s\u0103 \u00ee\u0219i stabileasc\u0103 \u021binte clare pentru energia produs\u0103 de comunit\u0103\u021bi \u00een Planul Na\u021bional pentru Energie \u0219i Clim\u0103 (PNIESC).<\/p>\n\n<p>Analiza Coali\u021biei Europene \u201eCommunity Power\u201d indic\u0103 urm\u0103toarele probleme grave pentru prima versiune a planului depus de Rom\u00e2nia la finalul anului 2023:<\/p>\n\n<ul class=\"wp-block-list\">\n<li>Nu a fost creat \u00eentr-o manier\u0103 transparent\u0103, nu s-a bazat pe participarea publicului \u0219i a societ\u0103\u021bii civile.<\/li>\n\n\n\n<li>Nu a abordat obstacole \u00een calea \u00eenfiin\u021b\u0103rii \u0219i func\u021bion\u0103rii comunit\u0103\u021bilor de energie, nu a inclus politici specifice \u0219i m\u0103suri necesare pentru a crea un cadru favorabil comunit\u0103\u021bilor de energie.<\/li>\n\n\n\n<li>Nu cuprinde obiective \u0219i \u021binte clare pentru comunit\u0103\u021bile de energie, nu demonstreaz\u0103 angajamentul fa\u021b\u0103 de promovarea \u0219i dezvoltarea surselor de energie regenerabil\u0103 la nivel de comunitate.<\/li>\n\n\n\n<li>Cuprinde extinderea semnificativ\u0103 a infrastructurii pentru combustibili fosili.<\/li>\n<\/ul>\n\n<p>Rom\u00e2nia poate \u00eenv\u0103\u021ba din exemplele bune ale altor state UE. Lituania \u0219i-a stabilit pentru 2030 ca 0,473% din produc\u021bia total\u0103 de energie s\u0103 provin\u0103 \u00een mod specific din comunit\u0103\u021bile de energie regenerabil\u0103, iar Spania a inclus un obiectiv de consum individual \u0219i autoconsum de 19GW, precum \u0219i o m\u0103sur\u0103 specific\u0103 cu obiective bine definite pentru comunit\u0103\u021bile energetice.&nbsp;<\/p>\n\n<p><strong>Este necesar ca \u0219i Rom\u00e2nia s\u0103 \u00ee\u0219i ia astfel de angajamente \u00een Planul Na\u021bional pentru Energie \u0219i Clim\u0103 pe care trebuie s\u0103-l finalizeze p\u00e2n\u0103 \u00een iunie 2024. Autorit\u0103\u021bile locale \u0219i cet\u0103\u021benii vor comunit\u0103\u021bi de energie, iar Ministerul Energie trebuie s\u0103 \u021bin\u0103 cont de acest lucru \u00een elaborarea PNIESC.&nbsp;<\/strong><\/p>\n\n<p>\u201e<em>Cerem Ministerului Energiei s\u0103 includ\u0103 \u00een versiunea final\u0103 a Planul Na\u021bional pentru Energie \u0219i Clim\u0103 \u021binte curajoase pentru energia produs\u0103 de cet\u0103\u021beni \u0219i comunit\u0103\u021bi. Cunoa\u0219tem zeci de ini\u021biative \u00een \u021bar\u0103 care a\u0219teapt\u0103 clarificarea cadrului legal \u0219i sprijin concret \u0219i vor s\u0103 vad\u0103 un semnal ferm din partea autorit\u0103\u021bilor centrale. Rom\u00e2nia continu\u0103 s\u0103 viseze la planuri de miliarde de euro investi\u021bi \u00een combustibili fosili sau \u00een nuclear, \u00een loc s\u0103 deblocheze tranzi\u021bia prin descentralizarea sectorului energetic, mult mai ieftin\u0103 \u0219i mai eficient\u0103. Cet\u0103\u021benii \u0219i comunit\u0103\u021bile vor s\u0103 produc\u0103 energie curat\u0103 la nivel local.<\/em>\u201d a declarat Andrei Cr\u0103ciun, campaigner Greenpeace Rom\u00e2nia.<\/p>\n\n<p>Contact:<\/p>\n\n<p>Andrei Cr\u0103ciun, Coordonator de campanii, Greenpeace Rom\u00e2nia&nbsp;<\/p>\n\n<p>+40 727 897 591, <a href=\"mailto:acraciun@greenpeace.org\">acraciun@greenpeace.org<\/a><\/p>\n\n<p>Elena V\u0103duva, PR &amp; Comms, Greenpeace Rom\u00e2nia<\/p>\n\n<p>+40 764 137  469, <a href=\"mailto:mmatache@greenpeace.org\">evaduva@greenpeace.org<\/a>\u00a0<\/p>\n","protected":false},"excerpt":{"rendered":"<p>Planul Na\u021bional pentru Energie \u0219i Clim\u0103 al Rom\u00e2niei las\u0103 comunit\u0103\u021bile \u0219i cet\u0103\u021benii \u00een afara tranzi\u021biei energetice: f\u0103r\u0103 cadru legal, f\u0103r\u0103 sprijin, f\u0103r\u0103 \u021binte!&nbsp;<\/p>\n","protected":false},"author":34,"featured_media":9726,"comment_status":"open","ping_status":"closed","sticky":false,"template":"","format":"standard","meta":{"ep_exclude_from_search":false,"p4_og_title":"","p4_og_description":"","p4_og_image":"","p4_og_image_id":"","p4_seo_canonical_url":"","p4_campaign_name":"","p4_local_project":"","p4_basket_name":"","p4_department":"","footnotes":""},"categories":[138],"tags":[117,112,120,7,68,6,121,73],"p4-page-type":[],"class_list":["post-9725","post","type-post","status-publish","format-standard","has-post-thumbnail","hentry","category-democratie-energetica","tag-clima-1","tag-comunitati-de-energie-1","tag-eficienta-energetica-1","tag-energie-regenerabila","tag-energie","tag-prosumatori-1","tag-saracie-energetica-1","tag-tranzitie-justa-1"],"_links":{"self":[{"href":"https:\/\/www.greenpeace.org\/romania\/wp-json\/wp\/v2\/posts\/9725","targetHints":{"allow":["GET"]}}],"collection":[{"href":"https:\/\/www.greenpeace.org\/romania\/wp-json\/wp\/v2\/posts"}],"about":[{"href":"https:\/\/www.greenpeace.org\/romania\/wp-json\/wp\/v2\/types\/post"}],"author":[{"embeddable":true,"href":"https:\/\/www.greenpeace.org\/romania\/wp-json\/wp\/v2\/users\/34"}],"replies":[{"embeddable":true,"href":"https:\/\/www.greenpeace.org\/romania\/wp-json\/wp\/v2\/comments?post=9725"}],"version-history":[{"count":1,"href":"https:\/\/www.greenpeace.org\/romania\/wp-json\/wp\/v2\/posts\/9725\/revisions"}],"predecessor-version":[{"id":9727,"href":"https:\/\/www.greenpeace.org\/romania\/wp-json\/wp\/v2\/posts\/9725\/revisions\/9727"}],"wp:featuredmedia":[{"embeddable":true,"href":"https:\/\/www.greenpeace.org\/romania\/wp-json\/wp\/v2\/media\/9726"}],"wp:attachment":[{"href":"https:\/\/www.greenpeace.org\/romania\/wp-json\/wp\/v2\/media?parent=9725"}],"wp:term":[{"taxonomy":"category","embeddable":true,"href":"https:\/\/www.greenpeace.org\/romania\/wp-json\/wp\/v2\/categories?post=9725"},{"taxonomy":"post_tag","embeddable":true,"href":"https:\/\/www.greenpeace.org\/romania\/wp-json\/wp\/v2\/tags?post=9725"},{"taxonomy":"p4-page-type","embeddable":true,"href":"https:\/\/www.greenpeace.org\/romania\/wp-json\/wp\/v2\/p4-page-type?post=9725"}],"curies":[{"name":"wp","href":"https:\/\/api.w.org\/{rel}","templated":true}]}}