{"id":9786,"date":"2024-05-30T10:24:09","date_gmt":"2024-05-30T07:24:09","guid":{"rendered":"https:\/\/www.greenpeace.org\/romania\/?p=9786"},"modified":"2026-04-07T13:15:47","modified_gmt":"2026-04-07T10:15:47","slug":"marea-neagra-in-pericol","status":"publish","type":"post","link":"https:\/\/www.greenpeace.org\/romania\/articol\/9786\/marea-neagra-in-pericol\/","title":{"rendered":"Marea Neagr\u0103 \u00een pericol"},"content":{"rendered":"\n<p><strong>30 mai 2024. Greenpeace Rom\u00e2nia lanseaz\u0103 la Constan\u021ba <a href=\"https:\/\/www.greenpeace.org\/static\/planet4-romania-stateless\/2024\/05\/5bacf577-02_pressures-threats-and-impacts-on-life-in-the-black-sea_greenpeace_rev02-1-1.pdf?utm_campaign=C%26E%20Black%20Sea&amp;utm_source=hs_email&amp;utm_medium=email&amp;_hsenc=p2ANqtz-9xTr5hTpjVoozC2-ahrrOIHzfIlCfF_qm-lg50sppz4M2Ql_CSjKrj2De3CJZ-XqH-Sv_-\" target=\"_blank\" rel=\"noreferrer noopener\">studiul<\/a> \u201eVia\u021ba din Marea Neagr\u0103 &#8211; Presiuni, amenin\u0163\u0103ri \u015fi impacturi\u201d, elaborat de <\/strong><a href=\"http:\/\/www.epcmediu.ro\/\" target=\"_blank\" rel=\"noreferrer noopener\"><strong>EPC Consultan\u021b\u0103 de Mediu<\/strong><\/a><strong>. Documentul actualizeaz\u0103 principalele pericole pentru biodiversitatea marin\u0103 \u0219i eviden\u021biaz\u0103 nevoia de a c\u00e2nt\u0103ri cu aten\u021bie efectul lor cumulat. De asemenea, documentul propune stabilirea unor zone marine protejate ca solu\u021bie pentru refacerea ecosistemelor.<\/strong><\/p>\n\n<figure class=\"wp-block-image size-large\"><img loading=\"lazy\" decoding=\"async\" width=\"1024\" height=\"683\" src=\"https:\/\/www.greenpeace.org\/static\/planet4-romania-stateless\/2024\/05\/31be9771-poza-constanta-1024x683.jpeg\" alt=\"\" class=\"wp-image-9791\" srcset=\"https:\/\/www.greenpeace.org\/static\/planet4-romania-stateless\/2024\/05\/31be9771-poza-constanta-1024x683.jpeg 1024w, https:\/\/www.greenpeace.org\/static\/planet4-romania-stateless\/2024\/05\/31be9771-poza-constanta-300x200.jpeg 300w, https:\/\/www.greenpeace.org\/static\/planet4-romania-stateless\/2024\/05\/31be9771-poza-constanta-768x512.jpeg 768w, https:\/\/www.greenpeace.org\/static\/planet4-romania-stateless\/2024\/05\/31be9771-poza-constanta-1536x1024.jpeg 1536w, https:\/\/www.greenpeace.org\/static\/planet4-romania-stateless\/2024\/05\/31be9771-poza-constanta-510x340.jpeg 510w, https:\/\/www.greenpeace.org\/static\/planet4-romania-stateless\/2024\/05\/31be9771-poza-constanta.jpeg 1620w\" sizes=\"auto, (max-width: 1024px) 100vw, 1024px\" \/><\/figure>\n\n<p><strong>\u00cen completarea studiului, Greenpeace semnaleaz\u0103 amenin\u021barea concret\u0103 \u0219i apropiat\u0103 a proiectului Neptun Deep de exploatare a gazelor din Marea Neagr\u0103. Procesul de ob\u021binere a acordului de mediu este superficial, ascunz\u00e2nd erori majore f\u0103cute la ad\u0103postul complicit\u0103\u021bii autorit\u0103\u021bilor responsabile. Mai mult, acesta se desf\u0103\u0219oar\u0103 f\u0103r\u0103 consult\u0103ri publice \u00een marile comunit\u0103\u021bi ce pot fi afectate. Greenpeace a ac\u021bionat deja \u00een instan\u021b\u0103 companiile \u0219i autorit\u0103\u021bile implicate.<\/strong><\/p>\n\n<p>Presiunile exercitate asupra M\u0103rii Neagre \u0219i a vie\u021bii din ea sunt numeroase. Poluarea, microplasticul, nutrien\u021bii chimici \u00een exces (eutrofizarea), turismul agresiv, speciile invazive sunt o parte dintre factorii nocivi care dezechilibreaz\u0103 ecosistemele marine. La lunga list\u0103 a impacturilor negative se adaug\u0103, mai nou, r\u0103zboiul din Ucraina \u0219i, foarte probabil, noi proiecte de exploatare a gazelor offshore.&nbsp;<\/p>\n\n<p>Studiul EPC \u201e<em><a href=\"https:\/\/www.greenpeace.org\/static\/planet4-romania-stateless\/2024\/05\/5bacf577-02_pressures-threats-and-impacts-on-life-in-the-black-sea_greenpeace_rev02-1-1.pdf?utm_campaign=C%26E%20Black%20Sea&amp;utm_source=hs_email&amp;utm_medium=email&amp;_hsenc=p2ANqtz-9xTr5hTpjVoozC2-ahrrOIHzfIlCfF_qm-lg50sppz4M2Ql_CSjKrj2De3CJZ-XqH-Sv_-\" data-type=\"link\" data-id=\"https:\/\/www.greenpeace.org\/static\/planet4-romania-stateless\/2024\/05\/5bacf577-02_pressures-threats-and-impacts-on-life-in-the-black-sea_greenpeace_rev02-1-1.pdf?utm_campaign=C%26E%20Black%20Sea&amp;utm_source=hs_email&amp;utm_medium=email&amp;_hsenc=p2ANqtz-9xTr5hTpjVoozC2-ahrrOIHzfIlCfF_qm-lg50sppz4M2Ql_CSjKrj2De3CJZ-XqH-Sv_-\" target=\"_blank\" rel=\"noreferrer noopener\">Via\u021ba din Marea Neagr\u0103 &#8211; Presiuni, amenin\u0163\u0103ri \u015fi impacturi<\/a><\/em>\u201d arat\u0103 tocmai paleta mare de factori ce pot destabiliza iremediabil ecosistemul M\u0103rii Negre, nevoia de a avea programe de monitorizare constant\u0103 a m\u0103rii \u0219i de a proteja prin lege zonele vulnerabile.<\/p>\n\n<p>Principalele concluzii ale studiului:&nbsp;<\/p>\n\n<ul class=\"wp-block-list\">\n<li class=\"has-medium-font-size\">Existen\u021ba celor mai vulnerabile specii, mamiferele marine, este amenin\u021bat\u0103 de efectele semnificative ale r\u0103zboiului, \u00eenc\u0103 insuficient documentate, \u0219i agravat\u0103 de alte impacturi ale proiectelor evaluate inadecvat.<\/li>\n\n\n\n<li class=\"has-medium-font-size\">Crearea Ariilor Marine Protejate este o strategie esen\u021bial\u0103 pentru recuperarea ecosistemelor marine. Acestea vor fi stabilite \u021bin\u00e2nd cont de importan\u021ba lor ecologic\u0103 \u0219i vor avea ca scop principal conservarea biodiversit\u0103\u021bii \u0219i a proceselor naturale vitale, protej\u00e2nd totodat\u0103 s\u0103n\u0103tatea \u0219i siguran\u021ba comunit\u0103\u021bilor costiere.&nbsp;&nbsp;<\/li>\n\n\n\n<li class=\"has-medium-font-size\">Exploat\u0103rile de petrol \u0219i gaze ar trebui f\u0103cute doar dup\u0103 evalu\u0103ri riguroase de mediu, deoarece au poten\u021bialul de a periclita semnificativ specii sensibile precum cetaceele (delfinii).<\/li>\n<\/ul>\n\n<p>\u201e<em>Nu ne-am propus s\u0103 facem un raport final al st\u0103rii M\u0103rii Negre. Din contr\u0103, am vrut s\u0103 facem o actualizare a ce cunoa\u0219tem despre amenin\u021b\u0103rile la adresa m\u0103rii, a sinergiei periculoase \u00eentre impacturi, \u0219i s\u0103 subliniem c\u0103 \u00eenc\u0103 \u0219tim prea pu\u021bin pentru a o proteja cu adev\u0103rat. De aceea, noi credem c\u0103<\/em> e nevoie de mai mult\u0103 monitorizare, de extinderea suprafe\u0163elor ariilor protejate, de precau\u021bie \u0219i analiz\u0103 riguroas\u0103 \u00eenainte de a extinde activit\u0103\u021bile economice \u00een zona M\u0103rii Negre.\u201d a declarat Marius Nistorescu, doctor ecolog, manager general al EPC Consultan\u021b\u0103 de Mediu.<\/p>\n\n<p><strong>Neptun Deep, un proiect care amenin\u021b\u0103 Marea Neagr\u0103<\/strong><\/p>\n\n<p>O amenin\u021bare direct\u0103 \u0219i imediat\u0103 asupra M\u0103rii Negre este proiectul Neptun Deep al OMV Petrom \u0219i Romgaz, care \u00ee\u0219i propune s\u0103 scoat\u0103 100 de miliarde de metri cubi de gaze din mare \u00eencep\u00e2nd din 2027. Decizia final\u0103 de investi\u021bie a fost anun\u021bat\u0103 \u00een iunie 2023. \u00cen plin\u0103 desf\u0103\u0219urare, etapa preg\u0103titoare de evaluare a riscurilor de mediu minimizeaz\u0103 efectele pe care proiectul le-ar putea avea asupra vie\u021bii din Marea Neagr\u0103 \u0219i asupra comunit\u0103\u021bilor de pe litoral.<\/p>\n\n<p>Pentru viciile procedurale identificate, Greenpeace a ac\u021bionat deja \u00een instan\u021b\u0103 companiile OMV Petrom \u0219i Romgaz, Prim\u0103ria \u0219i Consiliul Local Tuzla, Administra\u021bia Bazinal\u0103 de Ap\u0103 Dobrogea Litoral \u0219i Institutul Na\u021bional de Cercetare-Dezvoltare Marin\u0103 \u201eGrigore Antipa\u201d.<\/p>\n\n<p>Este \u00eengrijor\u0103toare, de asemenea, lipsa unor consult\u0103ri publice reale ale marilor comunit\u0103\u021bi de pe litoral, de\u0219i consecin\u021bele proiectului, printre care se num\u0103r\u0103 \u0219i poten\u021bialele accidente, ar afecta toate comunit\u0103\u021bile de la mare. OMV Petrom a organizat o singur\u0103 pseudo-dezbatere la Tuzla \u00een ianuarie 2024.&nbsp;<\/p>\n\n<p>De altfel, <a href=\"https:\/\/www.radioromania.ro\/Actualitate\/avertisment-al-greenpeace-romania-referitor-la-un-posibil-dezastru-ecologic-in-marea-neagra-id13230.html\">starea precar\u0103 a platformelor<\/a> mai vechi operate de OMV Petrom, denun\u021bat\u0103 de Greenpeace, arat\u0103 dezinteresul companiei pentru activit\u0103\u021bile de mentenan\u021b\u0103, riscurile de accidente fiind considerabile.<\/p>\n\n<p>\u201e<em>Este incredibil cum Neptun Deep, un proiect uria\u0219, cu impact asupra mediului pe m\u0103sur\u0103, nu are parte de o analiz\u0103 corect\u0103 a riscurilor, iar cet\u0103\u021benii din localit\u0103\u021bile de pe litoral nu sunt informa\u021bi \u0219i consulta\u021bi cu privire la impactul acestuia. Un simplu exemplu e c\u0103 \u00een perioada de operare vor fi deversate \u00een Marea Neagr\u0103 peste 5 milioane de metri cubi de ap\u0103 uzat\u0103, dar nimeni nu vrea s\u0103 spun\u0103 care va fi efectul acestei polu\u0103ri. E c\u00e2t se poate de clar c\u0103 Neptun Deep poate avea efecte semnificative asupra m\u0103rii \u0219i a comunit\u0103\u021bilor, \u00eens\u0103 companiile implicate \u0219i autorit\u0103\u021bile \u00eencearc\u0103 s\u0103 treac\u0103 sub t\u0103cere pericolele,<\/em>\u201d a declarat Vlad C\u0103tun\u0103, coordonatorul campaniei Clim\u0103 \u0219i Energie \u00een cadrul Greenpeace Rom\u00e2nia.<\/p>\n\n<div data-wp-interactive=\"core\/file\" class=\"wp-block-file\"><object data-wp-bind--hidden=\"!state.hasPdfPreview\" hidden class=\"wp-block-file__embed\" data=\"https:\/\/www.greenpeace.org\/static\/planet4-romania-stateless\/2024\/05\/5bacf577-02_pressures-threats-and-impacts-on-life-in-the-black-sea_greenpeace_rev02-1-1.pdf\" type=\"application\/pdf\" style=\"width:100%;height:600px\" aria-label=\"\u00cenglobare pentru 5bacf577-02_pressures-threats-and-impacts-on-life-in-the-black-sea_greenpeace_rev02-1-1.\"><\/object><a id=\"wp-block-file--media-25d8011d-d6a4-4507-828b-61632618eba6\" href=\"https:\/\/www.greenpeace.org\/static\/planet4-romania-stateless\/2024\/05\/5bacf577-02_pressures-threats-and-impacts-on-life-in-the-black-sea_greenpeace_rev02-1-1.pdf\">5bacf577-02_pressures-threats-and-impacts-on-life-in-the-black-sea_greenpeace_rev02-1-1<\/a><\/div>\n","protected":false},"excerpt":{"rendered":"<p>Greenpeace Rom\u00e2nia lanseaz\u0103 la Constan\u021ba studiul \u201eVia\u021ba din Marea Neagr\u0103 &#8211; Presiuni, amenin\u0163\u0103ri \u015fi impacturi\u201d, elaborat de EPC Consultan\u021b\u0103 de Mediu.<\/p>\n","protected":false},"author":34,"featured_media":9791,"comment_status":"open","ping_status":"closed","sticky":false,"template":"","format":"standard","meta":{"ep_exclude_from_search":false,"p4_og_title":"","p4_og_description":"","p4_og_image":"","p4_og_image_id":"","p4_seo_canonical_url":"","p4_campaign_name":"","p4_local_project":"","p4_basket_name":"","p4_department":"","footnotes":""},"categories":[2],"tags":[26,19,117,115,102,125,60,35],"p4-page-type":[],"class_list":["post-9786","post","type-post","status-publish","format-standard","has-post-thumbnail","hentry","category-clima-si-energie","tag-activism","tag-biodiversitate","tag-clima-1","tag-climatejustice-1","tag-gaz-fosil-2","tag-marea-neagra-gaz-fosil","tag-natura","tag-poluare"],"_links":{"self":[{"href":"https:\/\/www.greenpeace.org\/romania\/wp-json\/wp\/v2\/posts\/9786","targetHints":{"allow":["GET"]}}],"collection":[{"href":"https:\/\/www.greenpeace.org\/romania\/wp-json\/wp\/v2\/posts"}],"about":[{"href":"https:\/\/www.greenpeace.org\/romania\/wp-json\/wp\/v2\/types\/post"}],"author":[{"embeddable":true,"href":"https:\/\/www.greenpeace.org\/romania\/wp-json\/wp\/v2\/users\/34"}],"replies":[{"embeddable":true,"href":"https:\/\/www.greenpeace.org\/romania\/wp-json\/wp\/v2\/comments?post=9786"}],"version-history":[{"count":7,"href":"https:\/\/www.greenpeace.org\/romania\/wp-json\/wp\/v2\/posts\/9786\/revisions"}],"predecessor-version":[{"id":12641,"href":"https:\/\/www.greenpeace.org\/romania\/wp-json\/wp\/v2\/posts\/9786\/revisions\/12641"}],"wp:featuredmedia":[{"embeddable":true,"href":"https:\/\/www.greenpeace.org\/romania\/wp-json\/wp\/v2\/media\/9791"}],"wp:attachment":[{"href":"https:\/\/www.greenpeace.org\/romania\/wp-json\/wp\/v2\/media?parent=9786"}],"wp:term":[{"taxonomy":"category","embeddable":true,"href":"https:\/\/www.greenpeace.org\/romania\/wp-json\/wp\/v2\/categories?post=9786"},{"taxonomy":"post_tag","embeddable":true,"href":"https:\/\/www.greenpeace.org\/romania\/wp-json\/wp\/v2\/tags?post=9786"},{"taxonomy":"p4-page-type","embeddable":true,"href":"https:\/\/www.greenpeace.org\/romania\/wp-json\/wp\/v2\/p4-page-type?post=9786"}],"curies":[{"name":"wp","href":"https:\/\/api.w.org\/{rel}","templated":true}]}}