{"id":9802,"date":"2024-06-01T09:00:00","date_gmt":"2024-06-01T06:00:00","guid":{"rendered":"https:\/\/www.greenpeace.org\/romania\/?p=9802"},"modified":"2026-04-02T14:07:46","modified_gmt":"2026-04-02T11:07:46","slug":"de-la-probleme-la-solutii","status":"publish","type":"post","link":"https:\/\/www.greenpeace.org\/romania\/articol\/9802\/de-la-probleme-la-solutii\/","title":{"rendered":"De la probleme la solu\u021bii"},"content":{"rendered":"\n<p>Am fost la mare pentru prima dat\u0103 c\u00e2nd aveam 21 de ani. Ai mei nu \u0219i-au permis niciodat\u0103 o astfel de vacan\u021b\u0103. Nu \u0219tiau s\u0103 economiseasc\u0103 \u0219i nu \u00een\u021belegeau de ce prietenii lor spuneau c\u0103 e benefic s\u0103-\u021bi duci copiii s\u0103 respire aerul s\u0103rat. Noi mergeam la plaj\u0103 pe buza Dun\u0103rii, pe malul Oltului, a\u0219a c\u0103 nu am sim\u021bit niciodat\u0103 cu adev\u0103rat lipsa acestor vacan\u021be pe care le auzeam \u00een pove\u0219tile colegilor de la \u0219coal\u0103.<\/p>\n\n<p>M-am a\u0219ezat la malul m\u0103rii timid. Un copil a trecut cu vitez\u0103 pe l\u00e2ng\u0103 mine \u0219i a zbierat: \u201e<em>Mam\u0103, c\u00e2ta g\u00e2rla!\u201d. <\/em>Nu avea mai mult de nou\u0103 ani. M\u0103 uitam la el cum \u00eent\u00e2mpina f\u0103r\u0103 fric\u0103 valurile \u0219i la mine, cum st\u0103team chircit\u0103 pe prosop cu b\u0103rbia pe genunchi. Am\u00e2ndoi, eu \u0219i acest copil, experimentam ceva pentru prima dat\u0103, dar \u00eentr-un mod at\u00e2t de diferit. Am realizat c\u0103 nu e nevoie s\u0103 m\u0103 arunc \u00een mare, s\u0103-i sparg valurile, s\u0103-i simt apa s\u0103rat\u0103 pe buze. Pot s\u0103 o iubesc \u0219i de aici, de pe prosop \u0219i pot s\u0103 o las s\u0103 m\u0103 vindece.<\/p>\n\n<p>Marea Neagr\u0103 trebuie salvat\u0103 at\u00e2t pentru copilul care s-a minunat de \u00eentinderea ei \u0219i i s-a aruncat \u00een bra\u021be, c\u00e2t \u0219i pentru oameni ca mine, care o privesc de pe \u021b\u0103rm \u0219i-i ascult\u0103 pove\u0219tile \u00een lini\u0219te. De ce spun c\u0103 trebuie salvat\u0103?<\/p>\n\n<figure class=\"wp-block-image size-large\"><img loading=\"lazy\" decoding=\"async\" width=\"1024\" height=\"681\" src=\"https:\/\/www.greenpeace.org\/static\/planet4-romania-stateless\/2024\/05\/638db248-asp_0001-1024x681.jpg\" alt=\"\" class=\"wp-image-9803\" srcset=\"https:\/\/www.greenpeace.org\/static\/planet4-romania-stateless\/2024\/05\/638db248-asp_0001-1024x681.jpg 1024w, https:\/\/www.greenpeace.org\/static\/planet4-romania-stateless\/2024\/05\/638db248-asp_0001-300x200.jpg 300w, https:\/\/www.greenpeace.org\/static\/planet4-romania-stateless\/2024\/05\/638db248-asp_0001-768x511.jpg 768w, https:\/\/www.greenpeace.org\/static\/planet4-romania-stateless\/2024\/05\/638db248-asp_0001-1536x1022.jpg 1536w, https:\/\/www.greenpeace.org\/static\/planet4-romania-stateless\/2024\/05\/638db248-asp_0001-2048x1363.jpg 2048w, https:\/\/www.greenpeace.org\/static\/planet4-romania-stateless\/2024\/05\/638db248-asp_0001-510x340.jpg 510w\" sizes=\"auto, (max-width: 1024px) 100vw, 1024px\" \/><\/figure>\n\n<p>Marea Neagr\u0103 e \u00een pericol. Joi, 30 mai, am fost la Constan\u021ba pentru a aduce \u00een aten\u021bia const\u0103n\u021benilor acest adev\u0103r dureros. Cu ocazia lans\u0103rii unui studiu despre presiunile cu care se confrunt\u0103 via\u021ba marin\u0103 realizat de EPC &#8211; Consultan\u021b\u0103 de mediu, am ini\u021biat o discu\u021bie al\u0103turi de o parte din comunitatea de la litoral.&nbsp;<\/p>\n\n<p>Poluarea, microplasticul, nutrien\u021bii chimici \u00een exces, turismul agresiv, speciile invazive sunt o parte din factorii nocivi care dezechilibreaz\u0103 ecosistemele marine. De parc\u0103 aceast\u0103 list\u0103 nu ar fi deja suficient\u0103, noi proiecte de exploatare a gazelor, precum <strong>Neptun Deep, <\/strong>nu ar face dec\u00e2t s\u0103 \u00eenr\u0103ut\u0103\u021beasc\u0103 situa\u021bia.&nbsp;<\/p>\n\n<p>Am avut cu noi autorit\u0103\u021bi publice locale, cercet\u0103tori, dar \u0219i cet\u0103\u021beni, al\u0103turi de care am pornit discu\u021bii despre amenin\u021b\u0103rile pentru via\u021ba marin\u0103. Au fost discu\u021bii despre siturile arheologice din mare, despre nevoia de a face diferen\u021ba \u00eentre ceva benefic tuturor \u0219i ceva benefic unei companii private, dar \u0219i despre c\u00e2t de mult suntem dispu\u0219i s\u0103 punem \u00een pericol sute de specii vulnerabile. Ne-a bucurat s\u0103 vedem cum se aprind dezbateri, cum proiectul \u00eencepe s\u0103 fie descusut. Este necesar pentru comunitatea de la litoral, dar nu numai, ca aceste discu\u021bii s\u0103 aib\u0103 loc, \u00een ciuda lipsei totale de consult\u0103ri publice.<\/p>\n\n<figure class=\"wp-block-image size-large\"><img loading=\"lazy\" decoding=\"async\" width=\"1024\" height=\"681\" src=\"https:\/\/www.greenpeace.org\/static\/planet4-romania-stateless\/2024\/05\/3bfaec01-asp_0023-1024x681.jpg\" alt=\"\" class=\"wp-image-9805\" srcset=\"https:\/\/www.greenpeace.org\/static\/planet4-romania-stateless\/2024\/05\/3bfaec01-asp_0023-1024x681.jpg 1024w, https:\/\/www.greenpeace.org\/static\/planet4-romania-stateless\/2024\/05\/3bfaec01-asp_0023-300x200.jpg 300w, https:\/\/www.greenpeace.org\/static\/planet4-romania-stateless\/2024\/05\/3bfaec01-asp_0023-768x511.jpg 768w, https:\/\/www.greenpeace.org\/static\/planet4-romania-stateless\/2024\/05\/3bfaec01-asp_0023-1536x1022.jpg 1536w, https:\/\/www.greenpeace.org\/static\/planet4-romania-stateless\/2024\/05\/3bfaec01-asp_0023-2048x1363.jpg 2048w, https:\/\/www.greenpeace.org\/static\/planet4-romania-stateless\/2024\/05\/3bfaec01-asp_0023-510x340.jpg 510w\" sizes=\"auto, (max-width: 1024px) 100vw, 1024px\" \/><\/figure>\n\n<p>I-am avut al\u0103turi de noi pe Marius Nistorescu, doctor ecolog, Vlad T\u0103u\u0219ance, consultant \u00een comunicare \u0219i Drago\u0219 P\u0103traru, jurnalist, prezentator \u0219i scriitor.&nbsp;<\/p>\n\n<p><em>\u201e\u0218i care e solu\u021bia\u201d, <\/em>v-a\u021bi putea \u00eentreba. Adev\u0103rul este c\u0103 primim aceast\u0103 \u00eentrebare destul de des. \u0218i este una valid\u0103. <em>\u201eCe facem dac\u0103 nu mai extragem gaz? De unde o s\u0103 avem energie? Eu cu ce \u00eemi \u00eenc\u0103lzesc casa?\u201d.&nbsp;<\/em><\/p>\n\n<p><em><br><\/em>R\u0103spunsul vine de la 195 de km distan\u021b\u0103, de la Gala\u021bi, ora\u0219 construit tot la buza unei \u00eentinderi de ape. Acolo, cu doar dou\u0103 zile \u00een urm\u0103, am organizat prima edi\u021bie a unei serii de ateliere menite s\u0103 ofere instrumente, informa\u021bii, dar \u0219i exerci\u021bii practice acelor autorit\u0103\u021bi publice, ONG-uri, IMM-uri, dar \u0219i cet\u0103\u021beni care-\u0219i doresc s\u0103 creeze <strong>comunit\u0103\u021bi de energie<\/strong>. Sala a vuit de \u00eentreb\u0103ri legate de modul \u00een care putem construi comunit\u0103\u021bi de energie, cum arat\u0103 cadrul legal \u0219i ce pot ei, participan\u021bii, face \u00een acest moment cu instrumentele disponibile.&nbsp;<\/p>\n\n<figure class=\"wp-block-image size-large\"><img loading=\"lazy\" decoding=\"async\" width=\"1024\" height=\"684\" src=\"https:\/\/www.greenpeace.org\/static\/planet4-romania-stateless\/2024\/05\/6dc956ca-elc_8046-1024x684.jpg\" alt=\"\" class=\"wp-image-9806\" srcset=\"https:\/\/www.greenpeace.org\/static\/planet4-romania-stateless\/2024\/05\/6dc956ca-elc_8046-1024x684.jpg 1024w, https:\/\/www.greenpeace.org\/static\/planet4-romania-stateless\/2024\/05\/6dc956ca-elc_8046-300x200.jpg 300w, https:\/\/www.greenpeace.org\/static\/planet4-romania-stateless\/2024\/05\/6dc956ca-elc_8046-768x513.jpg 768w, https:\/\/www.greenpeace.org\/static\/planet4-romania-stateless\/2024\/05\/6dc956ca-elc_8046-1536x1026.jpg 1536w, https:\/\/www.greenpeace.org\/static\/planet4-romania-stateless\/2024\/05\/6dc956ca-elc_8046-510x340.jpg 510w, https:\/\/www.greenpeace.org\/static\/planet4-romania-stateless\/2024\/05\/6dc956ca-elc_8046.jpg 1920w\" sizes=\"auto, (max-width: 1024px) 100vw, 1024px\" \/><\/figure>\n\n<p>Partea practic\u0103 a atelierului a constant \u00een a discuta \u00een jurul unei mese idei despre cum se poate \u00eenfiin\u021ba o comunitate de energie. Oamenii, pu\u0219i aleatoriu la fiecare dintre mese, au \u00eenceput s\u0103 noteze nevoi \u0219i idei pe foaie. Pentru c\u0103 totul pleac\u0103 de la comunitate, participan\u021bii au avut ocazia s\u0103 tr\u0103iasc\u0103 un moment de conectare cu membrii grupului. Fiecare p\u0103rere era important\u0103, fiecare vot avea impact.&nbsp;<\/p>\n\n<p>Asta a ajutat la a consolida ideea c\u0103 energia poate fi un bun comun, c\u0103 ar trebui s\u0103 fie \u00een m\u00e2na tuturor \u0219i mai pu\u021bin \u00een m\u00e2inile unui grup select de entit\u0103\u021bi.&nbsp;<\/p>\n\n<p>Unele dintre concluziile cu care participan\u021bii au plecat de la eveniment au fost c\u0103 \u00eenfiin\u021barea de comunit\u0103\u021bi de energie este pasul firesc pe care ar trebui s\u0103-l facem \u00een procesul de tranzi\u021bie energetic\u0103 \u0219i c\u0103, indiferent de c\u00e2t de lent poate p\u0103rea procesul de a ob\u021bine legisla\u021bia necesar\u0103, \u00eentoarcerea la combustibili fosili nu mai poate fi o op\u021biune.&nbsp;<\/p>\n\n<p>De\u0219i cele dou\u0103 evenimente par foarte diferite, ele au \u00een comun ceva fundamental: <strong>grija pentru natur\u0103 \u0219i pentru viitorul nostru<\/strong>. Nu este u\u0219or nici s\u0103 ne oprim din a face lucruri pe care le facem de zeci de ani, nici s\u0103 \u00eenv\u0103\u021b\u0103m \u0219i s\u0103 practic\u0103m lucruri noi. Dar acea grij\u0103 de care vorbeam mai devreme ne \u00eempinge s\u0103 fim curajo\u0219i \u00een ceea ce promov\u0103m. P\u00e2n\u0103 la urm\u0103, doar a\u0219a ne putem asigura c\u0103 \u0219i copiii de peste 50 de ani vor putea s\u0103 alerge pe plaj\u0103 \u0219i s\u0103 exclame: \u201e<em>Mam\u0103, c\u00e2ta g\u00e2rla<\/em>!\u201d.<\/p>\n","protected":false},"excerpt":{"rendered":"<p>Nu este u\u0219or nici s\u0103 ne oprim din a face lucruri pe care le facem de zeci de ani, nici s\u0103 \u00eenv\u0103\u021b\u0103m \u0219i s\u0103 practic\u0103m lucruri noi. Dar grija pentru natur\u0103 \u0219i viitorul nostru ne \u00eempinge s\u0103 fim curajo\u0219i \u00een ceea ce promov\u0103m. <\/p>\n","protected":false},"author":68,"featured_media":9803,"comment_status":"open","ping_status":"closed","sticky":false,"template":"","format":"standard","meta":{"ep_exclude_from_search":false,"p4_og_title":"","p4_og_description":"","p4_og_image":"","p4_og_image_id":"","p4_seo_canonical_url":"","p4_campaign_name":"","p4_local_project":"","p4_basket_name":"","p4_department":"","footnotes":""},"categories":[2,138],"tags":[26,117,115,112,36,120,68,7,102,125,121,73],"p4-page-type":[],"class_list":["post-9802","post","type-post","status-publish","format-standard","has-post-thumbnail","hentry","category-clima-si-energie","category-democratie-energetica","tag-activism","tag-clima-1","tag-climatejustice-1","tag-comunitati-de-energie-1","tag-criza-climatica","tag-eficienta-energetica-1","tag-energie","tag-energie-regenerabila","tag-gaz-fosil-2","tag-marea-neagra-gaz-fosil","tag-saracie-energetica-1","tag-tranzitie-justa-1"],"_links":{"self":[{"href":"https:\/\/www.greenpeace.org\/romania\/wp-json\/wp\/v2\/posts\/9802","targetHints":{"allow":["GET"]}}],"collection":[{"href":"https:\/\/www.greenpeace.org\/romania\/wp-json\/wp\/v2\/posts"}],"about":[{"href":"https:\/\/www.greenpeace.org\/romania\/wp-json\/wp\/v2\/types\/post"}],"author":[{"embeddable":true,"href":"https:\/\/www.greenpeace.org\/romania\/wp-json\/wp\/v2\/users\/68"}],"replies":[{"embeddable":true,"href":"https:\/\/www.greenpeace.org\/romania\/wp-json\/wp\/v2\/comments?post=9802"}],"version-history":[{"count":1,"href":"https:\/\/www.greenpeace.org\/romania\/wp-json\/wp\/v2\/posts\/9802\/revisions"}],"predecessor-version":[{"id":9807,"href":"https:\/\/www.greenpeace.org\/romania\/wp-json\/wp\/v2\/posts\/9802\/revisions\/9807"}],"wp:featuredmedia":[{"embeddable":true,"href":"https:\/\/www.greenpeace.org\/romania\/wp-json\/wp\/v2\/media\/9803"}],"wp:attachment":[{"href":"https:\/\/www.greenpeace.org\/romania\/wp-json\/wp\/v2\/media?parent=9802"}],"wp:term":[{"taxonomy":"category","embeddable":true,"href":"https:\/\/www.greenpeace.org\/romania\/wp-json\/wp\/v2\/categories?post=9802"},{"taxonomy":"post_tag","embeddable":true,"href":"https:\/\/www.greenpeace.org\/romania\/wp-json\/wp\/v2\/tags?post=9802"},{"taxonomy":"p4-page-type","embeddable":true,"href":"https:\/\/www.greenpeace.org\/romania\/wp-json\/wp\/v2\/p4-page-type?post=9802"}],"curies":[{"name":"wp","href":"https:\/\/api.w.org\/{rel}","templated":true}]}}