{"id":9818,"date":"2024-06-20T18:04:14","date_gmt":"2024-06-20T15:04:14","guid":{"rendered":"https:\/\/www.greenpeace.org\/romania\/?p=9818"},"modified":"2024-06-21T08:32:45","modified_gmt":"2024-06-21T05:32:45","slug":"trimite-un-email-pentru-respingerea-acordului-de-mediu-dedicat-neptun-deep","status":"publish","type":"post","link":"https:\/\/www.greenpeace.org\/romania\/articol\/9818\/trimite-un-email-pentru-respingerea-acordului-de-mediu-dedicat-neptun-deep\/","title":{"rendered":"Trimite un email pentru respingerea acordului de mediu dedicat Neptun Deep"},"content":{"rendered":"\n<p>Ministerul Mediului \u0219i Agen\u021bia pentru Protec\u021bia Mediului Constan\u021ba au emis acordul de mediu pentru proiectul de exploatare de gaze fosile Neptun Deep.<\/p>\n\n<p>Care sunt principalele vulnerabilit\u0103\u021bi ale proiectului Neptun Deep:<\/p>\n\n<ul class=\"has-medium-font-size wp-block-list\">\n<li>Autorit\u0103\u021bile rom\u00e2ne <strong>refuz\u0103 <\/strong>s\u0103 publice ce<strong> substan\u021be toxice vor fi deversate<\/strong> \u00een Marea Neagr\u0103;<\/li>\n<\/ul>\n\n<ul start=\"2\" class=\"has-medium-font-size wp-block-list\">\n<li>Proiectul se dezvolt\u0103 \u00een proximitatea unei zone de r\u0103zboi, f\u0103r\u0103 a analiza <strong>impactul minelor marine <\/strong>\u0219i f\u0103r\u0103 a propune m\u0103suri pentru diminuarea riscurilor \u00een caz de explozii;&nbsp;<\/li>\n<\/ul>\n\n<ul start=\"3\" class=\"has-medium-font-size wp-block-list\">\n<li>Se vor emite \u00een atmosfer\u0103 <strong>sute de milioane de tone de CO2, <\/strong>care vor amplifica \u0219i mai mult fenomenele meteo extreme cu care ne confrunt\u0103m: <strong>valuri de c\u0103ldur\u0103, secet\u0103, grindin\u0103, incendii forestiere, furtuni, inunda\u021bii, <\/strong>etc;<\/li>\n<\/ul>\n\n<ul start=\"4\" class=\"has-medium-font-size wp-block-list\">\n<li>Exist\u0103 numeroase presiuni cu care Marea Neagr\u0103 deja se confrunt\u0103 &#8211; <strong>poluare, microplastic, nutrien\u021bi chimici \u00een exces, turism agresiv, pescuit ilegal, r\u0103zboiul din Ucraina<\/strong>. Popula\u021biile celor trei specii de delfini originare din Marea Neagr\u0103 (Delphinus Delphis Ponticus, Phocoena Phocoena Relicta \u0219i Tursiops Truncatus Ponticus) <strong>sunt deja grav amenin\u021bate<\/strong> <strong>de poluare, pescuitul excesiv \u0219i exploat\u0103ri de petrol<\/strong>;&nbsp;<\/li>\n<\/ul>\n\n<ul start=\"5\" class=\"has-medium-font-size wp-block-list\">\n<li>Metodologia folosit\u0103 pentru realizarea raportului integrat de mediu este<strong> incomplet\u0103 \u0219i nu respect\u0103 <\/strong>cerin\u021bele ghidurilor metodologice;<\/li>\n<\/ul>\n\n<ul start=\"6\" class=\"has-medium-font-size wp-block-list\">\n<li>Au fost publicate fotografii care atest\u0103 c\u0103 platformele OMV Petrom <strong>prezint\u0103 grave deficien\u021be \u0219i neconformit\u0103\u021bi, <\/strong>cu consecin\u021ba apari\u021biei unor<strong> pericole majore<\/strong> \u00een Marea Neagr\u0103. OMV Petrom nu a clarificat p\u00e2n\u0103 \u00een prezent care este situa\u021bia platformelor pe care le opereaz\u0103 \u00een Marea Neagr\u0103;<\/li>\n<\/ul>\n\n<ul start=\"7\" class=\"has-medium-font-size wp-block-list\">\n<li>Au fost organizate doar consult\u0103ri publice superficiale, at\u00e2t \u00een Rom\u00e2nia, c\u00e2t \u0219i \u00een Bulgaria.&nbsp;<\/li>\n<\/ul>\n\n<p>Prin emiterea acestui acord, autorit\u0103\u021bile rom\u00e2ne valideaz\u0103 proiectul toxic care pune \u00een pericol Marea Neagr\u0103. De aceea, trebuie s\u0103 ac\u021bion\u0103m c\u00e2t mai repede!&nbsp;<\/p>\n\n<p>Trimite un email c\u0103tre Ministrul Mediului, Mircea Fechet, \u0219i APM Constan\u021ba prin care ceri respingerea acordului de mediu. Dureaz\u0103 mai pu\u021bin de un minut, mailul este deja scris \u00een platforma noastr\u0103.<br><br><\/p>\n\n<div class=\"wp-block-buttons is-content-justification-center is-layout-flex wp-container-core-buttons-is-layout-16018d1d wp-block-buttons-is-layout-flex\">\n<div class=\"wp-block-button\"><a class=\"wp-block-button__link has-text-align-left wp-element-button\" href=\"https:\/\/act.gp\/stopacordtoxic\">Trimit email pentru respingerea Neptun Deep<\/a><\/div>\n<\/div>\n","protected":false},"excerpt":{"rendered":"<p>Ministerul Mediului \u0219i Agen\u021bia pentru Protec\u021bia Mediului Constan\u021ba au emis acordul de mediu pentru proiectul Neptun Deep.<\/p>\n","protected":false},"author":34,"featured_media":9819,"comment_status":"open","ping_status":"closed","sticky":false,"template":"","format":"standard","meta":{"ep_exclude_from_search":false,"p4_og_title":"","p4_og_description":"","p4_og_image":"","p4_og_image_id":"","p4_seo_canonical_url":"","p4_campaign_name":"","p4_local_project":"","p4_basket_name":"","p4_department":"","footnotes":""},"categories":[2,31],"tags":[26,117,36,68,102,125,60],"p4-page-type":[],"class_list":["post-9818","post","type-post","status-publish","format-standard","has-post-thumbnail","hentry","category-clima-si-energie","category-greenpeace","tag-activism","tag-clima-1","tag-criza-climatica","tag-energie","tag-gaz-fosil-2","tag-marea-neagra-gaz-fosil","tag-natura"],"_links":{"self":[{"href":"https:\/\/www.greenpeace.org\/romania\/wp-json\/wp\/v2\/posts\/9818","targetHints":{"allow":["GET"]}}],"collection":[{"href":"https:\/\/www.greenpeace.org\/romania\/wp-json\/wp\/v2\/posts"}],"about":[{"href":"https:\/\/www.greenpeace.org\/romania\/wp-json\/wp\/v2\/types\/post"}],"author":[{"embeddable":true,"href":"https:\/\/www.greenpeace.org\/romania\/wp-json\/wp\/v2\/users\/34"}],"replies":[{"embeddable":true,"href":"https:\/\/www.greenpeace.org\/romania\/wp-json\/wp\/v2\/comments?post=9818"}],"version-history":[{"count":2,"href":"https:\/\/www.greenpeace.org\/romania\/wp-json\/wp\/v2\/posts\/9818\/revisions"}],"predecessor-version":[{"id":9821,"href":"https:\/\/www.greenpeace.org\/romania\/wp-json\/wp\/v2\/posts\/9818\/revisions\/9821"}],"wp:featuredmedia":[{"embeddable":true,"href":"https:\/\/www.greenpeace.org\/romania\/wp-json\/wp\/v2\/media\/9819"}],"wp:attachment":[{"href":"https:\/\/www.greenpeace.org\/romania\/wp-json\/wp\/v2\/media?parent=9818"}],"wp:term":[{"taxonomy":"category","embeddable":true,"href":"https:\/\/www.greenpeace.org\/romania\/wp-json\/wp\/v2\/categories?post=9818"},{"taxonomy":"post_tag","embeddable":true,"href":"https:\/\/www.greenpeace.org\/romania\/wp-json\/wp\/v2\/tags?post=9818"},{"taxonomy":"p4-page-type","embeddable":true,"href":"https:\/\/www.greenpeace.org\/romania\/wp-json\/wp\/v2\/p4-page-type?post=9818"}],"curies":[{"name":"wp","href":"https:\/\/api.w.org\/{rel}","templated":true}]}}