{"id":9853,"date":"2024-06-27T12:25:28","date_gmt":"2024-06-27T09:25:28","guid":{"rendered":"https:\/\/www.greenpeace.org\/romania\/?p=9853"},"modified":"2026-04-02T14:06:57","modified_gmt":"2026-04-02T11:06:57","slug":"mai-mult-decat-promisiuni-si-discutii","status":"publish","type":"post","link":"https:\/\/www.greenpeace.org\/romania\/articol\/9853\/mai-mult-decat-promisiuni-si-discutii\/","title":{"rendered":"Mai mult dec\u00e2t promisiuni \u0219i discu\u021bii"},"content":{"rendered":"\n<p><strong>Ce ar trebui s\u0103 livreze Grupul de Lucru pentru dezvoltarea Comunit\u0103\u021bilor de Energie \u00een Rom\u00e2nia?<\/strong><\/p>\n\n<p><strong>Grupurile de lucru au adesea un renume prost \u00een Rom\u00e2nia: dac\u0103 vrei s\u0103 \u00eengropi o problem\u0103, o bagi \u00eentr-un grup de lucru, manifest\u00e2nd astfel interes, dar f\u0103r\u0103 a contribui efectiv la rezolvarea ei. Pe 20 mai, Ministerul Energiei a anun\u021bat, printr-un <\/strong><a href=\"https:\/\/energie.gov.ro\/ministerul-energiei-creaza-cadrul-legislativ-pentru-a-permite-romanilor-sa-consume-energie-electrica-regenerabila-produsa-local-sau-in-vecinatate-ministerul-energiei-initiaza-un-grup-de-lucru-pentru\/\"><strong>comunicat de pres\u0103<\/strong><\/a><strong> preluat \u0219i circulat cu mult optimism, ini\u021bierea unui grup de lucru dedicat dezvolt\u0103rii comunit\u0103\u021bilor de energie \u00een Rom\u00e2nia. Cum putem s\u0103 ne asigur\u0103m c\u0103 aceast\u0103 ini\u021biativ\u0103 nu este doar o simpl\u0103 formalitate birocratic\u0103, ci o oportunitate real\u0103 pentru cet\u0103\u021beni \u0219i alte p\u0103r\u021bi interesate, conform directivelor europene, s\u0103 ini\u021bieze comunit\u0103\u021bi de energie la nivel local?<\/strong><\/p>\n\n<p>Reac\u021bia pozitiv\u0103 la anun\u021bul despre \u00eenfiin\u021barea grupului de lucru trebuie \u00een\u021beleas\u0103 \u00een contextul \u00een care zeci de prim\u0103rii, structuri locale \u0219i organiza\u021bii din \u00eentreaga \u021bar\u0103 nu pot s\u0103 \u00eenfiin\u021beze comunit\u0103\u021bi de energie, \u00eentruc\u00e2t lipse\u0219te cadrul de reglementare adecvat, \u0219i <a href=\"https:\/\/newsenergy.ro\/greenpeace-comunitatile-de-energie-nu-mai-pot-fi-tinute-pe-loc\">solicit\u0103 remedierea de urgen\u021b\u0103 a situa\u021biei<\/a>. A\u0219tept\u0103rile sunt mari, iar solu\u021bii punctuale pentru a ie\u0219i din aceast\u0103 situa\u021bie au fost deja prezentate \u00een <a href=\"https:\/\/www.greenpeace.org\/static\/planet4-romania-stateless\/2024\/03\/92dec3a9-comunitatile-de-energie-in-romania-de-la-aspiratie-la-realitate.pdf\">studiul<\/a> lansat de Greenpeace Rom\u00e2nia \u00een luna martie (vezi, de exemplu, foaia de parcurs pentru autorit\u0103\u021bile responsabile de crearea \u00eentregului cadru dedicat comunit\u0103\u021bilor de energie).&nbsp;<\/p>\n\n<p><strong>Pe 4 iunie a avut loc prima \u00eent\u00e2lnire a grupului<\/strong>, care a \u00eenceput cu prezentarea succint\u0103 a obiectivului principal: schi\u021barea unui proiect legislativ dedicat comunit\u0103\u021bilor de energie. Participan\u021bii \u0219i-au f\u0103cut cunoscute priorit\u0103\u021bile individuale \u0219i, dup\u0103 aproximativ dou\u0103 ore, \u00eent\u00e2lnirea s-a \u00eencheiat cu anun\u021bul organizatorilor c\u0103 urmeaz\u0103 s\u0103 fie propuse un calendar \u0219i o metodologie de lucru. <strong>Urm\u0103toarea reuniune este programat\u0103 pentru 4 iulie<\/strong>, Ministerul anun\u021b\u00e2nd c\u0103 \u201ea \u00eenceput o analiz\u0103 pentru definirea unui model de comunitate de energie care s\u0103 contureze cadrul legislativ specific de rang primar\u201d, cu o prim\u0103 versiune a acestuia fiind a\u0219teptat\u0103 p\u00e2n\u0103 la finalul lunii iunie.<\/p>\n\n<figure class=\"wp-block-image size-large\"><img loading=\"lazy\" decoding=\"async\" width=\"1024\" height=\"768\" src=\"https:\/\/www.greenpeace.org\/static\/planet4-romania-stateless\/2024\/06\/1566f3ab-img_0344-1024x768.png\" alt=\"\" class=\"wp-image-9859\" srcset=\"https:\/\/www.greenpeace.org\/static\/planet4-romania-stateless\/2024\/06\/1566f3ab-img_0344-1024x768.png 1024w, https:\/\/www.greenpeace.org\/static\/planet4-romania-stateless\/2024\/06\/1566f3ab-img_0344-300x225.png 300w, https:\/\/www.greenpeace.org\/static\/planet4-romania-stateless\/2024\/06\/1566f3ab-img_0344-768x576.png 768w, https:\/\/www.greenpeace.org\/static\/planet4-romania-stateless\/2024\/06\/1566f3ab-img_0344-1536x1152.png 1536w, https:\/\/www.greenpeace.org\/static\/planet4-romania-stateless\/2024\/06\/1566f3ab-img_0344-2048x1536.png 2048w, https:\/\/www.greenpeace.org\/static\/planet4-romania-stateless\/2024\/06\/1566f3ab-img_0344-1821x1366.png 1821w, https:\/\/www.greenpeace.org\/static\/planet4-romania-stateless\/2024\/06\/1566f3ab-img_0344-453x340.png 453w\" sizes=\"auto, (max-width: 1024px) 100vw, 1024px\" \/><\/figure>\n\n<p><strong>Ce ar trebui s\u0103 con\u021bin\u0103 un proiect de lege benefic pentru cet\u0103\u021beni?<\/strong><\/p>\n\n<p>Trebuie spus din start c\u0103 nu exist\u0103 un model predefinit sau universal valabil pentru cadrul de reglementare dedicat comunit\u0103\u021bilor de energie, deoarece fiecare \u021bar\u0103 din U.E. are nevoi \u0219i specificit\u0103\u021bi proprii \u00een ceea ce prive\u0219te sistemul energetic. Totu\u0219i, <strong>principiile \u0219i cerin\u021bele stabilite \u00een Directiva European\u0103 RED II (transpuse \u00een OUG 163\/2022) trebuie s\u0103 ghideze procesul de creare a proiectului legislativ<\/strong>. \u00cen plus, a\u0219a cum ilustreaz\u0103 exemplele de succes din Europa, dezvoltarea unui cadru favorabil comunit\u0103\u021bilor de energie este un proces complex \u0219i iterativ, care trebuie s\u0103 faciliteze <strong>pilotarea \u0219i experimentarea <\/strong>pentru a g\u0103si cele mai bune solu\u021bii pentru cet\u0103\u021beni.<\/p>\n\n<p>\u021ain\u00e2nd cont de aceste observa\u021bii preliminare, Grupul de Lucru pentru dezvoltarea Comunit\u0103\u021bilor de Energie \u00een Rom\u00e2nia trebuie s\u0103 livreze un proiect legislativ care s\u0103 \u00eendeplineasc\u0103 urm\u0103toarele puncte:<\/p>\n\n<ol class=\"wp-block-list\">\n<li><strong>Respect\u0103 principiile democra\u021biei energetice care fundamenteaz\u0103 directiva RED II. <\/strong>Legisla\u021bia trebuie s\u0103 promoveze implicarea cet\u0103\u021benilor \u0219i s\u0103 le ofere acestora posibilitatea de a avea un rol activ \u00een produc\u021bia \u0219i gestionarea energiei regenerabile.<\/li>\n\n\n\n<li><strong>Respect\u0103 dreptul comunit\u0103\u021bilor de energie<\/strong> de a produce, consuma, stoca \u0219i vinde energie din surse regenerabile, inclusiv energia produs\u0103 de ter\u021bi.&nbsp;<\/li>\n\n\n\n<li><strong>Elimin\u0103 barierele de reglementare \u0219i administrative nejustificate. <\/strong>Proiectul legislativ<strong> <\/strong>trebuie s\u0103 prevad\u0103 simplificarea proceselor de autorizare \u0219i reducerea cerin\u021belor birocratice inutile, evit\u00e2nd impunerea unui num\u0103r maxim de membri sau limit\u0103ri teritoriale stricte pentru comunit\u0103\u021bi.<\/li>\n\n\n\n<li><strong>Prevede proceduri echitabile, propor\u021bionale \u0219i transparente <\/strong>pentru a asigura corectitudine \u0219i accesibilitate.<\/li>\n\n\n\n<li><strong>Asigur\u0103 flexibilitate pentru concretizarea mai multor tipuri de comunit\u0103\u021bi de energie. <\/strong>\u00cen Europa exist\u0103 diverse comunit\u0103\u021bi de energie, fiecare adaptat\u0103 la specificul local \u0219i la nevoile cet\u0103\u021benilor. Proiectul de legisla\u021bie trebuie s\u0103 fie suficient de flexibil pentru a permite dezvoltarea diverselor tipuri de comunit\u0103\u021bi de energie, trebuie s\u0103 evit\u0103m impunerea unui model universal.<\/li>\n\n\n\n<li><strong>Ofer\u0103 o protec\u021bie adecvat\u0103 pentru membrii comunit\u0103\u021bii. <\/strong>Legisla\u021bia trebuie s\u0103 permit\u0103 membrilor s\u0103 se retrag\u0103 liber \u0219i s\u0103 se asigure c\u0103 le sunt respectate drepturile de consumatori.<\/li>\n\n\n\n<li><strong>Include m\u0103suri pentru a pre\u00eent\u00e2mpina acapararea corporatist\u0103. <\/strong>Comunit\u0103\u021bile de energie nu trebuie s\u0103 fie deturnate de mari companii energetice pentru a genera profit.&nbsp; Prin m\u0103suri dedicate, cum ar fi limitarea particip\u0103rii marilor companii energetice \u0219i asigurarea controlului comunitar asupra deciziilor \u0219i activit\u0103\u021bilor, legisla\u021bia poate preveni aceast\u0103 situa\u021bie.<\/li>\n\n\n\n<li><strong>Asigur\u0103 participarea persoanelor vulnerabile sau cu venituri mici. <\/strong>Comunit\u0103\u021bile de energie pot fi un antidot pentru probleme sociale presante, precum s\u0103r\u0103cia energetic\u0103. <\/li>\n<\/ol>\n\n<p>P\u00e2n\u0103 acum, drumul comunit\u0103\u021bilor de energie \u00een Rom\u00e2nia se prezint\u0103 ca fiind unul sinuos. <\/p>\n\n<p>Au trecut 18 luni de la intrarea \u00een vigoare a OUG 163\/2022, care transpune directiva RED II, iar organizarea acestei prime \u00eent\u00e2lniri a grupului de lucru este singurul lucru concret f\u0103cut de autorit\u0103\u021bile rom\u00e2ne. Altfel, reprezentan\u021bii autorit\u0103\u021bilor s-au mul\u021bumit s\u0103 asiste de pe margine, s\u0103 participe la evenimente \u0219i schimburi de experien\u021b\u0103 sau s\u0103 comenteze \u00een media, dar f\u0103r\u0103 niciun angajament clar. \u00cenc\u0103 lipsesc evaluarea obstacolelor \u0219i poten\u021bialului de dezvoltare la nivel na\u021bional a comunit\u0103\u021bilor de energie, precum \u0219i sesiunile de informare cu publicul pe care ANRE ar trebui s\u0103 le realizeze. <\/p>\n\n<p>De asemenea, niciun minister sau alt\u0103 autoritate public\u0103 nu a emis vreun act care s\u0103 cuprind\u0103 elemente ce \u021bin de cadrul favorabil prev\u0103zut de legisla\u021bia european\u0103 \u0219i rom\u00e2neasc\u0103 \u00een vigoare.<\/p>\n\n<p><strong>\u00cen sine, grupul de lucru organizat de Ministerul Energiei nu este suficient pentru dezvoltarea comunit\u0103\u021bilor de energie \u00een Rom\u00e2nia. <\/strong>Dac\u0103 acesta va fi \u021binut \u00een via\u021b\u0103 prin bun\u0103 organizare \u0219i angajament pentru a-\u0219i duce la bun sf\u00e2r\u0219it scopul, atunci el poate produce un proiect legislativ care s\u0103 \u00eendeplineasc\u0103, pe c\u00e2t posibil, punctele mai sus enun\u021bate. Acest proiect trebuie s\u0103 devin\u0103 lege, iar apoi ANRE s\u0103 completeze &#8211; f\u0103r\u0103 am\u00e2nare &#8211; cadrul necesar func\u021bion\u0103rii comunit\u0103\u021bilor.\u00a0<\/p>\n\n<figure class=\"wp-block-image size-large\"><img loading=\"lazy\" decoding=\"async\" width=\"1024\" height=\"768\" src=\"https:\/\/www.greenpeace.org\/static\/planet4-romania-stateless\/2024\/06\/b344fc4b-img_0342-1024x768.png\" alt=\"\" class=\"wp-image-9863\" srcset=\"https:\/\/www.greenpeace.org\/static\/planet4-romania-stateless\/2024\/06\/b344fc4b-img_0342-1024x768.png 1024w, https:\/\/www.greenpeace.org\/static\/planet4-romania-stateless\/2024\/06\/b344fc4b-img_0342-300x225.png 300w, https:\/\/www.greenpeace.org\/static\/planet4-romania-stateless\/2024\/06\/b344fc4b-img_0342-768x576.png 768w, https:\/\/www.greenpeace.org\/static\/planet4-romania-stateless\/2024\/06\/b344fc4b-img_0342-1536x1152.png 1536w, https:\/\/www.greenpeace.org\/static\/planet4-romania-stateless\/2024\/06\/b344fc4b-img_0342-2048x1536.png 2048w, https:\/\/www.greenpeace.org\/static\/planet4-romania-stateless\/2024\/06\/b344fc4b-img_0342-1821x1366.png 1821w, https:\/\/www.greenpeace.org\/static\/planet4-romania-stateless\/2024\/06\/b344fc4b-img_0342-453x340.png 453w\" sizes=\"auto, (max-width: 1024px) 100vw, 1024px\" \/><\/figure>\n\n<p>\u0218i e u\u0219or! Exist\u0103 suficiente exemple care s\u0103 ne inspire, destule \u021b\u0103ri U.E. \u00een care lucrurile func\u021bioneaz\u0103 deja. Nu trebuie reinventat\u0103 roata, iar Rom\u00e2nia nu este un caz at\u00e2t de special \u00eenc\u00e2t acest concept s\u0103 nu func\u021bioneze. Primim zi de zi semnale de la nivel local c\u0103 e nevoie de comunit\u0103\u021bi de energie.&nbsp;<\/p>\n\n<p><strong>Ce r\u0103m\u00e2ne de dovedit? Voin\u021ba politic\u0103 a autorit\u0103\u021bilor.<\/strong> E singurul ingredient care mai e necesar pentru a propulsa comunit\u0103\u021bile \u0219i a le da rolul meritat \u00een procesul de tranzi\u021bie energetic\u0103.<\/p>\n","protected":false},"excerpt":{"rendered":"<p>Ce ar trebui s\u0103 livreze Grupul de Lucru pentru dezvoltarea Comunit\u0103\u021bilor de Energie \u00een Rom\u00e2nia?<\/p>\n","protected":false},"author":78,"featured_media":9857,"comment_status":"open","ping_status":"closed","sticky":false,"template":"","format":"standard","meta":{"ep_exclude_from_search":false,"p4_og_title":"","p4_og_description":"","p4_og_image":"","p4_og_image_id":"","p4_seo_canonical_url":"","p4_campaign_name":"","p4_local_project":"","p4_basket_name":"","p4_department":"","footnotes":""},"categories":[138],"tags":[112,120,68,7,73,26],"p4-page-type":[],"class_list":["post-9853","post","type-post","status-publish","format-standard","has-post-thumbnail","hentry","category-democratie-energetica","tag-comunitati-de-energie-1","tag-eficienta-energetica-1","tag-energie","tag-energie-regenerabila","tag-tranzitie-justa-1","tag-activism"],"_links":{"self":[{"href":"https:\/\/www.greenpeace.org\/romania\/wp-json\/wp\/v2\/posts\/9853","targetHints":{"allow":["GET"]}}],"collection":[{"href":"https:\/\/www.greenpeace.org\/romania\/wp-json\/wp\/v2\/posts"}],"about":[{"href":"https:\/\/www.greenpeace.org\/romania\/wp-json\/wp\/v2\/types\/post"}],"author":[{"embeddable":true,"href":"https:\/\/www.greenpeace.org\/romania\/wp-json\/wp\/v2\/users\/78"}],"replies":[{"embeddable":true,"href":"https:\/\/www.greenpeace.org\/romania\/wp-json\/wp\/v2\/comments?post=9853"}],"version-history":[{"count":4,"href":"https:\/\/www.greenpeace.org\/romania\/wp-json\/wp\/v2\/posts\/9853\/revisions"}],"predecessor-version":[{"id":9865,"href":"https:\/\/www.greenpeace.org\/romania\/wp-json\/wp\/v2\/posts\/9853\/revisions\/9865"}],"wp:featuredmedia":[{"embeddable":true,"href":"https:\/\/www.greenpeace.org\/romania\/wp-json\/wp\/v2\/media\/9857"}],"wp:attachment":[{"href":"https:\/\/www.greenpeace.org\/romania\/wp-json\/wp\/v2\/media?parent=9853"}],"wp:term":[{"taxonomy":"category","embeddable":true,"href":"https:\/\/www.greenpeace.org\/romania\/wp-json\/wp\/v2\/categories?post=9853"},{"taxonomy":"post_tag","embeddable":true,"href":"https:\/\/www.greenpeace.org\/romania\/wp-json\/wp\/v2\/tags?post=9853"},{"taxonomy":"p4-page-type","embeddable":true,"href":"https:\/\/www.greenpeace.org\/romania\/wp-json\/wp\/v2\/p4-page-type?post=9853"}],"curies":[{"name":"wp","href":"https:\/\/api.w.org\/{rel}","templated":true}]}}