{"id":9870,"date":"2024-07-04T10:37:33","date_gmt":"2024-07-04T07:37:33","guid":{"rendered":"https:\/\/www.greenpeace.org\/romania\/?p=9870"},"modified":"2026-04-02T13:14:04","modified_gmt":"2026-04-02T10:14:04","slug":"greenpeace-cere-demisia-ministrului-mediului-mircea-fechet-dupa-emiterea-acordului-de-mediu-pentru-proiectul-neptun-deep","status":"publish","type":"post","link":"https:\/\/www.greenpeace.org\/romania\/articol\/9870\/greenpeace-cere-demisia-ministrului-mediului-mircea-fechet-dupa-emiterea-acordului-de-mediu-pentru-proiectul-neptun-deep\/","title":{"rendered":"Greenpeace cere demisia ministrului Mediului, Mircea Fechet, dup\u0103 emiterea acordului de mediu pentru proiectul Neptun Deep"},"content":{"rendered":"\n<p><em>Organiza\u021bia de mediu Greenpeace condamn\u0103 emiterea acordului de mediu pentru proiectul Neptun Deep: \u201eO procedur\u0103 viciat\u0103 \u0219i executat\u0103 pe repede \u00eenainte f\u0103r\u0103 a lua \u00een considerare \u00eengrijor\u0103rile oamenilor\u201d.\u00a0<\/em><\/p>\n\n<figure class=\"wp-block-image size-large\"><img loading=\"lazy\" decoding=\"async\" width=\"1024\" height=\"684\" src=\"https:\/\/www.greenpeace.org\/static\/planet4-romania-stateless\/2024\/07\/808d0780-78433-1-1024x684.jpg\" alt=\"\" class=\"wp-image-9871\" srcset=\"https:\/\/www.greenpeace.org\/static\/planet4-romania-stateless\/2024\/07\/808d0780-78433-1-1024x684.jpg 1024w, https:\/\/www.greenpeace.org\/static\/planet4-romania-stateless\/2024\/07\/808d0780-78433-1-300x200.jpg 300w, https:\/\/www.greenpeace.org\/static\/planet4-romania-stateless\/2024\/07\/808d0780-78433-1-768x513.jpg 768w, https:\/\/www.greenpeace.org\/static\/planet4-romania-stateless\/2024\/07\/808d0780-78433-1-1536x1027.jpg 1536w, https:\/\/www.greenpeace.org\/static\/planet4-romania-stateless\/2024\/07\/808d0780-78433-1-510x340.jpg 510w, https:\/\/www.greenpeace.org\/static\/planet4-romania-stateless\/2024\/07\/808d0780-78433-1.jpg 1616w\" sizes=\"auto, (max-width: 1024px) 100vw, 1024px\" \/><\/figure>\n\n<p><strong>4 iulie, Bucure\u0219ti &#8211; <\/strong>Activi\u0219tii Greenpeace au protestat \u00een fa\u021ba sediului Ministerului Mediului, cer\u00e2nd demisia ministrului Mediului, Mircea Fechet. Acest protest vine ca urmare a emiterii acordului de mediu pentru proiectul Neptun Deep, dup\u0103 ce 11.000 de oameni s-au al\u0103turat apelului organiza\u021biei de a respinge acordul \u0219i peste 24.000 de oameni au semnat peti\u021bia pentru protejarea M\u0103rii Negre. Ei acuz\u0103 ministerul c\u0103 au ignorat \u00eengrijor\u0103rile oamenilor \u0219i au aprobat un proiect care prezint\u0103 numeroase riscuri \u0219i probleme:<\/p>\n\n<ul class=\"wp-block-list\">\n<li class=\"has-medium-font-size\"><strong>Lipsa transparen\u021bei<\/strong>: Autorit\u0103\u021bile rom\u00e2ne nu au publicat detalii privind substan\u021bele toxice ce vor fi deversate \u00een Marea Neagr\u0103 .<\/li>\n\n\n\n<li class=\"has-medium-font-size\"><strong>Riscul minelor marine<\/strong>: Proiectul se va desf\u0103\u0219ura \u00een proximitatea unei zone de conflict, f\u0103r\u0103 a se evalua impactul minelor marine sau a se propune m\u0103suri de prevenire a riscurilor de explozie.<\/li>\n\n\n\n<li class=\"has-medium-font-size\"><strong>Emisii de CO2<\/strong>: Se estimeaz\u0103 c\u0103 proiectul va genera peste 200 de de milioane de tone de CO2, agrav\u00e2nd fenomenul schimb\u0103rilor climatice, printre care se num\u0103r\u0103 valurile de canicul\u0103, seceta, incendiile forestiere \u0219i inunda\u021biile.<\/li>\n\n\n\n<li class=\"has-medium-font-size\"><strong>Impactul asupra biodiversit\u0103\u021bii<\/strong>: Marea Neagr\u0103 se confrunt\u0103 deja cu multiple presiuni &#8211; poluare, microplastic, exces de nutrien\u021bi chimici, turism agresiv \u0219i pescuit ilegal. Delfinii din Marea Neagr\u0103 sunt grav amenin\u021ba\u021bi de aceste probleme, iar un nou proiect de exploatare petrolier\u0103 nu va face dec\u00e2t s\u0103 \u00eenr\u0103ut\u0103\u021beasc\u0103 situa\u021bia.<\/li>\n\n\n\n<li class=\"has-medium-font-size\"><strong>Metodologii incomplete<\/strong>: Raportul integrat de mediu nu respect\u0103 cerin\u021bele ghidurilor metodologice \u0219i este incomplet.<\/li>\n\n\n\n<li class=\"has-medium-font-size\"><strong>Deficien\u021bele platformelor existente<\/strong>: <a href=\"https:\/\/www.greenpeace.org\/romania\/articol\/9513\/pericol-pe-o-platforma-omv-petrom-din-marea-neagra\/\">Fotografiile<\/a> arat\u0103 c\u0103 platformele OMV Petrom prezint\u0103 deficien\u021be majore \u0219i neconformit\u0103\u021bi, pun\u00e2nd \u00een pericol Marea Neagr\u0103. OMV Petrom nu a clarificat situa\u021bia acestor platforme.<\/li>\n\n\n\n<li class=\"has-medium-font-size\"><strong>Consult\u0103ri publice insuficiente<\/strong>: Consult\u0103rile organizate au fost superficiale, at\u00e2t \u00een Rom\u00e2nia, c\u00e2t \u0219i \u00een Bulgaria.<\/li>\n<\/ul>\n\n<figure class=\"wp-block-image size-large\"><img loading=\"lazy\" decoding=\"async\" width=\"1024\" height=\"684\" src=\"https:\/\/www.greenpeace.org\/static\/planet4-romania-stateless\/2024\/07\/c54dc10f-99601-1024x684.jpg\" alt=\"\" class=\"wp-image-9872\" srcset=\"https:\/\/www.greenpeace.org\/static\/planet4-romania-stateless\/2024\/07\/c54dc10f-99601-1024x684.jpg 1024w, https:\/\/www.greenpeace.org\/static\/planet4-romania-stateless\/2024\/07\/c54dc10f-99601-300x200.jpg 300w, https:\/\/www.greenpeace.org\/static\/planet4-romania-stateless\/2024\/07\/c54dc10f-99601-768x513.jpg 768w, https:\/\/www.greenpeace.org\/static\/planet4-romania-stateless\/2024\/07\/c54dc10f-99601-1536x1027.jpg 1536w, https:\/\/www.greenpeace.org\/static\/planet4-romania-stateless\/2024\/07\/c54dc10f-99601-510x340.jpg 510w, https:\/\/www.greenpeace.org\/static\/planet4-romania-stateless\/2024\/07\/c54dc10f-99601.jpg 1616w\" sizes=\"auto, (max-width: 1024px) 100vw, 1024px\" \/><\/figure>\n\n<p><em>\u201eAm venit ast\u0103zi la Ministerul Mediului s\u0103 \u00eei solicit\u0103m domnului Fechet s\u0103 fac\u0103 un pas \u00een spate. A gestionat dezastruos \u0219i iresponsabil eliberarea acordului de mediu pentru proiectul Neptun Deep. P\u00e2n\u0103 \u00een acest moment, niciun reprezentant de la nivelul Ministerului Mediului nu a ie\u0219it public s\u0103 ofere un r\u0103spuns pentru problemele pe care le-am ridicat &#8211; riscul minelor marine, substan\u021bele toxice deversate \u00een mare, lipsa consult\u0103rilor publice, sutele de milioane de tone de CO2 emise \u00een atmosfer\u0103. \u0218i nimeni nu ne explic\u0103 cum OMV Petrom, care opereaz\u0103 platforme cu piloni cr\u0103pa\u021bi \u0219i rugini\u021bi \u00een Marea Neagr\u0103, prime\u0219te cu at\u00e2ta u\u0219urin\u021b\u0103 acordul de mediu. Aten\u021bie! Nu e un acord de mediu pentru construc\u021bia unui imobil pe malul m\u0103rii. Este vorba de un acord pentru cel mai mare proiect de exploatare a gazelor fosile din Uniunea European\u0103, proiect care va fi opera\u021bional mai mult de 20 de ani,\u00a0 care va impacta iremediabil via\u021ba s\u0103lbatic\u0103 din Marea Neagr\u0103 \u0219i care va alimenta \u0219i mai mult criza climatic\u0103 cu care ne confrunt\u0103m! Domnule Fechet, demisia! Nu mai reprezenta\u021bi interesele cet\u0103\u021benilor rom\u00e2ni, ci ale marilor poluatori.<\/em>\u201d a declarat Vlad C\u0103tun\u0103, Coordonator de Campanii, Greenpeace Rom\u00e2nia.<\/p>\n\n<p>Greenpeace Rom\u00e2nia a ac\u021bionat \u00een instan\u021b\u0103 companiile OMV Petrom \u0219i Romgaz, Prim\u0103ria \u0219i Consiliul Local Tuzla, Administra\u021bia Bazinal\u0103 de Ap\u0103 Dobrogea Litoral \u0219i Institutul Na\u021bional de Cercetare-Dezvoltare Marin\u0103 \u201eGrigore Antipa\u201d pentru nereguli \u00een procesele de aprobare \u0219i lips\u0103 de transparen\u021b\u0103 \u00een leg\u0103tur\u0103 cu date cruciale ce vizeaz\u0103 substan\u021bele toxice ce vor fi deversate \u00een Marea Neagr\u0103. De asemenea, organiza\u021bia de mediu a lansat o peti\u021bie pentru protejarea M\u0103rii Negre \u0219i oprirea proiectului Neptun Deep: <a href=\"https:\/\/suport.greenpeace.ro\/salvammareaneagra\">https:\/\/suport.greenpeace.ro\/salvammareaneagra<\/a><\/p>\n","protected":false},"excerpt":{"rendered":"<p>Organiza\u021bia de mediu Greenpeace condamn\u0103 emiterea acordului de mediu pentru proiectul Neptun Deep: \u201eO procedur\u0103 viciat\u0103 \u0219i executat\u0103 pe repede \u00eenainte f\u0103r\u0103 a lua \u00een considerare \u00eengrijor\u0103rile oamenilor\u201d.\u00a0<\/p>\n","protected":false},"author":34,"featured_media":9871,"comment_status":"open","ping_status":"closed","sticky":false,"template":"","format":"standard","meta":{"ep_exclude_from_search":false,"p4_og_title":"","p4_og_description":"","p4_og_image":"","p4_og_image_id":"","p4_seo_canonical_url":"","p4_campaign_name":"","p4_local_project":"","p4_basket_name":"","p4_department":"","footnotes":""},"categories":[2,31],"tags":[19,117,115,36,27,68,102,125,60,119,35,97,26],"p4-page-type":[],"class_list":["post-9870","post","type-post","status-publish","format-standard","has-post-thumbnail","hentry","category-clima-si-energie","category-greenpeace","tag-biodiversitate","tag-clima-1","tag-climatejustice-1","tag-criza-climatica","tag-democratie-1","tag-energie","tag-gaz-fosil-2","tag-marea-neagra-gaz-fosil","tag-natura","tag-oceane","tag-poluare","tag-schimbari-climatice","tag-activism"],"_links":{"self":[{"href":"https:\/\/www.greenpeace.org\/romania\/wp-json\/wp\/v2\/posts\/9870","targetHints":{"allow":["GET"]}}],"collection":[{"href":"https:\/\/www.greenpeace.org\/romania\/wp-json\/wp\/v2\/posts"}],"about":[{"href":"https:\/\/www.greenpeace.org\/romania\/wp-json\/wp\/v2\/types\/post"}],"author":[{"embeddable":true,"href":"https:\/\/www.greenpeace.org\/romania\/wp-json\/wp\/v2\/users\/34"}],"replies":[{"embeddable":true,"href":"https:\/\/www.greenpeace.org\/romania\/wp-json\/wp\/v2\/comments?post=9870"}],"version-history":[{"count":1,"href":"https:\/\/www.greenpeace.org\/romania\/wp-json\/wp\/v2\/posts\/9870\/revisions"}],"predecessor-version":[{"id":9873,"href":"https:\/\/www.greenpeace.org\/romania\/wp-json\/wp\/v2\/posts\/9870\/revisions\/9873"}],"wp:featuredmedia":[{"embeddable":true,"href":"https:\/\/www.greenpeace.org\/romania\/wp-json\/wp\/v2\/media\/9871"}],"wp:attachment":[{"href":"https:\/\/www.greenpeace.org\/romania\/wp-json\/wp\/v2\/media?parent=9870"}],"wp:term":[{"taxonomy":"category","embeddable":true,"href":"https:\/\/www.greenpeace.org\/romania\/wp-json\/wp\/v2\/categories?post=9870"},{"taxonomy":"post_tag","embeddable":true,"href":"https:\/\/www.greenpeace.org\/romania\/wp-json\/wp\/v2\/tags?post=9870"},{"taxonomy":"p4-page-type","embeddable":true,"href":"https:\/\/www.greenpeace.org\/romania\/wp-json\/wp\/v2\/p4-page-type?post=9870"}],"curies":[{"name":"wp","href":"https:\/\/api.w.org\/{rel}","templated":true}]}}