{"id":9884,"date":"2024-07-11T14:13:33","date_gmt":"2024-07-11T11:13:33","guid":{"rendered":"https:\/\/www.greenpeace.org\/romania\/?p=9884"},"modified":"2026-04-02T13:25:55","modified_gmt":"2026-04-02T10:25:55","slug":"o-lupta-castigata-pentru-natura","status":"publish","type":"post","link":"https:\/\/www.greenpeace.org\/romania\/articol\/9884\/o-lupta-castigata-pentru-natura\/","title":{"rendered":"O lupt\u0103 c\u00e2\u0219tigat\u0103 pentru natur\u0103"},"content":{"rendered":"\n<p>Oamenii ac\u021bioneaz\u0103 \u0219i lupt\u0103 pentru mediu, se opun distrugerii naturii \u0219i iau la \u00eentreb\u0103ri deciziile autorit\u0103\u021bilor care i-au l\u0103sat f\u0103r\u0103 \u201epl\u0103m\u00e2nii\u201d comunit\u0103\u021bii lor. Aceast\u0103 mi\u0219care poate nu este la fel de vizibil\u0103 precum protestele din strad\u0103, dar este o mi\u0219care puternic\u0103, care ne reune\u0219te sub idealul de a proteja natura. Una dintre situa\u021biile \u00een care ne-am implicat \u00een ultima lun\u0103 prive\u0219te o astfel de distrugere.&nbsp;<\/p>\n\n<figure class=\"wp-block-image size-large is-resized\"><img loading=\"lazy\" decoding=\"async\" width=\"768\" height=\"1024\" src=\"https:\/\/www.greenpeace.org\/static\/planet4-romania-stateless\/2024\/07\/50cb78f3-unnamed-2-1-768x1024.webp\" alt=\"\" class=\"wp-image-9887\" style=\"width:737px;height:auto\" srcset=\"https:\/\/www.greenpeace.org\/static\/planet4-romania-stateless\/2024\/07\/50cb78f3-unnamed-2-1-768x1024.webp 768w, https:\/\/www.greenpeace.org\/static\/planet4-romania-stateless\/2024\/07\/50cb78f3-unnamed-2-1-225x300.webp 225w, https:\/\/www.greenpeace.org\/static\/planet4-romania-stateless\/2024\/07\/50cb78f3-unnamed-2-1-1025x1366.webp 1025w, https:\/\/www.greenpeace.org\/static\/planet4-romania-stateless\/2024\/07\/50cb78f3-unnamed-2-1-255x340.webp 255w, https:\/\/www.greenpeace.org\/static\/planet4-romania-stateless\/2024\/07\/50cb78f3-unnamed-2-1.webp 1120w\" sizes=\"auto, (max-width: 768px) 100vw, 768px\" \/><\/figure>\n\n<p>Totul a \u00eenceput \u00een comuna Corbeni, jude\u021bul Arge\u0219, unde un cresc\u0103tor de animale dedicat \u0219i iubitor al naturii, ne-a sesizat despre construc\u021bia ilegal\u0103 a unui drum pe creasta mun\u021bilor, \u00eentr-o arie protejat\u0103. \u00cen aceast\u0103 zon\u0103 se g\u0103sesc specii rare precum bujorul de munte, floarea de col\u021b \u0219i marmota, toate amenin\u021bate de utilajele grele care au \u00eenceput s\u0103 distrug\u0103 flora montan\u0103 \u0219i s\u0103 erodeze solul. Este o zon\u0103 apropiat\u0103 de o p\u0103dure cu care avem o leg\u0103tur\u0103 puternic\u0103 pentru c\u0103 am fost acolo, am m\u0103surat-o \u0219i am reu\u0219it s\u0103 o includem \u00een Catalogul P\u0103durilor Virgine. C\u00e2nd am auzit despre acest caz, interven\u021bia noastr\u0103 a fost prompt\u0103: am sesizat Garda de Mediu \u0219i Jandarmeria, iar \u00een scurt timp, echipele noastre au fost pe teren pentru a evalua situa\u021bia. De\u0219i am \u00eent\u00e2mpinat dificult\u0103\u021bi de a comunica \u00een timp real cu comunitatea noastr\u0103, deoarece semnalul \u00een zon\u0103 era aproape inexistent, am reu\u0219it s\u0103 str\u00e2ngem dovezi.<\/p>\n\n<figure class=\"wp-block-image size-large\"><img loading=\"lazy\" decoding=\"async\" width=\"1024\" height=\"768\" src=\"https:\/\/www.greenpeace.org\/static\/planet4-romania-stateless\/2024\/07\/1e768cf3-f994-44c0-b555-fdfb02f010b3-1-1024x768.webp\" alt=\"\" class=\"wp-image-9886\" srcset=\"https:\/\/www.greenpeace.org\/static\/planet4-romania-stateless\/2024\/07\/1e768cf3-f994-44c0-b555-fdfb02f010b3-1-1024x768.webp 1024w, https:\/\/www.greenpeace.org\/static\/planet4-romania-stateless\/2024\/07\/1e768cf3-f994-44c0-b555-fdfb02f010b3-1-300x225.webp 300w, https:\/\/www.greenpeace.org\/static\/planet4-romania-stateless\/2024\/07\/1e768cf3-f994-44c0-b555-fdfb02f010b3-1-768x576.webp 768w, https:\/\/www.greenpeace.org\/static\/planet4-romania-stateless\/2024\/07\/1e768cf3-f994-44c0-b555-fdfb02f010b3-1-453x340.webp 453w, https:\/\/www.greenpeace.org\/static\/planet4-romania-stateless\/2024\/07\/1e768cf3-f994-44c0-b555-fdfb02f010b3-1.webp 1120w\" sizes=\"auto, (max-width: 1024px) 100vw, 1024px\" \/><\/figure>\n\n<p>Pe 19 iunie, \u00eempreun\u0103 cu Jandarmeria, Garda de Mediu, ANANP \u0219i Euronews, am inspectat zona la cota 2000 din F\u0103g\u0103ra\u0219. Am fost \u0219oca\u021bi s\u0103 descoperim c\u0103 un antreprenor local a distrus covorul vegetal pe o lungime de aproximativ 500 de metri, f\u0103r\u0103 nicio autoriza\u021bie. \u00cen plus, zona se afl\u0103 \u00een situl Natura 2000 \u0219i \u00een rezerva\u021bia golului alpin Moldoveanu-Capra, f\u0103c\u00e2nd aceast\u0103 interven\u021bie ilegal\u0103 \u0219i extrem de d\u0103un\u0103toare.<\/p>\n\n<p>Conform&nbsp; Agentia Nationala pentru Arii Naturale Protejate, ANANP, niciun document nu a fost trimis pentru aprobarea acestui drum. Raportul Jandarmeriei a fost \u00eenaintat IPJ Arge\u0219 \u0219i Poli\u021biei din Curtea de Arge\u0219 pentru solu\u021bionarea cazului \u0219i tragerea la r\u0103spundere a celor vinova\u021bi.&nbsp;<\/p>\n\n<p>La \u00eenceputul lunii iulie, am revenit cu noi informa\u021bii despre situa\u021bia de la Mu\u0219eteica. Investiga\u021biile au confirmat c\u0103 drumul a fost construit ilegal \u0219i a distrus un habitat natural deosebit de important. \u00cen urma presiunilor noastre, autorit\u0103\u021bile au decis c\u0103 zona trebuie ref\u0103cut\u0103 \u0219i adus\u0103 la starea ini\u021bial\u0103 p\u00e2n\u0103 pe 26 iulie 2024, sub supravegherea Agen\u021biei Na\u021bionale pentru Arii Naturale Protejate. De asemenea, societatea responsabil\u0103 a fost amendat\u0103 cu 60.000 RON pentru aceste ac\u021biuni d\u0103un\u0103toare.<\/p>\n\n<p><strong>Ajutorul T\u0102U Conteaz\u0103<\/strong><\/p>\n\n<p><strong>Pentru a continua s\u0103 protej\u0103m asemenea ecosisteme \u0219i s\u0103 lupt\u0103m \u00eempotriva ac\u021biunilor ilegale care amenin\u021b\u0103 mediul, avem nevoie de sprijinul t\u0103u.&nbsp;<\/strong>Dona\u021biile sunt esen\u021biale pentru a sus\u021bine astfel de interven\u021bii \u0219i pentru a asigura c\u0103 biodiversitatea unic\u0103 a Rom\u00e2niei este protejat\u0103.&nbsp;<\/p>\n\n<p>\u00cempreun\u0103 avem puterea s\u0103 protej\u0103m Carpa\u021bii \u0219i s\u0103 ne asigur\u0103m c\u0103 frumuse\u021bea natural\u0103 a p\u0103durilor noastre r\u0103m\u00e2ne intact\u0103 pentru genera\u021biile viitoare.&nbsp;<\/p>\n\n<div class=\"wp-block-buttons is-content-justification-left is-layout-flex wp-container-core-buttons-is-layout-23b93fc6 wp-block-buttons-is-layout-flex\">\n<div class=\"wp-block-button has-custom-width wp-block-button__width-100 has-custom-font-size is-style-cta has-medium-font-size\"><a class=\"wp-block-button__link has-white-color has-green-500-background-color has-text-color has-background has-link-color has-text-align-center wp-element-button\" href=\"https:\/\/act.greenpeace.ro\/doneaza\/carpati\/?utm_campaign=Forests&amp;utm_source=hs_email&amp;utm_medium=email&amp;_hsenc=p2ANqtz--NlHrRsAbdpYVSUd2SfVg0HST23EKEWl-4P7JK1DjnP1yYZTeSyyxSCQWHprDyMUgT2BRc\">Doneaz\u0103 acum pentru a sus\u021bine misiunea Greenpeace de protejare a naturii<\/a><\/div>\n<\/div>\n\n<p>Contribu\u021bia ta va alimenta eforturile noastre de a ne ridica \u00eempotriva celor care distrug natura.<\/p>\n\n<p>P.S.: \ud83c\udf32P\u0103durile sunt aerul condi\u021bionat al naturii. Oare cum ar fi ar\u0103tat temperaturile din Rom\u00e2nia azi, dac\u0103 am fi protejat strict mai mult dec\u00e2t 1% dintre p\u0103duri?\u00a0<\/p>\n","protected":false},"excerpt":{"rendered":"<p>\u00cempreun\u0103 avem puterea s\u0103 protej\u0103m Carpa\u021bii \u0219i s\u0103 ne asigur\u0103m c\u0103 frumuse\u021bea natural\u0103 a p\u0103durilor noastre r\u0103m\u00e2ne intact\u0103 pentru genera\u021biile viitoare.\u00a0<\/p>\n","protected":false},"author":56,"featured_media":9885,"comment_status":"open","ping_status":"closed","sticky":false,"template":"","format":"standard","meta":{"ep_exclude_from_search":false,"p4_og_title":"","p4_og_description":"","p4_og_image":"","p4_og_image_id":"","p4_seo_canonical_url":"","p4_campaign_name":"","p4_local_project":"","p4_basket_name":"","p4_department":"","footnotes":""},"categories":[31,3],"tags":[19,60,26,7],"p4-page-type":[],"class_list":["post-9884","post","type-post","status-publish","format-standard","has-post-thumbnail","hentry","category-greenpeace","category-paduri","tag-biodiversitate","tag-natura","tag-activism","tag-energie-regenerabila"],"_links":{"self":[{"href":"https:\/\/www.greenpeace.org\/romania\/wp-json\/wp\/v2\/posts\/9884","targetHints":{"allow":["GET"]}}],"collection":[{"href":"https:\/\/www.greenpeace.org\/romania\/wp-json\/wp\/v2\/posts"}],"about":[{"href":"https:\/\/www.greenpeace.org\/romania\/wp-json\/wp\/v2\/types\/post"}],"author":[{"embeddable":true,"href":"https:\/\/www.greenpeace.org\/romania\/wp-json\/wp\/v2\/users\/56"}],"replies":[{"embeddable":true,"href":"https:\/\/www.greenpeace.org\/romania\/wp-json\/wp\/v2\/comments?post=9884"}],"version-history":[{"count":3,"href":"https:\/\/www.greenpeace.org\/romania\/wp-json\/wp\/v2\/posts\/9884\/revisions"}],"predecessor-version":[{"id":9890,"href":"https:\/\/www.greenpeace.org\/romania\/wp-json\/wp\/v2\/posts\/9884\/revisions\/9890"}],"wp:featuredmedia":[{"embeddable":true,"href":"https:\/\/www.greenpeace.org\/romania\/wp-json\/wp\/v2\/media\/9885"}],"wp:attachment":[{"href":"https:\/\/www.greenpeace.org\/romania\/wp-json\/wp\/v2\/media?parent=9884"}],"wp:term":[{"taxonomy":"category","embeddable":true,"href":"https:\/\/www.greenpeace.org\/romania\/wp-json\/wp\/v2\/categories?post=9884"},{"taxonomy":"post_tag","embeddable":true,"href":"https:\/\/www.greenpeace.org\/romania\/wp-json\/wp\/v2\/tags?post=9884"},{"taxonomy":"p4-page-type","embeddable":true,"href":"https:\/\/www.greenpeace.org\/romania\/wp-json\/wp\/v2\/p4-page-type?post=9884"}],"curies":[{"name":"wp","href":"https:\/\/api.w.org\/{rel}","templated":true}]}}