{"id":9920,"date":"2024-07-19T12:27:59","date_gmt":"2024-07-19T09:27:59","guid":{"rendered":"https:\/\/www.greenpeace.org\/romania\/?p=9920"},"modified":"2025-03-13T12:48:03","modified_gmt":"2025-03-13T10:48:03","slug":"stocarea-pentru-prosumatori-ce-intrebari-ar-trebui-sa-si-puna-legiuitorii-inainte-de-orice","status":"publish","type":"post","link":"https:\/\/www.greenpeace.org\/romania\/articol\/9920\/stocarea-pentru-prosumatori-ce-intrebari-ar-trebui-sa-si-puna-legiuitorii-inainte-de-orice\/","title":{"rendered":"Stocarea pentru prosumatori: ce \u00eentreb\u0103ri ar trebui s\u0103-\u0219i pun\u0103 legiuitorii \u00eenainte de orice?"},"content":{"rendered":"\n<p>Din senin, cu o zi \u00eenainte de vacan\u021ba parlamentar\u0103, ale\u0219ii no\u0219tri au decis s\u0103 <a href=\"https:\/\/e-nergia.ro\/prosumatorii-cu-instalatii-mai-mari-vor-fi-obligati-sa-isi-instaleze-baterii-in-caz-contrar-se-limiteaza-injectia-in-retea-lege-votata-in-parlament\">introduc\u0103<\/a> obligativitatea stoc\u0103rii energiei pentru prosumatori. Modificarea legislativ\u0103 nu e foarte clar\u0103, con\u021bine din start unele erori \u0219i a venit cu un iz de pedeaps\u0103 pentru cei care au ales s\u0103-\u0219i produc\u0103 singuri energia \u0219i care au respectat toate legile \u00een vigoare.&nbsp;<\/p>\n\n<p>Au comentat deja pe acest subiect, prezent\u00e2nd \u0219i destule argumente, <a href=\"https:\/\/asociatiaprosumatorilor.ro\/miercurea-neagra-din-parlamentul-romaniei\/\">APCE<\/a> \u0219i <a href=\"https:\/\/e-nergia.ro\/patres-cere-presedintelui-sa-nu-promulge-legea-care-obliga-prosumatorii-sa-cumpere-baterii-marile-probleme-ale-legii\">PATRES<\/a>. Mult mai relaxat a fost ministrul Energiei, Sebastian Burduja, a c\u0103rui <a href=\"https:\/\/e-nergia.ro\/burduja-2027-este-un-termen-suficient-pentru-ca-prosumatorii-sa-si-poata-instala-capacitati-de-stocare-va-caua-insa-granturi-pentru-ei\">opinie<\/a> este c\u0103 p\u00e2n\u0103 \u00een 2027 e suficient timp pentru conformare. Ministrul Burduja a promis, de altfel, c\u0103 va avea o discu\u021bie cu ministrul Mediului pentru a se putea identifica surse pentru ca prosumatorii actuali s\u0103 poat\u0103 primi granturi pentru instalarea de baterii. Din p\u0103cate, \u0219tim cam c\u00e2t valoreaz\u0103 acest tip de promisiuni de la oamenii politici\u2026&nbsp;<\/p>\n\n<p>Din fericire, f\u0103r\u0103 a avea totu\u0219i un merit deosebit, pre\u0219edintele Klaus Iohannis <a href=\"https:\/\/www.g4media.ro\/presedinte-iohannis-trimite-la-reexaminare-legea-care-obliga-prosumatorii-sa-instaleze-capacitati-de-stocare-a-energiei-produse.html\">a trimis legea la reexaminare<\/a>, pe motiv c\u0103 noile prevederi, de\u0219i necesare pe fond, \u201esunt inoportune \u0219i inaplicabile\u201d \u0219i ar putea avea un efect de descurajare a instal\u0103rii de panouri fotovoltaice.<\/p>\n\n<p>A\u0219a c\u0103 aceast\u0103 criz\u0103 pare ca s-a \u00eencheiat pentru moment, dar \u00een realitate e doar una dintre amenin\u021b\u0103rile ce apar periodic la adresa prosumatorilor. E c\u00e2t se poate de trist c\u0103 prosumatorii sunt considera\u021bi o <a href=\"https:\/\/www.greenpeace.org\/romania\/articol\/9024\/de-ce-sunt-prosumatorii-o-problema\/\">problem\u0103<\/a>, \u0219i nu o solu\u021bie. Tocmai ei, care al\u0103turi de comunit\u0103\u021bile de energie, ar trebui s\u0103 fie parte a viitorului pe care ni-l dorim, curat \u0219i descentralizat.<\/p>\n\n<p>\u00cen loc s\u0103 voteze legi pe care nu le \u00een\u021beleg (<a href=\"https:\/\/www.facebook.com\/adi.mosoianu\/videos\/389377440804409\">clipul acesta<\/a> e revelator), parlamentarii la care se \u00eentoarce legea ar putea s\u0103-\u0219i adreseze sau s\u0103 caute r\u0103spuns la \u00eentreb\u0103ri simple precum:<\/p>\n\n<ul class=\"wp-block-list\">\n<li>Pe ce date ne baz\u0103m atunci c\u00e2nd lu\u0103m aceast\u0103 m\u0103sur\u0103 \u0219i cum poate fi verificat\u0103 corectitudinea lor?<\/li>\n\n\n\n<li>E \u00een acord cu legisla\u021bia U.E.? Ce alte state membre ale U.E. au o astfel de obliga\u021bie? Dac\u0103 ea e implementat\u0103 undeva, care sunt detaliile \u0219i care a fost impactul?\u00a0<\/li>\n\n\n\n<li>Care ar fi impactul prognozat asupra sistemului energetic? Va rezolva aceast\u0103 m\u0103sur\u0103 problemele legate de varia\u021biile de tensiune din re\u021bea? \u00cen ce propor\u021bie?<\/li>\n\n\n\n<li>C\u00e2\u021bi prosumatori vor fi afecta\u021bi de aceast\u0103 m\u0103sur\u0103? \u0218i dac\u0103 impactul este mare, cum vor fi consulta\u021bi cei afecta\u021bi?<\/li>\n\n\n\n<li>Cu c\u00e2t vor cre\u0219te costurile pentru a deveni prosumator?<\/li>\n\n\n\n<li>Care ar fi efortul financiar necesar pentru implementarea legii \u0219i c\u00e2t din el ar putea fi sprijinit de stat?<\/li>\n\n\n\n<li>Care sunt alternativele? Exist\u0103 m\u0103suri mai eficiente care se pot lua \u00een sectorul energetic?\u00a0<\/li>\n<\/ul>\n\n<p>\u00cens\u0103 guvernan\u021bii \u0219i al\u021bi deciden\u021bi nu pot veni cu solu\u021bii rezonabile, g\u00e2ndite, la dificult\u0103\u021bile pe care le traverseaz\u0103 sectorul energetic rom\u00e2nesc. Voin\u021ba politic\u0103 de a face tranzi\u021bie energetic\u0103 e \u00een continuare doar mimat\u0103, schimb\u0103rile benefice vin mai mereu \u00een urma presiunilor U.E.&nbsp;<\/p>\n\n<p>Tr\u0103im un mare paradox. Teoretic, \u021bara noastr\u0103 s-a angajat s\u0103 devin\u0103 neutr\u0103 climatic p\u00e2n\u0103 \u00een 2050. Dar, pute\u021bi s\u0103 nominaliza\u021bi un politician rom\u00e2n care sus\u021bine constant \u0219i cu idei coerente tranzi\u021bia energetic\u0103, l\u0103s\u00e2nd \u00een urm\u0103 combustibilii fosili?<\/p>\n","protected":false},"excerpt":{"rendered":"<p>Cu o zi \u00eenainte de vacan\u021ba parlamentar\u0103, ale\u0219ii no\u0219tri au decis s\u0103 introduc\u0103 obligativitatea stoc\u0103rii energiei pentru prosumatori. Modificarea legislativ\u0103 nu e foarte clar\u0103, con\u021bine din start unele erori \u0219i a venit cu un iz de pedeaps\u0103 pentru cei care au ales s\u0103-\u0219i produc\u0103 singuri energia \u0219i care au respectat toate legile \u00een vigoare.\u00a0<\/p>\n","protected":false},"author":34,"featured_media":9921,"comment_status":"open","ping_status":"closed","sticky":false,"template":"","format":"standard","meta":{"ep_exclude_from_search":false,"p4_og_title":"Stocarea pentru prosumatori: ce \u00eentreb\u0103ri ar trebui s\u0103-\u0219i pun\u0103 legiuitorii \u00eenainte de orice","p4_og_description":"Tr\u0103im un mare paradox. Teoretic, \u021bara noastr\u0103 s-a angajat s\u0103 devin\u0103 neutr\u0103 climatic p\u00e2n\u0103 \u00een 2050. Dar, pute\u021bi s\u0103 nominaliza\u021bi un politician rom\u00e2n care sus\u021bine constant \u0219i cu idei coerente tranzi\u021bia energetic\u0103, l\u0103s\u00e2nd \u00een urm\u0103 combustibilii fosili?","p4_og_image":"https:\/\/www.greenpeace.org\/static\/planet4-romania-stateless\/2024\/07\/e45e0c8d-download-4.jpg","p4_og_image_id":"9921","p4_seo_canonical_url":"","p4_campaign_name":"","p4_local_project":"","p4_basket_name":"","p4_department":"","footnotes":""},"categories":[2,31],"tags":[112],"p4-page-type":[],"class_list":["post-9920","post","type-post","status-publish","format-standard","has-post-thumbnail","hentry","category-clima-si-energie","category-greenpeace","tag-comunitati-de-energie-1"],"_links":{"self":[{"href":"https:\/\/www.greenpeace.org\/romania\/wp-json\/wp\/v2\/posts\/9920","targetHints":{"allow":["GET"]}}],"collection":[{"href":"https:\/\/www.greenpeace.org\/romania\/wp-json\/wp\/v2\/posts"}],"about":[{"href":"https:\/\/www.greenpeace.org\/romania\/wp-json\/wp\/v2\/types\/post"}],"author":[{"embeddable":true,"href":"https:\/\/www.greenpeace.org\/romania\/wp-json\/wp\/v2\/users\/34"}],"replies":[{"embeddable":true,"href":"https:\/\/www.greenpeace.org\/romania\/wp-json\/wp\/v2\/comments?post=9920"}],"version-history":[{"count":1,"href":"https:\/\/www.greenpeace.org\/romania\/wp-json\/wp\/v2\/posts\/9920\/revisions"}],"predecessor-version":[{"id":9922,"href":"https:\/\/www.greenpeace.org\/romania\/wp-json\/wp\/v2\/posts\/9920\/revisions\/9922"}],"wp:featuredmedia":[{"embeddable":true,"href":"https:\/\/www.greenpeace.org\/romania\/wp-json\/wp\/v2\/media\/9921"}],"wp:attachment":[{"href":"https:\/\/www.greenpeace.org\/romania\/wp-json\/wp\/v2\/media?parent=9920"}],"wp:term":[{"taxonomy":"category","embeddable":true,"href":"https:\/\/www.greenpeace.org\/romania\/wp-json\/wp\/v2\/categories?post=9920"},{"taxonomy":"post_tag","embeddable":true,"href":"https:\/\/www.greenpeace.org\/romania\/wp-json\/wp\/v2\/tags?post=9920"},{"taxonomy":"p4-page-type","embeddable":true,"href":"https:\/\/www.greenpeace.org\/romania\/wp-json\/wp\/v2\/p4-page-type?post=9920"}],"curies":[{"name":"wp","href":"https:\/\/api.w.org\/{rel}","templated":true}]}}